{"id":11598,"date":"2022-01-15T09:00:30","date_gmt":"2022-01-15T08:00:30","guid":{"rendered":"https:\/\/loscordonesquemeatocadadia.com\/es\/?p=11598"},"modified":"2022-01-16T10:02:53","modified_gmt":"2022-01-16T09:02:53","slug":"la-alpujarra-granadina-y-sus-tres-joyas-empaquetadas-en-el-espacio-intermamario-del-barranco-de-poqueira-capileira-bubion-y-pampaneira-la-sublevacion-morisca-de-1568-y-una-historia-de-amor-parte-1","status":"publish","type":"post","link":"https:\/\/loscordonesquemeatocadadia.com\/es\/2022\/01\/15\/la-alpujarra-granadina-y-sus-tres-joyas-empaquetadas-en-el-espacio-intermamario-del-barranco-de-poqueira-capileira-bubion-y-pampaneira-la-sublevacion-morisca-de-1568-y-una-historia-de-amor-parte-1\/","title":{"rendered":"La Alpujarra granadina y sus tres joyas empaquetadas en el espacio intermamario del Barranco de Poqueira: Capileira, Bubi\u00f3n y Pampaneira. La sublevaci\u00f3n morisca de 1568 y una historia de amor. Parte 1."},"content":{"rendered":"<audio class=\"wp-audio-shortcode\" id=\"audio-11598-1\" loop autoplay preload=\"auto\" style=\"width: 100%;\" controls=\"controls\"><source type=\"audio\/mpeg\" src=\"https:\/\/loscordonesquemeatocadadia.com\/es\/wp-content\/uploads\/2022\/01\/Vicente-Amigo-Ciudad-de-las-idea.mp3?_=1\" \/><a href=\"https:\/\/loscordonesquemeatocadadia.com\/es\/wp-content\/uploads\/2022\/01\/Vicente-Amigo-Ciudad-de-las-idea.mp3\">https:\/\/loscordonesquemeatocadadia.com\/es\/wp-content\/uploads\/2022\/01\/Vicente-Amigo-Ciudad-de-las-idea.mp3<\/a><\/audio>\n<p>Los post relativos a este tema, se los dedico a mi buen amigo y cicerone de Las Alpujarras y alpujarre\u00f1o de pro, <strong><em>J. M\u00aa. M. E.<\/em><\/strong><\/p>\n<p style=\"text-align: justify;\">Un buen amigo, nacido en Granada -ancestros alpujarre\u00f1os-, pero que vive desde hace muchos a\u00f1os en Roquetas de Mar habiendo formado aqu\u00ed su familia, a veces me hablaba de la belleza de Las Alpujarras, especialmente de la granadina. A pesar de que mi padre naci\u00f3 -hijo de m\u00e9dico rural-, en el peque\u00f1o municipio de <strong><em>Mocl\u00edn<\/em><\/strong>, poblaci\u00f3n que form\u00f3 parte del cintur\u00f3n defensivo del reino nazar\u00ed de Granada, situado en la parte NW de la provincia, nunca hab\u00eda sentido la inquietud de hacer turismo por esas sierras del Se\u00f1or, que por la parte almeriense -sur- son tan des\u00e9rticas, y que son las yo veo cada verano.<!--more--><\/p>\n<p style=\"text-align: center;\"><img loading=\"lazy\" decoding=\"async\" class=\"alignnone wp-image-11871\" src=\"https:\/\/loscordonesquemeatocadadia.com\/es\/wp-content\/uploads\/2021\/10\/castillo-moclin-historia-granada-300x187.jpg\" alt=\"\" width=\"321\" height=\"200\" srcset=\"https:\/\/loscordonesquemeatocadadia.com\/es\/wp-content\/uploads\/2021\/10\/castillo-moclin-historia-granada-300x187.jpg 300w, https:\/\/loscordonesquemeatocadadia.com\/es\/wp-content\/uploads\/2021\/10\/castillo-moclin-historia-granada.jpg 750w\" sizes=\"auto, (max-width: 321px) 100vw, 321px\" \/> <img loading=\"lazy\" decoding=\"async\" class=\"alignnone size-medium wp-image-11870\" src=\"https:\/\/loscordonesquemeatocadadia.com\/es\/wp-content\/uploads\/2021\/10\/castillo-moclin-300x201.webp\" alt=\"\" width=\"300\" height=\"201\" srcset=\"https:\/\/loscordonesquemeatocadadia.com\/es\/wp-content\/uploads\/2021\/10\/castillo-moclin-300x201.webp 300w, https:\/\/loscordonesquemeatocadadia.com\/es\/wp-content\/uploads\/2021\/10\/castillo-moclin-768x515.webp 768w, https:\/\/loscordonesquemeatocadadia.com\/es\/wp-content\/uploads\/2021\/10\/castillo-moclin.webp 900w\" sizes=\"auto, (max-width: 300px) 100vw, 300px\" \/><\/p>\n<p style=\"text-align: center;\"><strong><em>Mocl\u00edn y su castillo.<\/em><\/strong><\/p>\n<p style=\"text-align: center;\"><img loading=\"lazy\" decoding=\"async\" class=\"alignnone size-medium wp-image-11854\" src=\"https:\/\/loscordonesquemeatocadadia.com\/es\/wp-content\/uploads\/2021\/10\/368px-LocationMoclin-300x247.png\" alt=\"\" width=\"300\" height=\"247\" srcset=\"https:\/\/loscordonesquemeatocadadia.com\/es\/wp-content\/uploads\/2021\/10\/368px-LocationMoclin-300x247.png 300w, https:\/\/loscordonesquemeatocadadia.com\/es\/wp-content\/uploads\/2021\/10\/368px-LocationMoclin.png 368w\" sizes=\"auto, (max-width: 300px) 100vw, 300px\" \/><\/p>\n<p style=\"text-align: center;\"><em><strong>Localizaci\u00f3n de Mocl\u00edn en Granada.<\/strong><\/em><\/p>\n<p style=\"text-align: justify;\">Animado por el embeleso con el que me hablaba de La Alpujarra granadina, le ped\u00ed a mi amigo que hiciera de cicerone en una corta excursi\u00f3n ma\u00f1anera en coche, que pudiera servirme para poder tener una idea de la regi\u00f3n, para rematar por la tarde jugando al golf en el campo Los Moriscos de Motril.<\/p>\n<p style=\"text-align: justify;\">En textos antiguos, la regi\u00f3n fue denominada <em>alpujarras<\/em>, nombre que puede derivar del \u00e1rabe\u00a0<em>al busherat,<\/em>\u00a0que significa <em>la tierra de hierba o la de pastos<\/em>.\u00a0Otros or\u00edgenes del nombre se\u00f1alados por estudiosos derivan de la voz \u00e1rabe\u00a0<em>abuxarra<\/em>\u00a0que, significa <em>la pendenciera<\/em> o <em>la<\/em> <em>indomable<\/em>. Otras opiniones se\u00f1alan su origen en la voz tambi\u00e9n ar\u00e1biga <em>albordjela<\/em>\u00a0que significa <em>la fortificada<\/em>. Como se puede observar, todas las opiniones se\u00f1alan el origen \u00e1rabe de su nombre, y esa impresi\u00f3n tuve al ver los pueblos de la regi\u00f3n: las construcciones, las infraestructuras y la cultura tienen un punto de finura en el que se puede entrever la grandeza de la cultura \u00e1rabe de la \u00e9poca, desde el valiato cordob\u00e9s y el posterior establecimiento del emirato de C\u00f3rdoba por el Omeya Abderram\u00e1n I, hasta la conquista de Granada por los Reyes Cat\u00f3licos, el 2 de enero de 1492 y expulsi\u00f3n del \u00faltimo monarca de la dinast\u00eda nazar\u00ed <em>Muh\u00e1mmad XII<\/em>\u00a0<strong><em> -Boabdil el Chico-<\/em><\/strong>, dinast\u00eda fundada por <em>Y\u00fasuf ben N\u00e1zar<\/em> en 1332, que rein\u00f3 en Granada desde el siglo XIII al XV.<\/p>\n<p style=\"text-align: center;\"><img loading=\"lazy\" decoding=\"async\" class=\"alignnone size-medium wp-image-11862\" src=\"https:\/\/loscordonesquemeatocadadia.com\/es\/wp-content\/uploads\/2021\/10\/boabdil-el-sultan-que-entrego-su-reino_ed2fa78e_463x600-232x300.jpg\" alt=\"\" width=\"232\" height=\"300\" srcset=\"https:\/\/loscordonesquemeatocadadia.com\/es\/wp-content\/uploads\/2021\/10\/boabdil-el-sultan-que-entrego-su-reino_ed2fa78e_463x600-232x300.jpg 232w, https:\/\/loscordonesquemeatocadadia.com\/es\/wp-content\/uploads\/2021\/10\/boabdil-el-sultan-que-entrego-su-reino_ed2fa78e_463x600.jpg 463w\" sizes=\"auto, (max-width: 232px) 100vw, 232px\" \/><\/p>\n<p style=\"text-align: center;\"><strong><em>Muh\u00e1mmad XII<\/em><\/strong>\u00a0<strong><em> -Boabdil el Chico-.<\/em><\/strong><\/p>\n<p style=\"text-align: center;\"><img loading=\"lazy\" decoding=\"async\" class=\"alignnone wp-image-11895\" src=\"https:\/\/loscordonesquemeatocadadia.com\/es\/wp-content\/uploads\/2021\/10\/la-caida-de-granada_dcdc9862_800x466-300x175.png\" alt=\"\" width=\"516\" height=\"301\" srcset=\"https:\/\/loscordonesquemeatocadadia.com\/es\/wp-content\/uploads\/2021\/10\/la-caida-de-granada_dcdc9862_800x466-300x175.png 300w, https:\/\/loscordonesquemeatocadadia.com\/es\/wp-content\/uploads\/2021\/10\/la-caida-de-granada_dcdc9862_800x466-768x447.png 768w, https:\/\/loscordonesquemeatocadadia.com\/es\/wp-content\/uploads\/2021\/10\/la-caida-de-granada_dcdc9862_800x466.png 800w\" sizes=\"auto, (max-width: 516px) 100vw, 516px\" \/><\/p>\n<p style=\"text-align: justify;\">Tras la rendici\u00f3n del reino nazar\u00ed, los Reyes Cat\u00f3licos firmaron las \u00faltimas <em>capitulaciones<\/em>\u00a0de la ciudad de Granada, el 25 de noviembre de 1491, en las que se garantizaban la libertad personal y la conservaci\u00f3n de los bienes de los vencidos y el mantenimiento de su organizaci\u00f3n social, jur\u00eddica, cultural y religiosa particular. Sus <em>alfaqu\u00edes<\/em> y <em>ulemas <\/em>seguir\u00edan siendo los jefes de las comunidades musulmanas.<\/p>\n<p style=\"text-align: justify;\">Pero desde el primer momento, a pesar de lo firmado, se impuso un r\u00e9gimen se\u00f1orial, en el que los <em>mud\u00e9jares<\/em> granadinos, quedaron sometidos a los nuevos se\u00f1ores cristianos; el vasallo musulm\u00e1n era pr\u00e1cticamente un esclavo. Los nobles musulmanes granadinos optaron por emigrar al norte de \u00c1frica, como su rey, y los que se quedaron, abandonaron la ciudad de Granada y se fueron a haciendas y alquer\u00edas que ten\u00edan en el campo, o a los arrabales de la capital. Esta situaci\u00f3n se sancion\u00f3 jur\u00eddicamente en 1498, cuando se dividi\u00f3 la ciudad de Granada en dos partes: una para los cristianos y otra, la <strong><em>Morer\u00eda<\/em><\/strong>.<\/p>\n<p style=\"text-align: justify;\">Del mismo modo que a los cristianos que cohabitaron con los musulmanes en las tierras del califato -desde 929 con Abderram\u00e1n III- cordob\u00e9s, les fue permitida la pr\u00e1ctica de la religi\u00f3n cristiana, siendo denominados <strong><em>moz\u00e1rabes<\/em><\/strong>, sirviendo a los musulmanes, tras la conquista del \u00faltimo reducto \u00e1rabe en la pen\u00ednsula, se acogi\u00f3 a los musulmanes -inicialmente no, pero enseguida con duras condiciones-, permitiendo la pr\u00e1ctica de la religi\u00f3n musulmana, siendo denominados <strong><em>mud\u00e9jares<\/em><\/strong>, siempre siervos de un se\u00f1or cristiano, convirti\u00e9ndose la mayor\u00eda en una poblaci\u00f3n rural que se instal\u00f3 en las Alpujarras, territorio cristiano, manteniendo su condici\u00f3n de musulmanes, sin ser obligados a convertirse al cristianismo hasta el 14 de febrero de 1502, fecha en la que los Reyes Cat\u00f3licos publicaron una pragm\u00e1tica, obligando a todos los musulmanes del Reino de Castilla a la conversi\u00f3n forzosa al cristianismo. Los que la aceptaron, ser\u00edan denominados <strong><em>moriscos<\/em><\/strong> -palabra derivada de moro- y los que no, ser\u00edan expulsados del reino castellano. En Arag\u00f3n, se retras\u00f3 esta medida hasta finales de 1525, reinando ya Carlos I, fecha en que fue aprobada por las Cortes aragonesas. A los moriscos que proced\u00edan de la Granada isl\u00e1mica reciente, les fueron reconocidos algunos derechos, al mismo tiempo que se les exig\u00edan fuertes impuestos.<\/p>\n<p style=\"text-align: justify;\"><em>\u00cd\u00f1igo L\u00f3pez de Mendoza<\/em>, <em>conde de Tendilla<\/em>, al que le fue concedido por su participaci\u00f3n en la campa\u00f1a de Granada el <strong><em>I marquesado de Mond\u00e9jar,<\/em><\/strong> fue recompensado, adem\u00e1s, con grandes predios y numerosos vasallos mud\u00e9jares, siendo encargado de reorganizar el territorio conquistado, auxiliado en lo espiritual por Hernando de Talavera, nombrado arzobispo de Granada, hombre dialogante, que manej\u00f3 la conversi\u00f3n de los musulmanes por la v\u00eda de la persuasi\u00f3n, incluyendo hasta el uso del \u00e1rabe en la\u00a0 liturgia cristiana.<\/p>\n<p style=\"text-align: justify;\">Sin embargo, asesorados los reyes por el cardenal Cisneros, pronto se empezaron a aplicar medidas mucho m\u00e1s duras de las acordadas y de las manejadas por el arzobispo, utilizando como criterio b\u00e1sico el que Granada no pudiera servir como n\u00facleo inicial de futuros ataques e invasiones procedentes del norte de \u00c1frica.<\/p>\n<p style=\"text-align: justify;\">Entre 1495 y 1499 se implantaron grandes impuestos que solo los mud\u00e9jares deb\u00edan pagar. Esto, unido a la pol\u00edtica de conversi\u00f3n forzosa al cristianismo instigada por el cardenal Cisneros desde su llegada a Granada en octubre de 1499, cambiando la que hab\u00eda aplicado hasta entonces el arzobispo Hernando de Talavera, hizo que se produjeran bautismos masivos, no quedando para los mud\u00e9jares m\u00e1s alternativa que convertirse al cristianismo o la pobreza por los impuestos, e incluso la prisi\u00f3n o la muerte.<\/p>\n<p style=\"text-align: justify;\">El 18 de diciembre de 1499, solo tres meses despu\u00e9s de la llegada de Cisneros a Granada, los mud\u00e9jares del <em>Albaic\u00edn\u00a0<\/em>se sublevaron restableci\u00e9ndose el orden gracias a los oficios de Mond\u00e9jar y del arzobispo Talavera,\u200b a quienes los sublevados les dijeron &#8220;<em>que se tornar\u00edan cristianos y har\u00edan todo lo que el arzobispo y el marqu\u00e9s mandasen, con tal que el arzobispo Cisneros se fuese de Granada<\/em>.<\/p>\n<p style=\"text-align: justify;\">Pero ya la chispa de la rebeli\u00f3n hab\u00eda prendido, extendi\u00e9ndose durante unos meses por las <em>Alpujarras<\/em> y las tierras de Almer\u00eda, no siendo sofocada completamente hasta mediados del a\u00f1o 1502, fecha en la que se inici\u00f3 una nueva revuelta en la serran\u00eda de Ronda. La consecuencia de estas rebeliones fracasadas fue la conversi\u00f3n de muchos mud\u00e9jares, que pensaban obtener as\u00ed mejores condiciones de vida por parte de los cristianos. Las nuevas capitulaciones firmadas por varias comunidades mud\u00e9jares y los representantes de los soberanos, como las de Baza, Hu\u00e9scar y Tabernas, expresaron el compromiso de que <strong><em>los nuevos cristianos<\/em><\/strong> ser\u00edan sometidos al r\u00e9gimen fiscal com\u00fan, aboli\u00e9ndose los impuestos desmesurados, teniendo oportunidad de acceso a los cargos locales, pudiendo utilizar los pastos concejiles o comunales, estableci\u00e9ndose incluso un castigo para los <em>cristianos viejos<\/em> que les faltaren al respeto llam\u00e1ndoles <em>moros<\/em> o <em>tornadizos<\/em>.<\/p>\n<p style=\"text-align: justify;\">El cardenal Cisneros defend\u00eda la idea de que los mud\u00e9jares deb\u00edan &#8220;<em>ser convertidos y esclavizados, porque como esclavos ser\u00edan mejores cristianos, y la tierra quedar\u00eda segura para siempre&#8221;<\/em>. Los Reyes Cat\u00f3licos, sin embargo, pensaban que era mucho m\u00e1s \u00fatil la pol\u00edtica de la moderaci\u00f3n.<\/p>\n<p style=\"text-align: justify;\">Al fin pudo la Iglesia, y el 12 de febrero de 1502, los Reyes Cat\u00f3licos promulgaron la real c\u00e9dula en la que se obligaba a los mud\u00e9jares de la Corona de Castilla a escoger entre la conversi\u00f3n al cristianismo o el destierro. La inmensa mayor\u00eda opt\u00f3 por la conversi\u00f3n. A partir de esa fecha, los mud\u00e9jares castellanos bautizados que permanecieron en estos territorios pasaron a ser llamados <strong><em>moriscos<\/em><\/strong>.<\/p>\n<p style=\"text-align: justify;\">A\u00f1os despu\u00e9s, los moriscos descendientes de aquellos musulmanes que se sometieron a la conversi\u00f3n al cristianismo, en lugar de marchar al exilio, durante los primeros tiempos de la Inquisici\u00f3n espa\u00f1ola, fueron expulsados de los territorios de las Espa\u00f1as, tras graves agitaciones sociales, comenzando en el este de Espa\u00f1a -reinos de Valencia y Arag\u00f3n- debido a la animosidad local general hacia ellos, en donde los trabajadores locales los consideraron rivales, por el barato coste de su mano de obra. Las exacciones que de nuevo y paulatinamente fueron impuestas a los moriscos, crearon el caldo de cultivo de una <strong><em>importante sublevaci\u00f3n morisca en las Alpujarras en 1568, en tiempos de Felipe II<\/em><\/strong>, que termin\u00f3 por ser aplacada totalmente en la Alpujarra granadina en 1570, y finaliz\u00f3 con la expulsi\u00f3n definitiva de los moriscos de las Espa\u00f1as en 1609, siendo rey Felipe III.<\/p>\n<p style=\"text-align: justify;\">La real c\u00e9dula de12 de febrero de 1502 no afect\u00f3 a los mud\u00e9jares de la Corona de Arag\u00f3n del mismo modo que a los de Castilla, debido fundamentalmente a la protecci\u00f3n que les dieron sus se\u00f1ores, que obten\u00edan de ellos cuantiosas rentas, aunque exist\u00eda un fuerte rechazo a nivel popular, que se materializ\u00f3 en la revuelta de las <em>German\u00edas<\/em> del Reino de Valencia -perteneciente a la Corona de Arag\u00f3n-, en la que los <em>agermanats<\/em>\u00a0asaltaron las poblaciones mud\u00e9jares y los bautizaron a la fuerza.<\/p>\n<p style=\"text-align: justify;\">El final de este proceso de bautismo forzoso, siendo negada su validez por los mud\u00e9jares contra la opini\u00f3n de los cristianos <em>bautizadores,<\/em> fue la orden del rey Carlos I, publicada el 8 de diciembre de 1525, por la que se obligaba a los mud\u00e9jares, de todos los estados de la\u00a0Corona de Arag\u00f3n -reino de Valencia incluido-, a convertirse al cristianismo.<\/p>\n<p style=\"text-align: justify;\">A pesar de que los moriscos de la Corona de Arag\u00f3n, consiguieron, despu\u00e9s de unas largas negociaciones con la corte de Carlos I y el pago de 40.000 ducados, que la Inquisici\u00f3n no interviniera en sus asuntos, que durante diez a\u00f1os pudieran conservar sus costumbres y su lengua, tener cementerios distintos, e igualdad fiscal al resto de los cristianos, el acuerdo, que se mantuvo en secreto, no se cumpli\u00f3, y propici\u00f3\u00a0 revueltas en el Reino de Valencia a la que no se unieron los moriscos del Reino de Arag\u00f3n.<\/p>\n<p style=\"text-align: justify;\">Pero bueno, ya amanece y debemos recoger las bolsas y los palos en el campo de golf Oasis Playa Serena Golf, y partir hacia las Alpujarras.<\/p>\n<p style=\"text-align: justify;\">Las<strong> Alpujarras <\/strong>es una regi\u00f3n hist\u00f3rica de Andaluc\u00eda que se encuentra dividida entre las provincias de Granada -Alpujarra granadina- y la de Almer\u00eda -Alpujarra almeriense-, en la que est\u00e1n inmersas parte de la ladera sur de Sierra Nevada, y las sierras de la Contraviesa y L\u00fajar en Granada, y la de G\u00e1dor m\u00e1s al este, al norte del Ejido, en Almer\u00eda.<\/p>\n<p style=\"text-align: center;\"><img loading=\"lazy\" decoding=\"async\" class=\"alignnone wp-image-11892\" src=\"https:\/\/loscordonesquemeatocadadia.com\/es\/wp-content\/uploads\/2021\/10\/la-contraviesa-y-lujar-300x262.jpg\" alt=\"\" width=\"469\" height=\"410\" srcset=\"https:\/\/loscordonesquemeatocadadia.com\/es\/wp-content\/uploads\/2021\/10\/la-contraviesa-y-lujar-300x262.jpg 300w, https:\/\/loscordonesquemeatocadadia.com\/es\/wp-content\/uploads\/2021\/10\/la-contraviesa-y-lujar-768x670.jpg 768w, https:\/\/loscordonesquemeatocadadia.com\/es\/wp-content\/uploads\/2021\/10\/la-contraviesa-y-lujar.jpg 883w\" sizes=\"auto, (max-width: 469px) 100vw, 469px\" \/><\/p>\n<p style=\"text-align: center;\"><strong><em>Sierras dela Contraviesa y L\u00fajar.<\/em><\/strong><\/p>\n<p><img loading=\"lazy\" decoding=\"async\" class=\"alignnone wp-image-11915 aligncenter\" src=\"https:\/\/loscordonesquemeatocadadia.com\/es\/wp-content\/uploads\/2021\/10\/sierra-de-gador-300x200.jpg\" alt=\"\" width=\"462\" height=\"308\" srcset=\"https:\/\/loscordonesquemeatocadadia.com\/es\/wp-content\/uploads\/2021\/10\/sierra-de-gador-300x200.jpg 300w, https:\/\/loscordonesquemeatocadadia.com\/es\/wp-content\/uploads\/2021\/10\/sierra-de-gador.jpg 701w\" sizes=\"auto, (max-width: 462px) 100vw, 462px\" \/><\/p>\n<p style=\"text-align: center;\"><em><strong>Sierra de Gador.<\/strong><\/em><\/p>\n<p style=\"text-align: justify;\">Salimos de Roquetas de Mar entre un MAR de pl\u00e1sticos agr\u00edcolas, para abandonarlo tras rebasar El Ejido, con la visi\u00f3n hacia el norte de Sierra Nevada, egregia y soberbia, para ya, en campo abierto, llegar a la cercana localidad de Dal\u00edas y a continuaci\u00f3n Berja, ambas de la Alpujarra almeriense y esta \u00faltima, localidad lim\u00edtrofe con la provincia de Granada.<\/p>\n<p style=\"text-align: center;\"><img loading=\"lazy\" decoding=\"async\" class=\"alignnone wp-image-11876\" src=\"https:\/\/loscordonesquemeatocadadia.com\/es\/wp-content\/uploads\/2021\/10\/de-roquetas-a-berja-300x152.png\" alt=\"\" width=\"572\" height=\"290\" srcset=\"https:\/\/loscordonesquemeatocadadia.com\/es\/wp-content\/uploads\/2021\/10\/de-roquetas-a-berja-300x152.png 300w, https:\/\/loscordonesquemeatocadadia.com\/es\/wp-content\/uploads\/2021\/10\/de-roquetas-a-berja.png 615w\" sizes=\"auto, (max-width: 572px) 100vw, 572px\" \/><\/p>\n<p style=\"text-align: justify;\">A partir de ah\u00ed, y ya en la Alpujarra baja granadina, pasamos por <strong><em>Cher\u00edn<\/em><\/strong>, perteneciente al municipio de Ug\u00edjar, a 1 kil\u00f3metro de la frontera de Granada con Almer\u00eda y con un puente de hierro de la escuela de<em> Eiffel<\/em>, que divide la poblaci\u00f3n en dos partes. Pasamos <strong><em>Ugijar<\/em><\/strong> en breve ojeada, a pesar de las\u00a0 llamadas de sus numerosas casas se\u00f1oriales -la casa del Escribano Mayor de La Alpujarra, D. Pedro L\u00f3pez, es solo una de las quince casas se\u00f1oriales construidas entre los siglos XVI y XIX-, de una iglesia g\u00f3tico-mud\u00e9jar y varias ermitas, y\u00a0 de una gastronom\u00eda t\u00edpica e interesante como el<em><strong> mol\u00edo <\/strong><\/em>-medias aceitunas negras con salsa basada en pimientos choriceros-, las migas, y los dulces de sabor y aroma \u00e1rabes, y a partir de aqu\u00ed, empezamos a subir por una cada vez m\u00e1s zigzagueante carretera que se iba estri\u00f1endo por las medias laderas de esa bella tierra.<\/p>\n<p style=\"text-align: center;\"><img loading=\"lazy\" decoding=\"async\" class=\"alignnone wp-image-11909\" src=\"https:\/\/loscordonesquemeatocadadia.com\/es\/wp-content\/uploads\/2021\/10\/PUENTE-CHERIN-1024x461-1-300x135.jpeg\" alt=\"\" width=\"664\" height=\"299\" srcset=\"https:\/\/loscordonesquemeatocadadia.com\/es\/wp-content\/uploads\/2021\/10\/PUENTE-CHERIN-1024x461-1-300x135.jpeg 300w, https:\/\/loscordonesquemeatocadadia.com\/es\/wp-content\/uploads\/2021\/10\/PUENTE-CHERIN-1024x461-1-768x346.jpeg 768w, https:\/\/loscordonesquemeatocadadia.com\/es\/wp-content\/uploads\/2021\/10\/PUENTE-CHERIN-1024x461-1.jpeg 1024w\" sizes=\"auto, (max-width: 664px) 100vw, 664px\" \/><\/p>\n<p style=\"text-align: center;\"><em><strong>Puente de Cher\u00edn.<\/strong><\/em><\/p>\n<p style=\"text-align: center;\"><img loading=\"lazy\" decoding=\"async\" class=\"alignnone wp-image-11921\" src=\"https:\/\/loscordonesquemeatocadadia.com\/es\/wp-content\/uploads\/2021\/10\/Ugijar_en_Granada_Espana-1-300x169.jpg\" alt=\"\" width=\"637\" height=\"359\" srcset=\"https:\/\/loscordonesquemeatocadadia.com\/es\/wp-content\/uploads\/2021\/10\/Ugijar_en_Granada_Espana-1-300x169.jpg 300w, https:\/\/loscordonesquemeatocadadia.com\/es\/wp-content\/uploads\/2021\/10\/Ugijar_en_Granada_Espana-1.jpg 500w\" sizes=\"auto, (max-width: 637px) 100vw, 637px\" \/><\/p>\n<p style=\"text-align: center;\"><strong><em>Ugijar.<\/em><\/strong><\/p>\n<p style=\"text-align: center;\"><img loading=\"lazy\" decoding=\"async\" class=\"alignnone wp-image-11869\" src=\"https:\/\/loscordonesquemeatocadadia.com\/es\/wp-content\/uploads\/2021\/10\/casa-del-Escribano-Mayor-en-Ugijar-300x236.jpg\" alt=\"\" width=\"488\" height=\"384\" srcset=\"https:\/\/loscordonesquemeatocadadia.com\/es\/wp-content\/uploads\/2021\/10\/casa-del-Escribano-Mayor-en-Ugijar-300x236.jpg 300w, https:\/\/loscordonesquemeatocadadia.com\/es\/wp-content\/uploads\/2021\/10\/casa-del-Escribano-Mayor-en-Ugijar-768x604.jpg 768w, https:\/\/loscordonesquemeatocadadia.com\/es\/wp-content\/uploads\/2021\/10\/casa-del-Escribano-Mayor-en-Ugijar.jpg 903w\" sizes=\"auto, (max-width: 488px) 100vw, 488px\" \/><\/p>\n<p style=\"text-align: center;\"><strong><em>Casa del Escribano Mayor de Ugijar.<\/em><\/strong><\/p>\n<p><strong>M\u00fasica<\/strong>: <strong><em>Vicente Amigo en concierto; La ciudad de las ideas, parcial.<\/em><\/strong><\/p>\n<p style=\"text-align: center;\"><strong><em>To be continued in part 2.<\/em><\/strong><\/p>\n","protected":false},"excerpt":{"rendered":"<p>Los post relativos a este tema, se los dedico a mi buen amigo y cicerone de Las Alpujarras y alpujarre\u00f1o de pro, J. M\u00aa. M. E. Un buen amigo, nacido en Granada -ancestros alpujarre\u00f1os-, pero que vive desde hace muchos a\u00f1os en Roquetas de Mar habiendo formado aqu\u00ed su familia, a veces me hablaba de [&hellip;]<\/p>\n","protected":false},"author":2,"featured_media":11865,"comment_status":"open","ping_status":"closed","sticky":false,"template":"","format":"standard","meta":{"_mo_disable_npp":"","om_disable_all_campaigns":false,"_monsterinsights_skip_tracking":false,"_monsterinsights_sitenote_active":false,"_monsterinsights_sitenote_note":"","_monsterinsights_sitenote_category":0,"_uf_show_specific_survey":0,"_uf_disable_surveys":false,"footnotes":""},"categories":[22,2009,46,8],"tags":[2013,2015,2014,2010,2012,2011,2016],"class_list":["post-11598","post","type-post","status-publish","format-standard","has-post-thumbnail","hentry","category-historia","category-naturaleza","category-politica","category-son-las-cosas-de-la-vida","tag-berja","tag-cherin","tag-dalias","tag-las-alpujarras","tag-moclin","tag-muhammad-xii-boabdil-el-chico","tag-reyes-catolicos"],"aioseo_notices":[],"post_mailing_queue_ids":[],"_links":{"self":[{"href":"https:\/\/loscordonesquemeatocadadia.com\/es\/wp-json\/wp\/v2\/posts\/11598","targetHints":{"allow":["GET"]}}],"collection":[{"href":"https:\/\/loscordonesquemeatocadadia.com\/es\/wp-json\/wp\/v2\/posts"}],"about":[{"href":"https:\/\/loscordonesquemeatocadadia.com\/es\/wp-json\/wp\/v2\/types\/post"}],"author":[{"embeddable":true,"href":"https:\/\/loscordonesquemeatocadadia.com\/es\/wp-json\/wp\/v2\/users\/2"}],"replies":[{"embeddable":true,"href":"https:\/\/loscordonesquemeatocadadia.com\/es\/wp-json\/wp\/v2\/comments?post=11598"}],"version-history":[{"count":13,"href":"https:\/\/loscordonesquemeatocadadia.com\/es\/wp-json\/wp\/v2\/posts\/11598\/revisions"}],"predecessor-version":[{"id":12933,"href":"https:\/\/loscordonesquemeatocadadia.com\/es\/wp-json\/wp\/v2\/posts\/11598\/revisions\/12933"}],"wp:featuredmedia":[{"embeddable":true,"href":"https:\/\/loscordonesquemeatocadadia.com\/es\/wp-json\/wp\/v2\/media\/11865"}],"wp:attachment":[{"href":"https:\/\/loscordonesquemeatocadadia.com\/es\/wp-json\/wp\/v2\/media?parent=11598"}],"wp:term":[{"taxonomy":"category","embeddable":true,"href":"https:\/\/loscordonesquemeatocadadia.com\/es\/wp-json\/wp\/v2\/categories?post=11598"},{"taxonomy":"post_tag","embeddable":true,"href":"https:\/\/loscordonesquemeatocadadia.com\/es\/wp-json\/wp\/v2\/tags?post=11598"}],"curies":[{"name":"wp","href":"https:\/\/api.w.org\/{rel}","templated":true}]}}