{"id":11810,"date":"2022-06-11T09:00:54","date_gmt":"2022-06-11T08:00:54","guid":{"rendered":"https:\/\/loscordonesquemeatocadadia.com\/es\/?p=11810"},"modified":"2022-06-09T19:23:43","modified_gmt":"2022-06-09T18:23:43","slug":"pasiones-mitologicas-parte-6","status":"publish","type":"post","link":"https:\/\/loscordonesquemeatocadadia.com\/es\/2022\/06\/11\/pasiones-mitologicas-parte-6\/","title":{"rendered":"PASIONES MITOL\u00d3GICAS. Parte 6."},"content":{"rendered":"<audio class=\"wp-audio-shortcode\" id=\"audio-11810-1\" loop autoplay preload=\"auto\" style=\"width: 100%;\" controls=\"controls\"><source type=\"audio\/mpeg\" src=\"https:\/\/loscordonesquemeatocadadia.com\/es\/wp-content\/uploads\/2021\/10\/Nocturne-E-minor-Op-post-h-72-No1.mp3?_=1\" \/><a href=\"https:\/\/loscordonesquemeatocadadia.com\/es\/wp-content\/uploads\/2021\/10\/Nocturne-E-minor-Op-post-h-72-No1.mp3\">https:\/\/loscordonesquemeatocadadia.com\/es\/wp-content\/uploads\/2021\/10\/Nocturne-E-minor-Op-post-h-72-No1.mp3<\/a><\/audio>\n<p style=\"text-align: justify;\">As\u00ed entramos en el tercer espacio de la exposici\u00f3n, que se denomina <em><strong>Poes\u00edas<\/strong><\/em>, refiri\u00e9ndose a los seis cuadros de Tiziano, as\u00ed llamados, y que adem\u00e1s contiene otras obras de Veronese, Rubens, Vel\u00e1zquez y una\u00a0 D\u00e1nae de Tiziano como se podr\u00e1 ver.<!--more--><\/p>\n<p style=\"text-align: justify;\"><span style=\"color: #ff0000;\"><strong><em>3<\/em><\/strong>. <strong><em>POES\u00cdAS<\/em><\/strong><\/span><\/p>\n<p style=\"text-align: justify;\"><strong><span style=\"color: #ff0000;\"><em>OBRAS<\/em><\/span><\/strong><\/p>\n<p style=\"text-align: justify;\">Tiziano pint\u00f3 dos conjuntos de escenas mitol\u00f3gicas, uno que realiz\u00f3 para el duque de Ferrara entre 1518 y 1526, y otro para el rey Felipe II entre 1553 y 1562, refiri\u00e9ndose el artista a esta \u00faltima serie realizada para el monarca espa\u00f1ol como <strong><em>poes\u00edas<\/em><\/strong>. En esta muestra se re\u00fanen los seis cuadros que Tiziano pint\u00f3 para Felipe II, que no han estado juntos en Espa\u00f1a, desde finales del siglo XVI.<\/p>\n<p style=\"text-align: center;\"><img loading=\"lazy\" decoding=\"async\" class=\"alignnone wp-image-11823\" src=\"https:\/\/loscordonesquemeatocadadia.com\/es\/wp-content\/uploads\/2021\/10\/AAA-11-venus-adonis-tiziano-300x273.jpg\" alt=\"\" width=\"466\" height=\"424\" srcset=\"https:\/\/loscordonesquemeatocadadia.com\/es\/wp-content\/uploads\/2021\/10\/AAA-11-venus-adonis-tiziano-300x273.jpg 300w, https:\/\/loscordonesquemeatocadadia.com\/es\/wp-content\/uploads\/2021\/10\/AAA-11-venus-adonis-tiziano.jpg 495w\" sizes=\"auto, (max-width: 466px) 100vw, 466px\" \/><\/p>\n<p style=\"text-align: center;\"><strong><em>Tiziano. Venus y Adonis<\/em><\/strong>. <strong><em>1554. \u00d3leo sobre lienzo. 186 x 207 cm. Museo del Prado. Madrid. <\/em><\/strong><\/p>\n<p style=\"text-align: justify;\">La obra representa a <em>Venus<\/em>\u00a0intentando abrazar a\u00a0<em>Adonis,<\/em> que parte hacia la muerte, intentando retenerlo, y a \u00e9ste, rechazando el abrazo de la diosa.<\/p>\n<p style=\"text-align: justify;\">Tiziano al enviar el cuadro a Felipe II, se\u00f1al\u00f3 que, Venus aparec\u00eda de espaldas para demostrar que la pintura pod\u00eda representar diferentes puntos de vista y de perspectiva. Esta obra de <strong><em>Venus y Adonis<\/em><\/strong> fue la <strong><em>poes\u00eda<\/em><\/strong> m\u00e1s er\u00f3tica, tanto por la exaltaci\u00f3n de las nalgas de Venus, como por mostrar a la mujer tomando la iniciativa.<\/p>\n<p><img loading=\"lazy\" decoding=\"async\" class=\"wp-image-11814 aligncenter\" src=\"https:\/\/loscordonesquemeatocadadia.com\/es\/wp-content\/uploads\/2021\/10\/AAA-2-Wellington_Danae-Tiziano-300x169.jpg\" alt=\"\" width=\"502\" height=\"283\" srcset=\"https:\/\/loscordonesquemeatocadadia.com\/es\/wp-content\/uploads\/2021\/10\/AAA-2-Wellington_Danae-Tiziano-300x169.jpg 300w, https:\/\/loscordonesquemeatocadadia.com\/es\/wp-content\/uploads\/2021\/10\/AAA-2-Wellington_Danae-Tiziano.jpg 375w\" sizes=\"auto, (max-width: 502px) 100vw, 502px\" \/><\/p>\n<p style=\"text-align: center;\"><strong><em>Tiziano<\/em><\/strong>. <strong><em>D\u00e1nae. <\/em><\/strong><strong><em>1553. \u00d3leo sobre lienzo. 120 x 187 cm. <\/em><\/strong><strong><em>The Wellington collection. Apsley House. <\/em><\/strong><strong><em>Londres.<\/em><\/strong><\/p>\n<p style=\"text-align: justify;\">Encerrada por su padre, Acrisio, para impedir relaciones que pudieran darle un hijo, y que se pudiera cumplir la predicci\u00f3n del Or\u00e1culo, de que ser\u00eda muerto por su nieto, aparece <strong><em>D\u00e1nae<\/em> <\/strong>desnuda en el lecho, mirando a Zeus en la parte superior, y mientras, su celadora intenta recoger la lluvia de oro que representa al dios. Zeus\u00a0 posee a D\u00e1nae mediante esa lluvia. De aqu\u00ed nacer\u00eda Perseo.<\/p>\n<p style=\"text-align: justify;\">En esta <strong>D\u00e1nae<\/strong> de Tiziano, apenas se puede observar a Zeus, que en su d\u00eda estuvo seg\u00fan se describe en textos, representado junto a un \u00e1guila, teniendo que ser que recortadas ambas figuras con toda una franja superior por su mala conservaci\u00f3n a finales del siglo XVIII.<\/p>\n<p style=\"text-align: center;\"><img loading=\"lazy\" decoding=\"async\" class=\"alignnone wp-image-11815\" src=\"https:\/\/loscordonesquemeatocadadia.com\/es\/wp-content\/uploads\/2021\/10\/AAA-3-Diana-y-Calisto-tiziano-300x276.jpg\" alt=\"\" width=\"476\" height=\"438\" srcset=\"https:\/\/loscordonesquemeatocadadia.com\/es\/wp-content\/uploads\/2021\/10\/AAA-3-Diana-y-Calisto-tiziano-300x276.jpg 300w, https:\/\/loscordonesquemeatocadadia.com\/es\/wp-content\/uploads\/2021\/10\/AAA-3-Diana-y-Calisto-tiziano-768x707.jpg 768w, https:\/\/loscordonesquemeatocadadia.com\/es\/wp-content\/uploads\/2021\/10\/AAA-3-Diana-y-Calisto-tiziano.jpg 828w\" sizes=\"auto, (max-width: 476px) 100vw, 476px\" \/><\/p>\n<p style=\"text-align: center;\"><strong><em>Tiziano<\/em><\/strong>. <strong><em>Diana y Calisto<\/em><\/strong>. <strong><em>1556-59. \u00d3leo sobre lienzo. 187 x 205 cm. Conjuntamente National Gallery de Londres y National Gallery de Escocia. <\/em><\/strong><\/p>\n<p style=\"text-align: justify;\">Calisto, una de las ninfas del s\u00e9quito de Diana, fue violada por Zeus disfrazado de Diana, dej\u00e1ndola embarazada. Tiziano, recrea el momento recogido por Ovidio en Las Metamorfosis, en el que la diosa de la caza manda a las ninfas que la desnuden para descubrir su embarazo.<\/p>\n<p style=\"text-align: justify;\">Las ninfas siguen las instrucciones de la diosa en una escena llena de violencia f\u00edsica y emocional. Calisto, que fue enga\u00f1ada, es incapaz de soportar los reproches de Diana por haber incumplido los votos de castidad, pensando que ha sido la propia diosa la culpable del embarazo.<\/p>\n<p style=\"text-align: justify;\">Tiziano utiliza la mirada como el principal recurso de la obra en una composici\u00f3n donde la luz y las formas crean la dram\u00e1tica situaci\u00f3n.<\/p>\n<p style=\"text-align: center;\"><img loading=\"lazy\" decoding=\"async\" class=\"alignnone wp-image-11816\" src=\"https:\/\/loscordonesquemeatocadadia.com\/es\/wp-content\/uploads\/2021\/10\/AAA-4-984px-Titian_-_Diana_and_Actaeon_-_1556-1559-300x274.jpg\" alt=\"\" width=\"483\" height=\"441\" srcset=\"https:\/\/loscordonesquemeatocadadia.com\/es\/wp-content\/uploads\/2021\/10\/AAA-4-984px-Titian_-_Diana_and_Actaeon_-_1556-1559-300x274.jpg 300w, https:\/\/loscordonesquemeatocadadia.com\/es\/wp-content\/uploads\/2021\/10\/AAA-4-984px-Titian_-_Diana_and_Actaeon_-_1556-1559-768x702.jpg 768w, https:\/\/loscordonesquemeatocadadia.com\/es\/wp-content\/uploads\/2021\/10\/AAA-4-984px-Titian_-_Diana_and_Actaeon_-_1556-1559.jpg 984w\" sizes=\"auto, (max-width: 483px) 100vw, 483px\" \/><\/p>\n<p style=\"text-align: center;\"><strong><em>Tiziano. Diana y Acte\u00f3n<\/em><\/strong>. <strong><em>1556-59. \u00d3leo sobre lienzo. 184,5 x 202 cm. Conjuntamente National Gallery de Londres y National Gallery de Escocia.<\/em><\/strong><\/p>\n<p style=\"text-align: justify;\">En Diana y Acte\u00f3n, Tiziano vuelve a utilizar la mirada y el gesto como principal recurso para expresar las emociones. <em>Acte\u00f3n<\/em>, queda extasiado al contemplar la bella desnudez de la diosa en su ba\u00f1o -lo que le costar\u00eda ser transformado en ciervo y devorado por sus perros-, mientras las ninfas que acompa\u00f1an a Diana se ven sorprendidas por la presencia del cazador. La obra se encuadra en unas ruinas que representan la cueva que describe Ovidio en Las Metamorfosis, adelantando el artista el tr\u00e1gico final de Acte\u00f3n, al incluir un cr\u00e1neo de ciervo.<\/p>\n<p style=\"text-align: justify;\">El paisaje es inmejorable, por la variada gama crom\u00e1tica, por el uso de los reflejos y por la utilizaci\u00f3n de la luz.<\/p>\n<p style=\"text-align: center;\"><img loading=\"lazy\" decoding=\"async\" class=\"alignnone wp-image-11817\" src=\"https:\/\/loscordonesquemeatocadadia.com\/es\/wp-content\/uploads\/2021\/10\/AAA-5-962px-Perseo_y_Andromeda_por_Tiziano-300x280.jpg\" alt=\"\" width=\"512\" height=\"478\" srcset=\"https:\/\/loscordonesquemeatocadadia.com\/es\/wp-content\/uploads\/2021\/10\/AAA-5-962px-Perseo_y_Andromeda_por_Tiziano-300x280.jpg 300w, https:\/\/loscordonesquemeatocadadia.com\/es\/wp-content\/uploads\/2021\/10\/AAA-5-962px-Perseo_y_Andromeda_por_Tiziano-768x718.jpg 768w, https:\/\/loscordonesquemeatocadadia.com\/es\/wp-content\/uploads\/2021\/10\/AAA-5-962px-Perseo_y_Andromeda_por_Tiziano.jpg 919w\" sizes=\"auto, (max-width: 512px) 100vw, 512px\" \/><\/p>\n<p style=\"text-align: center;\"><strong><em>Tiziano. Perseo y Andr\u00f3meda<\/em><\/strong>. <strong><em>1554-56. \u00a0\u00d3leo sobre lienzo. <\/em><\/strong><strong><em>175 x 189, 5 cm. The Wallace collection.<\/em><\/strong><\/p>\n<p style=\"text-align: justify;\">Relata Ovidio en Las Metamorfosis que <strong><em>Casiopea<\/em><\/strong>, reina de Etiop\u00eda y <em>madre de Andr\u00f3meda<\/em>, presum\u00eda de ser m\u00e1s bella que todas las nereidas. Poseid\u00f3n, protector de \u00e9stas, envi\u00f3 a un monstruo marino, que no acosar\u00eda a la ciudad y a los pescadores y comerciantes mar\u00edtimos, si le era entregada en sacrificio Andr\u00f3meda. Perseo mat\u00f3 al monstruo y liber\u00f3 a la princesa y a la ciudad.<\/p>\n<p style=\"text-align: justify;\">En esta obra Tiziano, enfatiza el movimiento con incre\u00edbles escorzos, y tambi\u00e9n la angustia de los protagonistas, que se puede sentir en su lenguaje corporal y en sus expresiones. El color y las pinceladas son ya las de la madurez del artista.<\/p>\n<p style=\"text-align: center;\"><img loading=\"lazy\" decoding=\"async\" class=\"alignnone wp-image-11818\" src=\"https:\/\/loscordonesquemeatocadadia.com\/es\/wp-content\/uploads\/2021\/10\/AAA-6-rapto-de-europa-tiziano-300x263.webp\" alt=\"\" width=\"526\" height=\"461\" srcset=\"https:\/\/loscordonesquemeatocadadia.com\/es\/wp-content\/uploads\/2021\/10\/AAA-6-rapto-de-europa-tiziano-300x263.webp 300w, https:\/\/loscordonesquemeatocadadia.com\/es\/wp-content\/uploads\/2021\/10\/AAA-6-rapto-de-europa-tiziano-1024x898.webp 1024w, https:\/\/loscordonesquemeatocadadia.com\/es\/wp-content\/uploads\/2021\/10\/AAA-6-rapto-de-europa-tiziano-768x673.webp 768w, https:\/\/loscordonesquemeatocadadia.com\/es\/wp-content\/uploads\/2021\/10\/AAA-6-rapto-de-europa-tiziano.webp 1500w\" sizes=\"auto, (max-width: 526px) 100vw, 526px\" \/><\/p>\n<p style=\"text-align: center;\"><strong><em>Tiziano. El rapto de Europa<\/em><\/strong>. <strong><em>1559-1562. \u00d3leo sobre lienzo. 178 x 205 cm<\/em><\/strong><em>.\u00a0 <strong>Museo<\/strong><strong> Isabella Stewart Gardner. Boston. <\/strong><\/em><\/p>\n<p style=\"text-align: justify;\">En esta obra se representa el secuestro de Europa por Zeus, convertido en toro blanco, mito relatado por Ovidio en Las Metamorfosis.<\/p>\n<p style=\"text-align: justify;\">Al igual que en la anterior obra, se manifiesta aqu\u00ed la sabidur\u00eda art\u00edstica del veterano Tiziano, que muestra su dinamismo compositivo y su habilidad en el dibujo, haciendo que la luz y los colores vivos y luminosos se conviertan en protagonistas, junto a sus pinceladas, que parecen desganadas, pero que encierran una gran precisi\u00f3n.<\/p>\n<p style=\"text-align: justify;\">Tiziano realiza una diagonal con el cuerpo sensual de Europa en una figura en escorzo y forzada de gran dinamismo, se\u00f1alando tambi\u00e9n la poderosa mirada de Zeus que explica su capacidad de seducci\u00f3n.<\/p>\n<p style=\"text-align: justify;\"><span style=\"color: #ff0000;\"><strong><em>EN LA SALA 3, adem\u00e1s de las Poes\u00edas de Tiziano pintadas para Felipe II, se pueden ver:<\/em><\/strong><\/span><\/p>\n<p style=\"text-align: center;\"><strong><em><img loading=\"lazy\" decoding=\"async\" class=\"alignnone wp-image-11819\" src=\"https:\/\/loscordonesquemeatocadadia.com\/es\/wp-content\/uploads\/2021\/10\/AAA-7-Peter_Paul_Rubens_-_Diana_and_Callisto_--300x185.jpg\" alt=\"\" width=\"576\" height=\"355\" srcset=\"https:\/\/loscordonesquemeatocadadia.com\/es\/wp-content\/uploads\/2021\/10\/AAA-7-Peter_Paul_Rubens_-_Diana_and_Callisto_--300x185.jpg 300w, https:\/\/loscordonesquemeatocadadia.com\/es\/wp-content\/uploads\/2021\/10\/AAA-7-Peter_Paul_Rubens_-_Diana_and_Callisto_--1024x632.jpg 1024w, https:\/\/loscordonesquemeatocadadia.com\/es\/wp-content\/uploads\/2021\/10\/AAA-7-Peter_Paul_Rubens_-_Diana_and_Callisto_--768x474.jpg 768w, https:\/\/loscordonesquemeatocadadia.com\/es\/wp-content\/uploads\/2021\/10\/AAA-7-Peter_Paul_Rubens_-_Diana_and_Callisto_-.jpg 1200w\" sizes=\"auto, (max-width: 576px) 100vw, 576px\" \/>\u00a0<\/em><\/strong><\/p>\n<p style=\"text-align: center;\"><strong><em>Pedro Pablo Rubens<\/em><\/strong>. <strong><em>Diana y Calisto<\/em><\/strong><em>.<\/em> <strong><em>1635.<\/em><\/strong> <strong><em>\u00d3leo sobre lienzo. 202,6 x 325, 5 cm. Museo del Prado. Madrid.<\/em><\/strong><\/p>\n<p style=\"text-align: justify;\">Sobre la historia mitol\u00f3gica de Diana y Calisto -expuesta anteriormente-, el gran pintor barroco de la <strong><em>escuela flamenca<\/em><\/strong> pone de manifiesto el conocimiento de las \u201c<strong><em>poes\u00edas\u201d <\/em><\/strong>de<strong><em> Tiziano<\/em><\/strong> relativas a Diana, ya que adem\u00e1s de descubrir la desnudez de Calisto para comprobar su embarazo, el maestro hace referencia a <strong><em>Acte\u00f3n,<\/em><\/strong> al pintar en la parte izquierda la cabeza de un ciervo y un perro atac\u00e1ndole.<\/p>\n<p style=\"text-align: justify;\">Rubens, presenta en la obra, a Calisto con la cara de su mujer <em>Helena Fourment<\/em>, envuelta en colores p\u00farpuras, los de mayor dignidad en la Antig\u00fcedad.<\/p>\n<p style=\"text-align: center;\"><img loading=\"lazy\" decoding=\"async\" class=\"alignnone wp-image-11820\" src=\"https:\/\/loscordonesquemeatocadadia.com\/es\/wp-content\/uploads\/2021\/10\/AAA-8-Venus_y_Adonis_Veronese-300x246.jpg\" alt=\"\" width=\"496\" height=\"407\" srcset=\"https:\/\/loscordonesquemeatocadadia.com\/es\/wp-content\/uploads\/2021\/10\/AAA-8-Venus_y_Adonis_Veronese-300x246.jpg 300w, https:\/\/loscordonesquemeatocadadia.com\/es\/wp-content\/uploads\/2021\/10\/AAA-8-Venus_y_Adonis_Veronese-768x629.jpg 768w, https:\/\/loscordonesquemeatocadadia.com\/es\/wp-content\/uploads\/2021\/10\/AAA-8-Venus_y_Adonis_Veronese.jpg 800w\" sizes=\"auto, (max-width: 496px) 100vw, 496px\" \/><\/p>\n<p style=\"text-align: center;\"><strong><em>Paolo Veronese<\/em><\/strong>. <strong><em>Venus y Adonis<\/em><\/strong>. <strong><em>1580. \u00d3leo sobre lienzo. 212 x 191 cm. Museo del Prado. Madrid.<\/em><\/strong><\/p>\n<p style=\"text-align: justify;\">Paolo Veronese fue una de las figuras m\u00e1s importantes del <strong><em>Manierismo<\/em><\/strong> veneciano. Pint\u00f3 <strong><em>Venus y Adonis<\/em><\/strong> junto a su pareja <em>C\u00e9falo y Procris<\/em> -Museo de Estrasburgo-. En la primera, aqu\u00ed expuesta, ilustra el pasaje ya conocido de Las Metamorfosis de Ovidio, con la futura muerte de Adonis y la pesadumbre de Venus, que intuye el final que encontrar\u00e1 su amante en una cacer\u00eda.<\/p>\n<p style=\"text-align: justify;\">Veronese representa a Venus, que tiene sobre su regazo a Adonis durmiendo, acarici\u00e1ndole. La postura de Adonis es un escorzo y va vestido con ropajes rojos que contrastan con la piel blanca de Venus, que aparece iluminada, mientras que Adonis permanece\u00a0 en ligera penumbra.<\/p>\n<p style=\"text-align: justify;\">El cuadro fue adquirido por Vel\u00e1zquez para Felipe IV en su segundo viaje a Italia entre 1649 y 1651, y reformadas sus dimensiones en 1988, en la que se le recortaron unos a\u00f1adidos de dimensiones no adecuadas, unidos en el siglo XVIII.<\/p>\n<p style=\"text-align: center;\"><img loading=\"lazy\" decoding=\"async\" class=\"alignnone wp-image-11821\" src=\"https:\/\/loscordonesquemeatocadadia.com\/es\/wp-content\/uploads\/2021\/10\/AAA-9-Perseo_Andromeda-de-Veronese-255x300.jpg\" alt=\"\" width=\"491\" height=\"575\" \/><\/p>\n<p style=\"text-align: center;\"><strong><em>Paolo Veronese<\/em><\/strong>. <strong><em>Perseo y Andr\u00f3meda<\/em><\/strong>. <strong><em>1575-80. \u00d3leo sobre lienzo. 34,6 x 43,5 cm. Mus\u00e9e des Beaux-Arts de Rennes. Francia.<\/em><\/strong><\/p>\n<p style=\"text-align: justify;\">Veronese, opt\u00f3 por el formato vertical en esta obra, haciendo que las tres figuras principales, Andr\u00f3meda, Perseo y el monstruo marino est\u00e9n en un primer plano, ocupando un espacio en el que est\u00e1n entrelazados, reflejando la imagen gran dinamismo. Andr\u00f3meda, es presentada por el maestro con ropajes demasiado fastuosos para la ocasi\u00f3n, aunque mostrando su desnudez y enfatizando su rostro, bellamente recortado de perfil, con el cuerpo en penumbra, excepto una mano, la rodilla y el pubis, que aparecen iluminados, se\u00f1alando su fragilidad y gran sensualidad. Perseo es reconocible, a pesar del escorzo y de no ver su cara, por las sandalias aladas, el casco, el escudo y la espada, prestados por los dioses para la lucha llevada a cabo con anterioridad contra Medusa y las otras dos gorgonas.<\/p>\n<p style=\"text-align: center;\"><img loading=\"lazy\" decoding=\"async\" class=\"alignnone wp-image-11822\" src=\"https:\/\/loscordonesquemeatocadadia.com\/es\/wp-content\/uploads\/2021\/10\/AAA-10-Velazquez-las_hilanderas-300x207.jpg\" alt=\"\" width=\"543\" height=\"375\" srcset=\"https:\/\/loscordonesquemeatocadadia.com\/es\/wp-content\/uploads\/2021\/10\/AAA-10-Velazquez-las_hilanderas-300x207.jpg 300w, https:\/\/loscordonesquemeatocadadia.com\/es\/wp-content\/uploads\/2021\/10\/AAA-10-Velazquez-las_hilanderas-768x530.jpg 768w, https:\/\/loscordonesquemeatocadadia.com\/es\/wp-content\/uploads\/2021\/10\/AAA-10-Velazquez-las_hilanderas.jpg 800w\" sizes=\"auto, (max-width: 543px) 100vw, 543px\" \/><\/p>\n<p style=\"text-align: center;\"><strong><em>Diego Vel\u00e1zquez<\/em><\/strong>. <strong><em>La f\u00e1bula de Aracne o Las hilanderas<\/em><\/strong>. <strong><em>1655-60. \u00d3leo sobre lienzo. 220 x 289 cm. Museo del Prado. Madrid.<\/em><\/strong><\/p>\n<p style=\"text-align: justify;\">La mortal Aracne alardeaba de hilar mejor que la diosa Atenea. Ambas compitieron tejiendo un tapiz sobre los amores de los dioses y Aracne, derrotada, fue convertida en ara\u00f1a.<\/p>\n<p style=\"text-align: justify;\"><strong><em>Las hilanderas<\/em><\/strong>, es la obra en la que el pintor <strong><em>Diego Rodr\u00edguez de Silva y Vel\u00e1zquez, Diego Vel\u00e1zquez,<\/em><\/strong> representa dos de los momentos importantes del mito. En la parte cercana central, tiene lugar el concurso de Aracne y la diosa Atenea -las tejedoras joven y vieja-, y al fondo del cuadro y en tapiz, el <strong><em>Rapto de Europa<\/em><\/strong> de <strong><em>Rubens,<\/em><\/strong> copiado de <strong><em>Tiziano<\/em><\/strong>. Frente al <em>Rapto de Europa<\/em>, se ve a Atenea en el momento de castigar a Aracne.<\/p>\n<p style=\"text-align: justify;\">Este cuadro es una de las obras maestras de la pintura universal, en el que el maestro <strong><em>Vel\u00e1zquez<\/em><\/strong>, hace alarde de sus capacidades narrativas en la pintura. Durante mucho tiempo, fue descrita como una escena de trabajo en el taller de tapicer\u00eda de Santa Isabel de Madrid. aunque se sospechaba que tras esa imagen costumbrista, se escond\u00eda una narraci\u00f3n mitol\u00f3gica. Las suposiciones se convirtieron en certeza, cuando se localiz\u00f3 una menci\u00f3n a esta obra en el inventario de bienes de don Pedro de Arce, realizado en 1664.<\/p>\n<p style=\"text-align: justify;\">Se describe en el inventario como la F\u00e1bula de Aracne. <em>Entre los temas tejidos por Aracne figuraban las transformaciones de J\u00fapiter<\/em>, y es precisamente una de ellas, la que se representa en el tapiz del fondo: <strong><em>El rapto de Europa <\/em><\/strong>llevado a cabo por Zeus convertido en toro blanco. Tenemos pues, un cuadro, que en primer t\u00e9rmino nos muestra una escena de un taller de tapicer\u00eda, y al fondo representa el episodio mitol\u00f3gico, que se desarrolla en un tapiz.<\/p>\n<p style=\"text-align: justify;\"><em>Las hilanderas<\/em>\u00a0es un cuadro en el que est\u00e1n presentes a la vez el veneciano Tiziano, el flamenco Rubens y el espa\u00f1ol Vel\u00e1zquez, es decir, tres de los maestros m\u00e1s grandes de la pintura universal.<\/p>\n<p style=\"text-align: justify;\">La pintura original era sensiblemente de menor tama\u00f1o que la actual, pues le fueron a\u00f1adidos m\u00e1s de 50 cm por la parte superior y 37 cm por los laterales, lo que altera mucho la composici\u00f3n y contribuye a restar protagonismo al plano del fondo, que es tan importante desde el punto de vista de la narraci\u00f3n.<\/p>\n<p style=\"text-align: justify;\">En 1711, ingres\u00f3 en el Alc\u00e1zar de Madrid, en cuyo incendio de 1734 parece ser que sufri\u00f3 bastante. De all\u00ed se traslad\u00f3 al palacio del Buen Retiro y en 1772 se colg\u00f3 en el Palacio Real, desde donde fue llevado al Museo del Prado en 1819, el mismo a\u00f1o de su inauguraci\u00f3n.<\/p>\n<p style=\"text-align: center;\"><img loading=\"lazy\" decoding=\"async\" class=\"alignnone wp-image-11812\" src=\"https:\/\/loscordonesquemeatocadadia.com\/es\/wp-content\/uploads\/2021\/10\/AAA-NO-POESIA-450px-Tizian_-_Danae_receiving_the_Golden_Rain_-_Prado-300x213.jpg\" alt=\"\" width=\"623\" height=\"442\" srcset=\"https:\/\/loscordonesquemeatocadadia.com\/es\/wp-content\/uploads\/2021\/10\/AAA-NO-POESIA-450px-Tizian_-_Danae_receiving_the_Golden_Rain_-_Prado-300x213.jpg 300w, https:\/\/loscordonesquemeatocadadia.com\/es\/wp-content\/uploads\/2021\/10\/AAA-NO-POESIA-450px-Tizian_-_Danae_receiving_the_Golden_Rain_-_Prado.jpg 450w\" sizes=\"auto, (max-width: 623px) 100vw, 623px\" \/><\/p>\n<p style=\"text-align: center;\"><strong><em>Tiziano.<\/em><\/strong> <strong><em>D\u00e1nae. 1560-65.<\/em><\/strong> <strong><em>\u00d3leo sobre lienzo. 129,8 x 181,2 cm. Museo del Prado. Madrid.<\/em><\/strong><\/p>\n<p style=\"text-align: justify;\">Once a\u00f1os despu\u00e9s de la anterior <strong><em>D\u00e1nae<\/em><\/strong>, de las <strong><em>poes\u00edas<\/em><\/strong>, y veinte m\u00e1s tarde de la realizada para el duque de Ferrara, terminada en 1565, Tiziano pint\u00f3 la D\u00e1nae que se conserva en Museo del Prado, que es la de mayor calidad, dada la experiencia acumulada y las reflexiones sobre las ya realizadas.<\/p>\n<p style=\"text-align: justify;\">Esta <strong><em>D\u00e1nae,<\/em><\/strong> adem\u00e1s, supera en sensualidad y erotismo a las dem\u00e1s versiones por la completa desnudez de la figura, al desaparecer la s\u00e1bana con la que se cubr\u00eda el sexo, por la expresi\u00f3n de \u00e9xtasis del rostro de la protagonista, y por el gesto de la mano separando las piernas para facilitar el acceso al dios.<\/p>\n<p style=\"text-align: justify;\">La obra debi\u00f3 ser pintada entre 1560-65, \u00e9poca en la que Tiziano trabajaba ya con <strong><em>desva\u00eddas<\/em><\/strong> pinceladas cargadas con un \u00f3leo muy diluido, que permite apreciar el fondo del lienzo.<\/p>\n<p style=\"text-align: justify;\">Fue adquirida por Vel\u00e1zquez con otras pinturas para decorar el palacio del Buen Retiro.<\/p>\n<p style=\"text-align: justify;\"><strong>M\u00fasica<\/strong>: <strong><em>Nocturno in e minor op. posth 72. Chopin.<\/em><\/strong><\/p>\n<p style=\"text-align: center;\"><em><strong>To be continued in part 7 and last.<\/strong><\/em><\/p>\n","protected":false},"excerpt":{"rendered":"<p>As\u00ed entramos en el tercer espacio de la exposici\u00f3n, que se denomina Poes\u00edas, refiri\u00e9ndose a los seis cuadros de Tiziano, as\u00ed llamados, y que adem\u00e1s contiene otras obras de Veronese, Rubens, Vel\u00e1zquez y una\u00a0 D\u00e1nae de Tiziano como se podr\u00e1 ver.<\/p>\n","protected":false},"author":2,"featured_media":11796,"comment_status":"open","ping_status":"closed","sticky":false,"template":"","format":"standard","meta":{"_mo_disable_npp":"","om_disable_all_campaigns":false,"_monsterinsights_skip_tracking":false,"_monsterinsights_sitenote_active":false,"_monsterinsights_sitenote_note":"","_monsterinsights_sitenote_category":0,"_uf_show_specific_survey":0,"_uf_disable_surveys":false,"footnotes":""},"categories":[61,22,1,21],"tags":[1996,1981,1994,1988,1985,1999,1995,1989,1993,1968,1938,1998,1950,1997],"class_list":["post-11810","post","type-post","status-publish","format-standard","has-post-thumbnail","hentry","category-ficcion","category-historia","category-la-emocion-del-arte","category-pintura","tag-acteon","tag-adonis","tag-andromeda","tag-aracne","tag-calisto","tag-danae","tag-diana","tag-europa","tag-perseo","tag-rubens","tag-tiziano","tag-velazquez","tag-venus","tag-veronese"],"aioseo_notices":[],"post_mailing_queue_ids":[],"_links":{"self":[{"href":"https:\/\/loscordonesquemeatocadadia.com\/es\/wp-json\/wp\/v2\/posts\/11810","targetHints":{"allow":["GET"]}}],"collection":[{"href":"https:\/\/loscordonesquemeatocadadia.com\/es\/wp-json\/wp\/v2\/posts"}],"about":[{"href":"https:\/\/loscordonesquemeatocadadia.com\/es\/wp-json\/wp\/v2\/types\/post"}],"author":[{"embeddable":true,"href":"https:\/\/loscordonesquemeatocadadia.com\/es\/wp-json\/wp\/v2\/users\/2"}],"replies":[{"embeddable":true,"href":"https:\/\/loscordonesquemeatocadadia.com\/es\/wp-json\/wp\/v2\/comments?post=11810"}],"version-history":[{"count":6,"href":"https:\/\/loscordonesquemeatocadadia.com\/es\/wp-json\/wp\/v2\/posts\/11810\/revisions"}],"predecessor-version":[{"id":13052,"href":"https:\/\/loscordonesquemeatocadadia.com\/es\/wp-json\/wp\/v2\/posts\/11810\/revisions\/13052"}],"wp:featuredmedia":[{"embeddable":true,"href":"https:\/\/loscordonesquemeatocadadia.com\/es\/wp-json\/wp\/v2\/media\/11796"}],"wp:attachment":[{"href":"https:\/\/loscordonesquemeatocadadia.com\/es\/wp-json\/wp\/v2\/media?parent=11810"}],"wp:term":[{"taxonomy":"category","embeddable":true,"href":"https:\/\/loscordonesquemeatocadadia.com\/es\/wp-json\/wp\/v2\/categories?post=11810"},{"taxonomy":"post_tag","embeddable":true,"href":"https:\/\/loscordonesquemeatocadadia.com\/es\/wp-json\/wp\/v2\/tags?post=11810"}],"curies":[{"name":"wp","href":"https:\/\/api.w.org\/{rel}","templated":true}]}}