{"id":12509,"date":"2023-02-04T09:00:38","date_gmt":"2023-02-04T08:00:38","guid":{"rendered":"https:\/\/loscordonesquemeatocadadia.com\/es\/?p=12509"},"modified":"2023-02-04T19:05:50","modified_gmt":"2023-02-04T18:05:50","slug":"giorgio-morandi-muestra-de-la-fundacion-mapfre-en-madrid-parte-2","status":"publish","type":"post","link":"https:\/\/loscordonesquemeatocadadia.com\/es\/2023\/02\/04\/giorgio-morandi-muestra-de-la-fundacion-mapfre-en-madrid-parte-2\/","title":{"rendered":"GIORGIO MORANDI. MUESTRA DE LA FUNDACI\u00d3N MAPFRE EN MADRID. Parte 2."},"content":{"rendered":"<audio class=\"wp-audio-shortcode\" id=\"audio-12509-1\" loop autoplay preload=\"auto\" style=\"width: 100%;\" controls=\"controls\"><source type=\"audio\/mpeg\" src=\"https:\/\/loscordonesquemeatocadadia.com\/es\/wp-content\/uploads\/2021\/11\/musica-instrumental-italiana-clasic-1.mp3?_=1\" \/><a href=\"https:\/\/loscordonesquemeatocadadia.com\/es\/wp-content\/uploads\/2021\/11\/musica-instrumental-italiana-clasic-1.mp3\">https:\/\/loscordonesquemeatocadadia.com\/es\/wp-content\/uploads\/2021\/11\/musica-instrumental-italiana-clasic-1.mp3<\/a><\/audio>\n<p><span style=\"color: #ff0000;\"><strong><em>SEGUNDA SECCI\u00d3N. ENCANTAMIENTOS <span style=\"color: #0000ff;\">METAF\u00cdSICOS.<\/span><\/em><\/strong><\/span><\/p>\n<p style=\"text-align: justify;\">Durante la Primera Guerra Mundial, en 1915, Giorgio <strong><em>Morandi<\/em> <\/strong>fue llamado a \u00adfilas, y tras una grave enfermedad fue licenciado. Tras su recuperaci\u00f3n, destruy\u00f3 buena parte de su obra entrando en un per\u00edodo de crisis creativa. Entre 1918 y 1919 estuvo trabajando junto a <strong><em>Giorgio de Chirico<\/em><\/strong> y <strong><em>Carlo Carr\u00e0 <\/em><\/strong>que hab\u00edan fundado en Ferrara la tendencia conocida como <strong><em>pintura metaf\u00edsica<\/em><\/strong>, caracterizada por composiciones a partir de elementos de la realidad que en su conjunto y presentados en atm\u00f3sferas est\u00e1ticas generaran un cierto extra\u00f1amiento, como si lo representado fuera m\u00e1s all\u00e1 de lo real.<!--more--><\/p>\n<p style=\"text-align: justify;\">Las obras de <em><strong>Morandi<\/strong><\/em> durante su permanencia en esta tendencia se poblaron de maniqu\u00edes, esferas y elementos geom\u00e9tricos t\u00edpicos de la nueva corriente, aunque sus obras carecieron del componente narrativo propio de la metaf\u00edsica. Su pretensi\u00f3n era diferente: quer\u00eda llevar a cabo una pintura que lograra su fuerza en la repetici\u00f3n y que le permitiera llevar a cabo una rigurosa investigaci\u00f3n formal de los objetos tratados y la relaci\u00f3n entre ellos. El enigma de la pintura metaf\u00edsica surg\u00eda entre otros aspectos de la disposici\u00f3n conjunta de objetos dispares, sin l\u00f3gica aparente entre ellos. Los cuadros de este per\u00edodo son, seg\u00fan las propias palabras del artista,<em> puras naturalezas muertas y nunca pretenden sugerir consideraciones metaf\u00edsicas, surrealistas, psicol\u00f3gicas o literarias.<\/em><\/p>\n<p style=\"text-align: justify;\">En esta secci\u00f3n, participaban junto a Morandi tres artistas que encontraron inspiraci\u00f3n en esa personal interpretaci\u00f3n de la pintura metaf\u00edsica: <em>Joel Meyerowitz<\/em>, <em>Dis Berlin<\/em> y <em>Andrea Facco<\/em>, con\u00a0 medios distintos, como son la fotograf\u00eda y la pintura, intentando hacer sentir a todos algo con esos objetos parecido a lo que enamor\u00f3 al artista que los cre\u00f3.<\/p>\n<p style=\"text-align: center;\"><img loading=\"lazy\" decoding=\"async\" class=\"alignnone wp-image-12531\" src=\"https:\/\/loscordonesquemeatocadadia.com\/es\/wp-content\/uploads\/2021\/11\/1-Natura-morta-metafisica-1918-208x300.jpg\" alt=\"\" width=\"453\" height=\"653\" \/><\/p>\n<p style=\"text-align: center;\"><em><strong>Giorgio Morandi. Natura morta metaf\u00edsica. 1918. \u00d3leo sobre lienzo. 54 x 38 cm. Fondazione Magnani Roca. <\/strong><\/em><em><strong>Mamiano di Traversetolo. Provincia de Parma. Italia.<\/strong><\/em><\/p>\n<p style=\"text-align: justify;\">En este \u00f3leo aparece el maniqu\u00ed, objeto s\u00edmbolo de la imagen metaf\u00edsica, y portador de infinitos misterios seg\u00fan la po\u00e9tica de <em><strong>de Chirico<\/strong><\/em>. Sin embargo Morandi lo desmitifica por completo, us\u00e1ndolo exclusivamente por sus valores formales. Aqu\u00ed, el maniqu\u00ed aparece cortado por la mitad junto a una botella y a una caja sobre una mesa en un ejercicio de equilibrio formal. Todo ello se ve acentuado por la textura pulida de la pintura y la escueta gama de tonos pardos. El resultado es un ambiente l\u00edmpido, donde parece no existir ni la atm\u00f3sfera, quedando los objetos suspendidos en un tiempo indefinible.<\/p>\n<p style=\"text-align: center;\"><img loading=\"lazy\" decoding=\"async\" class=\"alignnone wp-image-12523\" src=\"https:\/\/loscordonesquemeatocadadia.com\/es\/wp-content\/uploads\/2021\/11\/2-objetos-de-morandi-cabeza-partida-joel-199x300.jpg\" alt=\"\" width=\"409\" height=\"617\" \/><\/p>\n<p style=\"text-align: center;\"><strong><em>Joel MEYEROWITZ<\/em><\/strong>. <strong><em>Objeto de Morandi: cabeza partida. 2015. Impresi\u00f3n HP sobre papel de algod\u00f3n.<\/em><\/strong><\/p>\n<p style=\"text-align: justify;\">Muchos son los artistas que han sentido la necesidad de adentrarse en el universo \u00edntimo de <em>Morandi<\/em>, en el espacio donde \u00e9l viv\u00eda y ten\u00eda su taller en Bolonia. Hoy, este lugar se encuentra pr\u00e1cticamente como el artista lo dej\u00f3.<\/p>\n<p style=\"text-align: justify;\">Joel <strong><em>MEYEROWITZ<\/em><\/strong> nacido en Nueva York en 1938, pas\u00f3 d\u00edas enteros en el espacio del taller de <em>Morandi<\/em>, fotografiando todos los objetos que all\u00ed se almacenan con la intenci\u00f3n de sacar a la luz la m\u00e1s pura esencia de todos ellos. Joel aprovech\u00f3 la iluminaci\u00f3n natural, utilizando la mesa del estudio como punto de apoyo, y como fondo, un papel con salpicaduras dejadas por el maestro bolo\u00f1\u00e9s. Con ello, reconstruye el imaginario m\u00e1s privado de <em>Morandi<\/em>.<\/p>\n<p style=\"text-align: center;\"><img loading=\"lazy\" decoding=\"async\" class=\"alignnone wp-image-12524\" src=\"https:\/\/loscordonesquemeatocadadia.com\/es\/wp-content\/uploads\/2021\/11\/3-Facco-Grio-colore-300x274.jpg\" alt=\"\" width=\"496\" height=\"453\" srcset=\"https:\/\/loscordonesquemeatocadadia.com\/es\/wp-content\/uploads\/2021\/11\/3-Facco-Grio-colore-300x274.jpg 300w, https:\/\/loscordonesquemeatocadadia.com\/es\/wp-content\/uploads\/2021\/11\/3-Facco-Grio-colore.jpg 431w\" sizes=\"auto, (max-width: 496px) 100vw, 496px\" \/><\/p>\n<p style=\"text-align: center;\"><strong><em>Andrea FACCO<\/em><\/strong>. <strong><em>La apariencia. 2020. Grigiocolore n\u00ba 78. Grigio colore sobre lienzo. Seg\u00fan Giorgio Morandi. <\/em><\/strong><\/p>\n<p style=\"text-align: justify;\">Esta pintura fue robada en 1981 de la <strong><em>Fondazione Roberto Longhi<\/em> <\/strong>de Florencia y nunca fue recuperada. En 2020 <em>Facco<\/em> volvi\u00f3 a pintar aquella <em>Natura morta<\/em> de 1919 robada, en colores grises con los residuos que dejan los pinceles al enjuagarse &#8211;<em>grigio colore<\/em>-. Para el artista, este acto signific\u00f3 devolver la dignidad est\u00e9tica a algo que ya no exist\u00eda para \u00e9l. <em>Facco<\/em> asumi\u00f3 la obra como una experiencia necesaria para captar el paso del tiempo y apoderarse de la sustancia y de la voz silenciosa de los objetos tal y como indica el nombre elegido para la obra: <strong><em>La apariencia;<\/em><\/strong> los objetos parece que se muestran a la mirada, pero al mismo tiempo permanecen en un estado de eterna suspensi\u00f3n y constante incertidumbre. En esta obra, se captan las escenas sin la atm\u00f3sfera de los bodegones de la fase metaf\u00edsica de <em>Morandi<\/em>, no siendo los objetos met\u00e1foras de ning\u00fan tipo, aunque intenta plasmar su poes\u00eda y su alma, tal y como lo hac\u00eda el maestro de Bolonia.<\/p>\n<p style=\"text-align: center;\"><img loading=\"lazy\" decoding=\"async\" class=\"alignnone wp-image-12525\" src=\"https:\/\/loscordonesquemeatocadadia.com\/es\/wp-content\/uploads\/2021\/11\/4-natura-morta-1919-300x185.jpg\" alt=\"\" width=\"431\" height=\"266\" srcset=\"https:\/\/loscordonesquemeatocadadia.com\/es\/wp-content\/uploads\/2021\/11\/4-natura-morta-1919-300x185.jpg 300w, https:\/\/loscordonesquemeatocadadia.com\/es\/wp-content\/uploads\/2021\/11\/4-natura-morta-1919-1024x633.jpg 1024w, https:\/\/loscordonesquemeatocadadia.com\/es\/wp-content\/uploads\/2021\/11\/4-natura-morta-1919-768x475.jpg 768w, https:\/\/loscordonesquemeatocadadia.com\/es\/wp-content\/uploads\/2021\/11\/4-natura-morta-1919.jpg 1194w\" sizes=\"auto, (max-width: 431px) 100vw, 431px\" \/><\/p>\n<p style=\"text-align: center;\"><strong><em>Giorgio Morandi. Natura morta. 1919. \u00d3leo sobre lienzo. Ministerio della Cultura di Brera. Mil\u00e1n.<\/em><\/strong><\/p>\n<p style=\"text-align: justify;\">La\u00a0<em>Natura morta<\/em>\u00a0de 1919, en su d\u00eda propiedad de Broglio, y hoy en la milanesa <em>Pinacoteca di Brera<\/em>, es una de las mejores del breve periodo metaf\u00edsico de <em>Morandi<\/em>, obra que tiene que ver con algunas de Carr\u00e0. Silenciosa, seca, de una geometr\u00eda severa y de ra\u00edz cubista. Gris y ocre, cristalino y puro.<\/p>\n<p style=\"text-align: center;\"><img loading=\"lazy\" decoding=\"async\" class=\"alignnone wp-image-12526\" src=\"https:\/\/loscordonesquemeatocadadia.com\/es\/wp-content\/uploads\/2021\/11\/5-natura-morta-florero-azul-1920-300x285.jpg\" alt=\"\" width=\"396\" height=\"376\" srcset=\"https:\/\/loscordonesquemeatocadadia.com\/es\/wp-content\/uploads\/2021\/11\/5-natura-morta-florero-azul-1920-300x285.jpg 300w, https:\/\/loscordonesquemeatocadadia.com\/es\/wp-content\/uploads\/2021\/11\/5-natura-morta-florero-azul-1920.jpg 426w\" sizes=\"auto, (max-width: 396px) 100vw, 396px\" \/><\/p>\n<p style=\"text-align: center;\"><strong><em>Giorgio Morandi. Natura morta. El florero azul.1920. \u00d3leo sobre lienzo. Kunstammlung NordrheinWestfalen. D\u00fcseldorf. Alemania.<\/em><\/strong><\/p>\n<p style=\"text-align: center;\"><strong><em><img loading=\"lazy\" decoding=\"async\" class=\"alignnone wp-image-12527\" src=\"https:\/\/loscordonesquemeatocadadia.com\/es\/wp-content\/uploads\/2021\/11\/6-narura-morta-1919-morandi-300x225.jpg\" alt=\"\" width=\"371\" height=\"278\" srcset=\"https:\/\/loscordonesquemeatocadadia.com\/es\/wp-content\/uploads\/2021\/11\/6-narura-morta-1919-morandi-300x225.jpg 300w, https:\/\/loscordonesquemeatocadadia.com\/es\/wp-content\/uploads\/2021\/11\/6-narura-morta-1919-morandi.jpg 350w\" sizes=\"auto, (max-width: 371px) 100vw, 371px\" \/>\u00a0<\/em><\/strong><\/p>\n<p style=\"text-align: center;\"><strong><em>Giorgio Morandi. Natura morta. 1919. \u00d3leo sobre lienzo. Eni Art Collection.<\/em><\/strong><\/p>\n<p style=\"text-align: justify;\">El <strong><em>desorden<\/em><\/strong> de las vanguardias hizo que desde finales de la d\u00e9cada de1910, muchos artistas e intelectuales sintieran la necesidad de regresar a la <strong><em>calma<\/em><\/strong>. Pablo Picasso, Juan Gris, Andr\u00e9 Derain, Giorgio de Chirico o los integrantes de la <em><strong>Nueva Objetividad<\/strong> alemana<\/em> por citar a algunos, se dirigieron a lo que se conoce como vuelta al <strong><em>orden<\/em>.<\/strong> En Italia estos realismos de nuevo cu\u00f1o, estuvieron liderados por el grupo <strong><em>Novecento,<\/em><\/strong> formado en torno a <em>Margherita Sarfatti<\/em>. Se puede considerar esta naturaleza muerta de 1919, un ejemplo de c\u00f3mo tambi\u00e9n <em>Morandi<\/em> se vio influido por la nueva tendencia, en la que los objetos se convierten en protagonistas y se otorga valor a los motivos cotidianos.<\/p>\n<p style=\"text-align: center;\"><img loading=\"lazy\" decoding=\"async\" class=\"alignnone wp-image-12528\" src=\"https:\/\/loscordonesquemeatocadadia.com\/es\/wp-content\/uploads\/2021\/11\/7-Dis-Berlin-ermitano-207x300.jpg\" alt=\"\" width=\"309\" height=\"448\" srcset=\"https:\/\/loscordonesquemeatocadadia.com\/es\/wp-content\/uploads\/2021\/11\/7-Dis-Berlin-ermitano-207x300.jpg 207w, https:\/\/loscordonesquemeatocadadia.com\/es\/wp-content\/uploads\/2021\/11\/7-Dis-Berlin-ermitano.jpg 520w\" sizes=\"auto, (max-width: 309px) 100vw, 309px\" \/><\/p>\n<p style=\"text-align: center;\"><strong><em>Dis BERLIN<\/em><\/strong>. <strong><em>El eremita. 2005. Madera. Colecci\u00f3n Pedro Almod\u00f3var.<\/em><\/strong><\/p>\n<p style=\"text-align: justify;\">Las conexiones entre <em>Mariano Carrera Bl\u00e1zquez<\/em> conocido como <strong><em>Dis Berl\u00edn<\/em><\/strong>, nacido en Soria, y <em>Giorgio Morandi<\/em>, pueden parecer en un principio sorprendentes. El pintor escultor y fot\u00f3grafo espa\u00f1ol, desarroll\u00f3 su trabajo al calor de la figuraci\u00f3n madrile\u00f1a de los a\u00f1os 70 y 80. En el caso de <strong><em>El eremita<\/em><\/strong>, expresa el hermetismo del lugar donde se alberga el ermita\u00f1o que el artista cree que es, acompa\u00f1ado y cobijado por un cipr\u00e9s, con todas las connotaciones m\u00edsticas y eleg\u00edacas que este \u00e1rbol conlleva, de inmovilismo y quietud.<\/p>\n<p style=\"text-align: center;\"><img loading=\"lazy\" decoding=\"async\" class=\"alignnone wp-image-12529\" src=\"https:\/\/loscordonesquemeatocadadia.com\/es\/wp-content\/uploads\/2021\/11\/8-norandi-natura-morta-1920-300x199.jpg\" alt=\"\" width=\"371\" height=\"246\" srcset=\"https:\/\/loscordonesquemeatocadadia.com\/es\/wp-content\/uploads\/2021\/11\/8-norandi-natura-morta-1920-300x199.jpg 300w, https:\/\/loscordonesquemeatocadadia.com\/es\/wp-content\/uploads\/2021\/11\/8-norandi-natura-morta-1920.jpg 405w\" sizes=\"auto, (max-width: 371px) 100vw, 371px\" \/><\/p>\n<p style=\"text-align: center;\"><strong><em>Giorgio Morandi. Natura morta. 1920. \u00d3leo sobre tabla. Instutuzione Bologna Musei. Musei Morandi. Bolonia.<\/em><\/strong><\/p>\n<p style=\"text-align: center;\"><img loading=\"lazy\" decoding=\"async\" class=\"alignnone wp-image-12530\" src=\"https:\/\/loscordonesquemeatocadadia.com\/es\/wp-content\/uploads\/2021\/11\/9-nat-mort-1921-300x271.jpg\" alt=\"\" width=\"361\" height=\"326\" srcset=\"https:\/\/loscordonesquemeatocadadia.com\/es\/wp-content\/uploads\/2021\/11\/9-nat-mort-1921-300x271.jpg 300w, https:\/\/loscordonesquemeatocadadia.com\/es\/wp-content\/uploads\/2021\/11\/9-nat-mort-1921.jpg 379w\" sizes=\"auto, (max-width: 361px) 100vw, 361px\" \/><\/p>\n<p style=\"text-align: center;\"><strong><em>Giorgio Morandi. Natura morta. 1921. \u00d3leo sobre lienzo. Colecci\u00f3n Giorgio Pulazza.<\/em><\/strong><\/p>\n<p style=\"text-align: justify;\"><span style=\"color: #ff0000;\"><strong><em>TERCERA SECCI\u00d3N. <span style=\"color: #0000ff;\">PAISAJES<\/span> DE DURACI\u00d3N INFINITA<\/em><\/strong><strong><em>.<\/em><\/strong><\/span><\/p>\n<p style=\"text-align: justify;\">Junto a la naturaleza muerta, el <strong><em>paisaje<\/em><\/strong>, es el otro g\u00e9nero m\u00e1s cultivado por <em>Morandi<\/em>. Ambos son los que mejor se prestan a repeticiones y variaciones, aspectos fundamentales en la forma de hacer del artista.<\/p>\n<p style=\"text-align: justify;\">El artista pint\u00f3 dos tipos de paisajes: los de los alrededores de <strong><em>Grizzana<\/em><\/strong>, lugar de los Apeninos, donde sol\u00eda pasar los veranos desde 1913, y el del campo y patio que se ve\u00eda desde la ventana de su estudio en la <strong><em>Via Fondazza<\/em><\/strong> de Bolonia, motivo que abord\u00f3 a partir de 1944, tras haber abandonado durante un tiempo ese g\u00e9nero.<\/p>\n<p style=\"text-align: justify;\">El pintor abord\u00f3 el paisaje del mismo modo que las naturalezas muertas. Pocos trazos que insin\u00faan lugares detenidos, silentes e infinitos.<\/p>\n<p style=\"text-align: justify;\">Artistas actuales que han recuperado el paisaje, han encontrado en <em>Morandi<\/em> un referente en su apuesta por la pintura como un medio que se resiste a desaparecer. <em>Alessandro Taiana<\/em> y <em>Juan Jos\u00e9 Aquerreta <\/em>remiten directamente a esa desmaterializaci\u00f3n de las formas, presente en los paisajes, que el maestro italiano realiz\u00f3 durante el per\u00edodo b\u00e9lico y en sus acuarelas. Mientras, <em>Riccardo Taiana<\/em> nos muestra una Italia desgastada, triste y vieja; el negativo de la filosof\u00eda de <em>Morandi<\/em>.<\/p>\n<p style=\"text-align: center;\"><img loading=\"lazy\" decoding=\"async\" class=\"alignnone wp-image-12520\" src=\"https:\/\/loscordonesquemeatocadadia.com\/es\/wp-content\/uploads\/2021\/11\/11-paisaje-1928-300x300.jpg\" alt=\"\" width=\"467\" height=\"467\" srcset=\"https:\/\/loscordonesquemeatocadadia.com\/es\/wp-content\/uploads\/2021\/11\/11-paisaje-1928-300x300.jpg 300w, https:\/\/loscordonesquemeatocadadia.com\/es\/wp-content\/uploads\/2021\/11\/11-paisaje-1928-150x150.jpg 150w, https:\/\/loscordonesquemeatocadadia.com\/es\/wp-content\/uploads\/2021\/11\/11-paisaje-1928.jpg 414w\" sizes=\"auto, (max-width: 467px) 100vw, 467px\" \/><\/p>\n<p style=\"text-align: center;\"><strong><em>Giorgio Morandi. Paisaje. 1928. \u00d3leo sobre lienzo. Collezione Augusto e Francesca Giovanardi. Mil\u00e1n.<\/em><\/strong><\/p>\n<p style=\"text-align: center;\"><img loading=\"lazy\" decoding=\"async\" class=\"alignnone wp-image-12521\" src=\"https:\/\/loscordonesquemeatocadadia.com\/es\/wp-content\/uploads\/2021\/11\/12-la-strada-blanca-300x239.jpg\" alt=\"\" width=\"472\" height=\"376\" srcset=\"https:\/\/loscordonesquemeatocadadia.com\/es\/wp-content\/uploads\/2021\/11\/12-la-strada-blanca-300x239.jpg 300w, https:\/\/loscordonesquemeatocadadia.com\/es\/wp-content\/uploads\/2021\/11\/12-la-strada-blanca.jpg 391w\" sizes=\"auto, (max-width: 472px) 100vw, 472px\" \/><\/p>\n<p style=\"text-align: center;\"><strong><em>Giorgio Morandi. La strada blanca. Paisaje. 1941. \u00d3leo sobre lienzo. Collezione Augusto e Francesca Giovanardi. Mil\u00e1n.<\/em><\/strong><\/p>\n<p style=\"text-align: justify;\">Tras abordar el g\u00e9nero siguiendo el modelo de C\u00e9zanne, el pintor, traduce lo aprendido en composiciones cada vez m\u00e1s sint\u00e9ticas y de profundo sentido l\u00edrico, como muestran las distintas variaciones que realiza en <strong><em>La<\/em> <\/strong><em><strong>carretera blanca<\/strong>,<\/em> motivo que arranca con un grabado de 1933. Una obra, como todas las de sus paisajes, realizada en el estudio y no <em>plein air,<\/em> y por lo tanto una reconstrucci\u00f3n mental de su memoria sobre lo visto en el exterior.<\/p>\n<p style=\"text-align: center;\"><img loading=\"lazy\" decoding=\"async\" class=\"alignnone wp-image-12522\" src=\"https:\/\/loscordonesquemeatocadadia.com\/es\/wp-content\/uploads\/2021\/11\/14-paisaje-1962-lapiz-sobre-papel-300x175.jpg\" alt=\"\" width=\"465\" height=\"271\" srcset=\"https:\/\/loscordonesquemeatocadadia.com\/es\/wp-content\/uploads\/2021\/11\/14-paisaje-1962-lapiz-sobre-papel-300x175.jpg 300w, https:\/\/loscordonesquemeatocadadia.com\/es\/wp-content\/uploads\/2021\/11\/14-paisaje-1962-lapiz-sobre-papel.jpg 431w\" sizes=\"auto, (max-width: 465px) 100vw, 465px\" \/><\/p>\n<p style=\"text-align: center;\"><strong><em>Giorgio Morandi. Paisaje. 1962. L\u00e1piz sobre papel. Fondazione Magnani Roca. <\/em><\/strong><em><strong>Mamiano di Traversetolo. Provincia de Parma. Italia.<\/strong><\/em><\/p>\n<p style=\"text-align: center;\"><img loading=\"lazy\" decoding=\"async\" class=\"alignnone wp-image-12519\" src=\"https:\/\/loscordonesquemeatocadadia.com\/es\/wp-content\/uploads\/2021\/11\/25-1957-acuarela-sobre-papel.-Paisaje-300x177.jpg\" alt=\"\" width=\"498\" height=\"294\" srcset=\"https:\/\/loscordonesquemeatocadadia.com\/es\/wp-content\/uploads\/2021\/11\/25-1957-acuarela-sobre-papel.-Paisaje-300x177.jpg 300w, https:\/\/loscordonesquemeatocadadia.com\/es\/wp-content\/uploads\/2021\/11\/25-1957-acuarela-sobre-papel.-Paisaje.jpg 434w\" sizes=\"auto, (max-width: 498px) 100vw, 498px\" \/><\/p>\n<p style=\"text-align: center;\"><strong><em>Giorgio Morandi. Paisaje. Levico. 1957. Acuarela sobre papel. Fondazione Magnani Roca. <\/em><\/strong><em><strong>Mamiano di Traversetolo. Provincia de Parma. Italia.<\/strong><\/em><\/p>\n<p style=\"text-align: center;\"><img loading=\"lazy\" decoding=\"async\" class=\"alignnone wp-image-12512\" src=\"https:\/\/loscordonesquemeatocadadia.com\/es\/wp-content\/uploads\/2021\/11\/15-1958-191x300.jpg\" alt=\"\" width=\"430\" height=\"675\" srcset=\"https:\/\/loscordonesquemeatocadadia.com\/es\/wp-content\/uploads\/2021\/11\/15-1958-191x300.jpg 191w, https:\/\/loscordonesquemeatocadadia.com\/es\/wp-content\/uploads\/2021\/11\/15-1958.jpg 211w\" sizes=\"auto, (max-width: 430px) 100vw, 430px\" \/><\/p>\n<p style=\"text-align: center;\"><strong><em>Giorgio Morandi. Paisaje. 1958. Acuarela sobre papel. Fondazione Magnani Roca. <\/em><\/strong><em><strong>Mamiano di Traversetolo. Provincia de Parma. Italia.<\/strong><\/em><\/p>\n<p style=\"text-align: center;\"><img loading=\"lazy\" decoding=\"async\" class=\"alignnone wp-image-12513\" src=\"https:\/\/loscordonesquemeatocadadia.com\/es\/wp-content\/uploads\/2021\/11\/16-paisaje-1943-300x239.jpg\" alt=\"\" width=\"434\" height=\"346\" srcset=\"https:\/\/loscordonesquemeatocadadia.com\/es\/wp-content\/uploads\/2021\/11\/16-paisaje-1943-300x239.jpg 300w, https:\/\/loscordonesquemeatocadadia.com\/es\/wp-content\/uploads\/2021\/11\/16-paisaje-1943.jpg 444w\" sizes=\"auto, (max-width: 434px) 100vw, 434px\" \/><\/p>\n<p style=\"text-align: center;\"><strong><em>Giorgio Morandi. Paisaje. 1943. \u00d3leo sobre lienzo. Collezione Augusto e Francesca Giovanardi. Mil\u00e1n.<\/em><\/strong><\/p>\n<p style=\"text-align: justify;\">Durante la Segunda Guerra mundial se refugi\u00f3 <em>Morandi<\/em> en el paisaje monta\u00f1oso de los Apeninos, lugar de sus vacaciones estivales. Este paisaje pintado en 1943, se\u00f1ala la angustia de los tiempos de guerra, por los trazos que s\u00fabitamente se vuelven agitados y la paleta que se aten\u00faa. Se puede ver un paisaje con graneros como los que utilizaban de refugio los partisanos en un paraje disgregado a punto de desvanecerse, que parece reci\u00e9n bombardeado y devastado por la guerra. Se considera este per\u00edodo de <em>Morandi<\/em> y su <em>paisaje de 1943\u00a0 <\/em>como el logro de la madurez de su pintura.<\/p>\n<p style=\"text-align: center;\"><img loading=\"lazy\" decoding=\"async\" class=\"alignnone wp-image-12515\" src=\"https:\/\/loscordonesquemeatocadadia.com\/es\/wp-content\/uploads\/2021\/11\/18-inta-nasa-alessandro-taiana-300x204.jpg\" alt=\"\" width=\"579\" height=\"394\" srcset=\"https:\/\/loscordonesquemeatocadadia.com\/es\/wp-content\/uploads\/2021\/11\/18-inta-nasa-alessandro-taiana-300x204.jpg 300w, https:\/\/loscordonesquemeatocadadia.com\/es\/wp-content\/uploads\/2021\/11\/18-inta-nasa-alessandro-taiana.jpg 547w\" sizes=\"auto, (max-width: 579px) 100vw, 579px\" \/><\/p>\n<p style=\"text-align: center;\"><strong><em>Alessandro TAIANA. Inta-Nasa. 2011-2012. \u00d3leo sobre lienzo. Cortes\u00eda Galer\u00eda Gurriar\u00e1n. <\/em><\/strong><\/p>\n<p style=\"text-align: justify;\">El sentido de la soledad y el silencio reinan en las obras de <em>Alessandro Taiana<\/em> al igual que en las de <em>Morandi,<\/em> aunque el primero siempre pinta al aire libre, mientras el segundo lo hace en su estudio con representaciones mentales. En la obra de TAIANA, lo natural aparece cuidadosamente identificado, gracias a la relaci\u00f3n entre su pincelada suave y el espacio que \u00e9sta sugiere, con una constante b\u00fasqueda de valores crom\u00e1ticos y su capacidad para captar los matices de la luz. Afincado en Madrid, para esta obra el artista se traslad\u00f3 hasta la sede de la Estaci\u00f3n Espacial INTA NASA de Robledo de Chavela, creando un curioso paraje de ciencia ficci\u00f3n.<\/p>\n<p style=\"text-align: center;\"><img loading=\"lazy\" decoding=\"async\" class=\"alignnone wp-image-12514\" src=\"https:\/\/loscordonesquemeatocadadia.com\/es\/wp-content\/uploads\/2021\/11\/17-riccardo-Taiana-cubos-300x208.jpg\" alt=\"\" width=\"485\" height=\"336\" srcset=\"https:\/\/loscordonesquemeatocadadia.com\/es\/wp-content\/uploads\/2021\/11\/17-riccardo-Taiana-cubos-300x208.jpg 300w, https:\/\/loscordonesquemeatocadadia.com\/es\/wp-content\/uploads\/2021\/11\/17-riccardo-Taiana-cubos.jpg 427w\" sizes=\"auto, (max-width: 485px) 100vw, 485px\" \/><\/p>\n<p style=\"text-align: center;\"><strong><em>Riccardo TAIANA. Cubos de cemento. 2015. \u00d3leo sobre lienzo. Cortes\u00eda del autor. <\/em><\/strong><\/p>\n<p style=\"text-align: justify;\">La obra de <em>Riccardo Taiana<\/em> se centra en el paisaje contempor\u00e1neo como punto de partida para explorar una Italia desgastada que recorri\u00f3 de norte a sur para representarla de forma personal. <em>Riccardo<\/em> desarroll\u00f3 su inter\u00e9s por la obra de Morandi en la <strong><em>Academia de Brera,<\/em><\/strong> y con los a\u00f1os se fue centrando en este g\u00e9nero del paisaje, que aborda, al igual que el maestro bolo\u00f1\u00e9s, sin ninguna implicaci\u00f3n emocional, con tonos suaves y aterciopelados y una luz clara c\u00f3mo se puede apreciar en esta obra.<\/p>\n<p style=\"text-align: center;\"><img loading=\"lazy\" decoding=\"async\" class=\"alignnone wp-image-12517\" src=\"https:\/\/loscordonesquemeatocadadia.com\/es\/wp-content\/uploads\/2021\/11\/20-patio-via-fondazza-1954.jpg\" alt=\"\" width=\"411\" height=\"361\" \/><\/p>\n<p style=\"text-align: center;\"><strong><em>Giorgio Morandi. Patio de la v\u00eda Fondazza. 1954. \u00d3leo sobre lienzo. Fondazione Magnani Roca. <\/em><\/strong><em><strong>Mamiano di Traversetolo. Provincia de Parma. Italia.<\/strong><\/em><\/p>\n<p style=\"text-align: justify;\">Tras abandonar casi por completo la pintura de paisajes, en 1954, <em>Morandi<\/em> volvi\u00f3 a pintar una serie de vistas del patio de su casa en Bolonia. Se trata de obras de extraordinaria maestr\u00eda compositiva y crom\u00e1tica, destacando el rigor en el encaje de los vol\u00famenes de los edificios, impuesto por la ventana de su dormitorio, que el artista usaba como encuadre, restituyendo los tonos rosados t\u00edpicos de las casas bolo\u00f1esas cuyos muros aparecen cegados y con las ventanas cerradas, como signo de inmovilidad infinita y secretos encerrados y silenciados para siempre.<\/p>\n<p style=\"text-align: center;\"><img loading=\"lazy\" decoding=\"async\" class=\"alignnone wp-image-12518\" src=\"https:\/\/loscordonesquemeatocadadia.com\/es\/wp-content\/uploads\/2021\/11\/21-patio-via-fondazza-1954.jpg\" alt=\"\" width=\"312\" height=\"477\" \/><\/p>\n<p style=\"text-align: center;\"><strong><em>Giorgio Morandi. Patio de la v\u00eda Fondazza. 1954. \u00d3leo sobre lienzo. Instituzione Bologna Musei. Museo Morandi. Bolonia.<\/em><\/strong><\/p>\n<p style=\"text-align: center;\"><img loading=\"lazy\" decoding=\"async\" class=\"alignnone wp-image-12516\" src=\"https:\/\/loscordonesquemeatocadadia.com\/es\/wp-content\/uploads\/2021\/11\/19patio-via-fondazza-1957-257x300.jpg\" alt=\"\" width=\"384\" height=\"448\" srcset=\"https:\/\/loscordonesquemeatocadadia.com\/es\/wp-content\/uploads\/2021\/11\/19patio-via-fondazza-1957-257x300.jpg 257w, https:\/\/loscordonesquemeatocadadia.com\/es\/wp-content\/uploads\/2021\/11\/19patio-via-fondazza-1957.jpg 404w\" sizes=\"auto, (max-width: 384px) 100vw, 384px\" \/><\/p>\n<p style=\"text-align: center;\"><strong><em>Giorgio Morandi. Patio de la v\u00eda Fondazza. 1957. \u00d3leo sobre lienzo. Collezione Augusto e Francesca Giovanardi. Mil\u00e1n.<\/em><\/strong><\/p>\n<p><span style=\"color: #ff0000;\"><strong><em>CUARTA SECCI\u00d3N. EL PERFUME NEGADO. FLORES.<\/em><\/strong><\/span><\/p>\n<p style=\"text-align: center;\"><img loading=\"lazy\" decoding=\"async\" class=\"alignnone size-medium wp-image-12542\" src=\"https:\/\/loscordonesquemeatocadadia.com\/es\/wp-content\/uploads\/2021\/11\/330px-zinnia-vanessacardui_1-300x245.jpg\" alt=\"\" width=\"300\" height=\"245\" srcset=\"https:\/\/loscordonesquemeatocadadia.com\/es\/wp-content\/uploads\/2021\/11\/330px-zinnia-vanessacardui_1-300x245.jpg 300w, https:\/\/loscordonesquemeatocadadia.com\/es\/wp-content\/uploads\/2021\/11\/330px-zinnia-vanessacardui_1.jpg 330w\" sizes=\"auto, (max-width: 300px) 100vw, 300px\" \/> <img loading=\"lazy\" decoding=\"async\" class=\"alignnone wp-image-12543\" src=\"https:\/\/loscordonesquemeatocadadia.com\/es\/wp-content\/uploads\/2021\/11\/360px-Zinnia-06.06.21-300x225.jpg\" alt=\"\" width=\"327\" height=\"245\" srcset=\"https:\/\/loscordonesquemeatocadadia.com\/es\/wp-content\/uploads\/2021\/11\/360px-Zinnia-06.06.21-300x225.jpg 300w, https:\/\/loscordonesquemeatocadadia.com\/es\/wp-content\/uploads\/2021\/11\/360px-Zinnia-06.06.21.jpg 360w\" sizes=\"auto, (max-width: 327px) 100vw, 327px\" \/><\/p>\n<p style=\"text-align: center;\"><em><strong>Zinnias.<\/strong><\/em><\/p>\n<p style=\"text-align: justify;\">Las flores estuvieron frecuentemente en la producci\u00f3n art\u00edstica de <em>Morandi<\/em>, utilizando de modelos, las de su jard\u00edn, las flores silvestres o las macetas de su casa. Tambi\u00e9n utiliz\u00f3 flores secas o de papel, lo que le permiti\u00f3 lograr su af\u00e1n por lo inerme, sustra\u00eddo al paso del tiempo.<\/p>\n<p style=\"text-align: justify;\">El pintor se inspir\u00f3 en Renoir, y trabaj\u00f3 en composiciones tradicionales. Normalmente, presenta un jarr\u00f3n que destaca por su verticalidad, con rosas, zinnias o margaritas, en contraposici\u00f3n a la horizontalidad del lugar de apoyo, apuntando a un equilibrio algo inestable.<\/p>\n<p style=\"text-align: justify;\">Participaban en esta secci\u00f3n floral artistas como el fot\u00f3grafo <em>Carlo Benvenuto<\/em>, que libera a las flores del peso de su florero para llevarlas a su esencia y pureza, destiladas y reducidas a la m\u00ednima expresi\u00f3n. Tambi\u00e9n le acompa\u00f1aban la pareja art\u00edstica formada por <em>Giampaolo Bertozzi<\/em> y <em>Stefano dal Monte Casoni<\/em>, que, en sus cer\u00e1micas pol\u00edcromas, tratan de emular los modelos de Morandi.<\/p>\n<p style=\"text-align: center;\"><img loading=\"lazy\" decoding=\"async\" class=\"alignnone wp-image-12544\" src=\"https:\/\/loscordonesquemeatocadadia.com\/es\/wp-content\/uploads\/2021\/11\/1-1942-259x300.jpg\" alt=\"\" width=\"391\" height=\"453\" srcset=\"https:\/\/loscordonesquemeatocadadia.com\/es\/wp-content\/uploads\/2021\/11\/1-1942-259x300.jpg 259w, https:\/\/loscordonesquemeatocadadia.com\/es\/wp-content\/uploads\/2021\/11\/1-1942.jpg 600w\" sizes=\"auto, (max-width: 391px) 100vw, 391px\" \/><\/p>\n<p style=\"text-align: center;\"><em><strong>Giorgio Morandi. Flores. 1942. \u00d3leo sobre lienzo. Colecci\u00f3n Carmen Thyssen Bornemisza.\u00a0 En dep\u00f3sito en el Museo Nacional Thyssen Bornemisza. Madrid.<\/strong><\/em><\/p>\n<p style=\"text-align: center;\"><img loading=\"lazy\" decoding=\"async\" class=\"alignnone wp-image-12545\" src=\"https:\/\/loscordonesquemeatocadadia.com\/es\/wp-content\/uploads\/2021\/11\/2-1942-300x235.png\" alt=\"\" width=\"383\" height=\"300\" srcset=\"https:\/\/loscordonesquemeatocadadia.com\/es\/wp-content\/uploads\/2021\/11\/2-1942-300x235.png 300w, https:\/\/loscordonesquemeatocadadia.com\/es\/wp-content\/uploads\/2021\/11\/2-1942.png 431w\" sizes=\"auto, (max-width: 383px) 100vw, 383px\" \/><\/p>\n<p style=\"text-align: center;\"><em><strong>Giorgio Morandi. Flores. 1942. \u00d3leo sobre lienzo. Collezione Augusto e Francesca Giovanardi. Mil\u00e1n.<\/strong><\/em><\/p>\n<p style=\"text-align: center;\"><img loading=\"lazy\" decoding=\"async\" class=\"alignnone wp-image-12546\" src=\"https:\/\/loscordonesquemeatocadadia.com\/es\/wp-content\/uploads\/2021\/11\/3-195x300.jpg\" alt=\"\" width=\"295\" height=\"454\" srcset=\"https:\/\/loscordonesquemeatocadadia.com\/es\/wp-content\/uploads\/2021\/11\/3-195x300.jpg 195w, https:\/\/loscordonesquemeatocadadia.com\/es\/wp-content\/uploads\/2021\/11\/3.jpg 255w\" sizes=\"auto, (max-width: 295px) 100vw, 295px\" \/><\/p>\n<p style=\"text-align: center;\"><em><strong>Giorgio Morandi. Flores. 1946. L\u00e1piz sobre papel. <\/strong><\/em><em><strong>Instituzione Bologna Musei. Museo Morandi. Bolonia.<\/strong><\/em><\/p>\n<p style=\"text-align: center;\"><img loading=\"lazy\" decoding=\"async\" class=\"alignnone wp-image-12547\" src=\"https:\/\/loscordonesquemeatocadadia.com\/es\/wp-content\/uploads\/2021\/11\/4-cucurucho-1922-238x300.jpg\" alt=\"\" width=\"402\" height=\"507\" srcset=\"https:\/\/loscordonesquemeatocadadia.com\/es\/wp-content\/uploads\/2021\/11\/4-cucurucho-1922-238x300.jpg 238w, https:\/\/loscordonesquemeatocadadia.com\/es\/wp-content\/uploads\/2021\/11\/4-cucurucho-1922.jpg 508w\" sizes=\"auto, (max-width: 402px) 100vw, 402px\" \/><\/p>\n<p style=\"text-align: center;\"><em><strong>Giorgio Morandi. Cucurucho de flores. 1922. \u00d3leo sobre lienzo. <\/strong><\/em><em><strong>Colecci\u00f3n particular. Cortes\u00eda Galler\u00eda Torbandena. Trieste. Italia.<\/strong><\/em><\/p>\n<p style=\"text-align: center;\"><img loading=\"lazy\" decoding=\"async\" class=\"alignnone wp-image-12548\" src=\"https:\/\/loscordonesquemeatocadadia.com\/es\/wp-content\/uploads\/2021\/11\/5-1942-magnani-rocca-300x276.jpg\" alt=\"\" width=\"330\" height=\"304\" srcset=\"https:\/\/loscordonesquemeatocadadia.com\/es\/wp-content\/uploads\/2021\/11\/5-1942-magnani-rocca-300x276.jpg 300w, https:\/\/loscordonesquemeatocadadia.com\/es\/wp-content\/uploads\/2021\/11\/5-1942-magnani-rocca.jpg 372w\" sizes=\"auto, (max-width: 330px) 100vw, 330px\" \/><\/p>\n<p style=\"text-align: center;\"><em><strong>Giorgio Morandi. Flores. 1942. \u00d3leo sobre lienzo. Fondazione Magnani Roca. <\/strong><\/em><strong><em>Mamiano di Traversetolo. Provincia de Parma. Italia.<\/em><\/strong><\/p>\n<p style=\"text-align: center;\"><img loading=\"lazy\" decoding=\"async\" class=\"alignnone wp-image-12549\" src=\"https:\/\/loscordonesquemeatocadadia.com\/es\/wp-content\/uploads\/2021\/11\/6-1949-museo-morandi-231x300.jpg\" alt=\"\" width=\"321\" height=\"417\" srcset=\"https:\/\/loscordonesquemeatocadadia.com\/es\/wp-content\/uploads\/2021\/11\/6-1949-museo-morandi-231x300.jpg 231w, https:\/\/loscordonesquemeatocadadia.com\/es\/wp-content\/uploads\/2021\/11\/6-1949-museo-morandi.jpg 343w\" sizes=\"auto, (max-width: 321px) 100vw, 321px\" \/><\/p>\n<p style=\"text-align: center;\"><em><strong>Giorgio Morandi. Flores. 1949. \u00d3leo sobre lienzo. <\/strong><\/em><em><strong>Instituzione Bologna Musei. Museo Morandi. Bolonia.<\/strong><\/em><\/p>\n<p style=\"text-align: center;\"><img loading=\"lazy\" decoding=\"async\" class=\"alignnone wp-image-12550\" src=\"https:\/\/loscordonesquemeatocadadia.com\/es\/wp-content\/uploads\/2021\/11\/7-ceramica-giampaolo-bertozzi-y-steffano-del-monte-cassoni-2021-221x300.jpg\" alt=\"\" width=\"385\" height=\"523\" srcset=\"https:\/\/loscordonesquemeatocadadia.com\/es\/wp-content\/uploads\/2021\/11\/7-ceramica-giampaolo-bertozzi-y-steffano-del-monte-cassoni-2021-221x300.jpg 221w, https:\/\/loscordonesquemeatocadadia.com\/es\/wp-content\/uploads\/2021\/11\/7-ceramica-giampaolo-bertozzi-y-steffano-del-monte-cassoni-2021.jpg 603w\" sizes=\"auto, (max-width: 385px) 100vw, 385px\" \/><\/p>\n<p style=\"text-align: center;\"><em><strong>\u00a0<\/strong><\/em><strong><em>Giampaolo Bertozzi<\/em><\/strong><strong> y <em>Stefano dal Monte Casoni. Cer\u00e1mica policromada. 2021. <\/em><\/strong><\/p>\n<p style=\"text-align: justify;\">La pareja art\u00edstica formada por <em>Giampaolo Bertozzi<\/em> y <em>Stefano del Monte Casoni<\/em> es conocida por la renovaci\u00f3n de uno de los grandes g\u00e9neros del arte: <strong>la vanitas*.<\/strong> Forman parte de esa tendencia qu\u00e9 les da la posibilidad de reclamar para la cer\u00e1mica la misma categor\u00eda que tienen las dem\u00e1s disciplinas art\u00edsticas y ven en ella la posibilidad de una escultura pintada<\/p>\n<p style=\"text-align: justify;\">Penetran en los jarrones de flores de <em>Morandi,<\/em> y si para el maestro de Bolonia, las flores exist\u00edan como una imagen mental, para esta pareja, por el contrario, se convierten en visiones y dimensiones sugestivas de las que emergen formas, colores, reflejos, y veladuras, fruto de su gran destreza art\u00edstica.<\/p>\n<p style=\"text-align: justify;\">*La\u00a0<strong><em>vanitas<\/em><\/strong>\u00a0es un\u00a0g\u00e9nero que resalta la vacuidad de la vida y la relevancia de la muerte como fin de los placeres mundanos. Se considera un subg\u00e9nero de la <strong><em>Natura morta<\/em><\/strong>, por lo general de alto valor simb\u00f3lico y aleg\u00f3rico.<\/p>\n<p style=\"text-align: center;\"><img loading=\"lazy\" decoding=\"async\" class=\"alignnone size-medium wp-image-12551\" src=\"https:\/\/loscordonesquemeatocadadia.com\/es\/wp-content\/uploads\/2021\/11\/8-1952-augusto-298x300.jpg\" alt=\"\" width=\"298\" height=\"300\" srcset=\"https:\/\/loscordonesquemeatocadadia.com\/es\/wp-content\/uploads\/2021\/11\/8-1952-augusto-298x300.jpg 298w, https:\/\/loscordonesquemeatocadadia.com\/es\/wp-content\/uploads\/2021\/11\/8-1952-augusto-150x150.jpg 150w, https:\/\/loscordonesquemeatocadadia.com\/es\/wp-content\/uploads\/2021\/11\/8-1952-augusto.jpg 375w\" sizes=\"auto, (max-width: 298px) 100vw, 298px\" \/><\/p>\n<p style=\"text-align: center;\"><em><strong>Giorgio Morandi. Flores. 1952. \u00d3leo sobre lienzo. <\/strong><\/em><em><strong>Collezione Augusto e Francesca Giovanardi. Mil\u00e1n.<\/strong><\/em><\/p>\n<p style=\"text-align: justify;\">Las luces y las sombras de <em>Morandi<\/em> no siempre se ubican donde ser\u00eda previsible seg\u00fan la relaci\u00f3n entre el foco de luz utilizado y la disposici\u00f3n de los motivos en el lienzo. A menudo las coloca all\u00ed donde se acent\u00fae la sensaci\u00f3n de dramatismo o el misterio que emana de los objetos. La inestabilidad de su florero sobre la base en la que se apoyan, y las flores demasiado unidas , realzan la sensaci\u00f3n de espiritualidad que estas <strong><em>vanitas<\/em><\/strong> ofrecen.<\/p>\n<p style=\"text-align: center;\"><img loading=\"lazy\" decoding=\"async\" class=\"alignnone size-medium wp-image-12552\" src=\"https:\/\/loscordonesquemeatocadadia.com\/es\/wp-content\/uploads\/2021\/11\/9-1941-massimo-Vecchia-234x300.jpg\" alt=\"\" width=\"234\" height=\"300\" srcset=\"https:\/\/loscordonesquemeatocadadia.com\/es\/wp-content\/uploads\/2021\/11\/9-1941-massimo-Vecchia-234x300.jpg 234w, https:\/\/loscordonesquemeatocadadia.com\/es\/wp-content\/uploads\/2021\/11\/9-1941-massimo-Vecchia.jpg 321w\" sizes=\"auto, (max-width: 234px) 100vw, 234px\" \/><\/p>\n<p style=\"text-align: center;\"><em><strong>Giorgio Morandi. Flores. 1942. \u00d3leo sobre lienzo. <\/strong><\/em><em><strong>Colecci\u00f3n particular. Cortes\u00eda de Massimo Vecchia.<\/strong><\/em><\/p>\n<p style=\"text-align: center;\"><img loading=\"lazy\" decoding=\"async\" class=\"alignnone size-medium wp-image-12553\" src=\"https:\/\/loscordonesquemeatocadadia.com\/es\/wp-content\/uploads\/2021\/11\/10-1950-massimo-257x300.jpg\" alt=\"\" width=\"257\" height=\"300\" srcset=\"https:\/\/loscordonesquemeatocadadia.com\/es\/wp-content\/uploads\/2021\/11\/10-1950-massimo-257x300.jpg 257w, https:\/\/loscordonesquemeatocadadia.com\/es\/wp-content\/uploads\/2021\/11\/10-1950-massimo.jpg 345w\" sizes=\"auto, (max-width: 257px) 100vw, 257px\" \/><\/p>\n<p style=\"text-align: center;\"><em><strong>Giorgio Morandi. Flores. 1950. \u00d3leo sobre lienzo. <\/strong><\/em><em><strong>Colecci\u00f3n particular. Cortes\u00eda de Massimo Vecchia.<\/strong><\/em><\/p>\n<p style=\"text-align: center;\"><img loading=\"lazy\" decoding=\"async\" class=\"alignnone wp-image-12540\" src=\"https:\/\/loscordonesquemeatocadadia.com\/es\/wp-content\/uploads\/2021\/11\/11-bertozzi-y-casoni-220x300.jpg\" alt=\"\" width=\"437\" height=\"596\" srcset=\"https:\/\/loscordonesquemeatocadadia.com\/es\/wp-content\/uploads\/2021\/11\/11-bertozzi-y-casoni-220x300.jpg 220w, https:\/\/loscordonesquemeatocadadia.com\/es\/wp-content\/uploads\/2021\/11\/11-bertozzi-y-casoni.jpg 583w\" sizes=\"auto, (max-width: 437px) 100vw, 437px\" \/><\/p>\n<p style=\"text-align: center;\"><em><strong>Bertozzi &amp; Cassoni. 2021. Para Morandi. Cer\u00e1mica policromada.<\/strong><\/em><\/p>\n<p style=\"text-align: center;\"><em><strong> <img loading=\"lazy\" decoding=\"async\" class=\"alignnone wp-image-12541\" src=\"https:\/\/loscordonesquemeatocadadia.com\/es\/wp-content\/uploads\/2021\/11\/12-benvenuto-219x300.jpg\" alt=\"\" width=\"402\" height=\"551\" srcset=\"https:\/\/loscordonesquemeatocadadia.com\/es\/wp-content\/uploads\/2021\/11\/12-benvenuto-219x300.jpg 219w, https:\/\/loscordonesquemeatocadadia.com\/es\/wp-content\/uploads\/2021\/11\/12-benvenuto.jpg 477w\" sizes=\"auto, (max-width: 402px) 100vw, 402px\" \/><\/strong><\/em><\/p>\n<p style=\"text-align: center;\"><em><strong>Carlo Benvenuto. 2010. Sin t\u00edtulo. Impresi\u00f3n cromog\u00e9nica.<\/strong><\/em><\/p>\n<p style=\"text-align: justify;\">Carlo Benvenuto capta con su c\u00e1mara objetos de la vida cotidiana en sus fotograf\u00edas. Trata de restituirles la esencia y pureza que con el peso de la realidad perdieron. En este proceso, realizado siempre de forma anal\u00f3gica, presenta la obra perfecta, con la luz y el color precisos. EL ramillete de flores de esta obra act\u00faa como contrapunto de las flores de Morandi. Unas flores sujetas con cinta adhesiva estiradas sin sombra ni tridimensionalidad. Sin embargo, la luz suave y difusa que envuelve el ramillete, y la paleta de tonalidades suave, otorgan a esta obra unas cualidades expresivas magn\u00edficas.<\/p>\n<p><strong>M\u00fasica<\/strong>: <strong><em>Instrumental tradicional italiana. O Sole Mio.<\/em><\/strong><\/p>\n<p style=\"text-align: center;\"><em><strong>To be continued in part 3 and last.<\/strong><\/em><\/p>\n","protected":false},"excerpt":{"rendered":"<p>SEGUNDA SECCI\u00d3N. ENCANTAMIENTOS METAF\u00cdSICOS. Durante la Primera Guerra Mundial, en 1915, Giorgio Morandi fue llamado a \u00adfilas, y tras una grave enfermedad fue licenciado. Tras su recuperaci\u00f3n, destruy\u00f3 buena parte de su obra entrando en un per\u00edodo de crisis creativa. Entre 1918 y 1919 estuvo trabajando junto a Giorgio de Chirico y Carlo Carr\u00e0 que [&hellip;]<\/p>\n","protected":false},"author":2,"featured_media":12516,"comment_status":"open","ping_status":"closed","sticky":false,"template":"","format":"standard","meta":{"_mo_disable_npp":"","om_disable_all_campaigns":false,"_monsterinsights_skip_tracking":false,"_monsterinsights_sitenote_active":false,"_monsterinsights_sitenote_note":"","_monsterinsights_sitenote_category":0,"_uf_show_specific_survey":0,"_uf_disable_surveys":false,"footnotes":""},"categories":[1,21],"tags":[2166,2168,2170,2171,2169,2165,2167],"class_list":["post-12509","post","type-post","status-publish","format-standard","has-post-thumbnail","hentry","category-la-emocion-del-arte","category-pintura","tag-alessandro-taiana","tag-andrea-facco","tag-bertozzi-cassoni","tag-carlo-benvenuto","tag-giorgio-morandi-encantamientos-metafisicos","tag-giorgio-morandi-paisajes-de-duracion-infinita","tag-riccardo-taiana"],"aioseo_notices":[],"post_mailing_queue_ids":[],"_links":{"self":[{"href":"https:\/\/loscordonesquemeatocadadia.com\/es\/wp-json\/wp\/v2\/posts\/12509","targetHints":{"allow":["GET"]}}],"collection":[{"href":"https:\/\/loscordonesquemeatocadadia.com\/es\/wp-json\/wp\/v2\/posts"}],"about":[{"href":"https:\/\/loscordonesquemeatocadadia.com\/es\/wp-json\/wp\/v2\/types\/post"}],"author":[{"embeddable":true,"href":"https:\/\/loscordonesquemeatocadadia.com\/es\/wp-json\/wp\/v2\/users\/2"}],"replies":[{"embeddable":true,"href":"https:\/\/loscordonesquemeatocadadia.com\/es\/wp-json\/wp\/v2\/comments?post=12509"}],"version-history":[{"count":11,"href":"https:\/\/loscordonesquemeatocadadia.com\/es\/wp-json\/wp\/v2\/posts\/12509\/revisions"}],"predecessor-version":[{"id":13687,"href":"https:\/\/loscordonesquemeatocadadia.com\/es\/wp-json\/wp\/v2\/posts\/12509\/revisions\/13687"}],"wp:featuredmedia":[{"embeddable":true,"href":"https:\/\/loscordonesquemeatocadadia.com\/es\/wp-json\/wp\/v2\/media\/12516"}],"wp:attachment":[{"href":"https:\/\/loscordonesquemeatocadadia.com\/es\/wp-json\/wp\/v2\/media?parent=12509"}],"wp:term":[{"taxonomy":"category","embeddable":true,"href":"https:\/\/loscordonesquemeatocadadia.com\/es\/wp-json\/wp\/v2\/categories?post=12509"},{"taxonomy":"post_tag","embeddable":true,"href":"https:\/\/loscordonesquemeatocadadia.com\/es\/wp-json\/wp\/v2\/tags?post=12509"}],"curies":[{"name":"wp","href":"https:\/\/api.w.org\/{rel}","templated":true}]}}