{"id":15058,"date":"2023-09-28T10:38:45","date_gmt":"2023-09-28T09:38:45","guid":{"rendered":"https:\/\/loscordonesquemeatocadadia.com\/es\/?p=15058"},"modified":"2023-09-28T10:50:01","modified_gmt":"2023-09-28T09:50:01","slug":"contestacion-a-un-comentario-sobre-melquiades-y-jose-antonio","status":"publish","type":"post","link":"https:\/\/loscordonesquemeatocadadia.com\/es\/2023\/09\/28\/contestacion-a-un-comentario-sobre-melquiades-y-jose-antonio\/","title":{"rendered":"Contestaci\u00f3n a un comentario sobre Melquiades y Jos\u00e9 Antonio."},"content":{"rendered":"<p>Como es largo para hacerlo por comentarios&#8230;.lo hago por aqu\u00ed&#8230;<\/p>\n<p style=\"text-align: justify;\"><strong>El reputado<\/strong><strong> Melquiades \u00c1lvarez <\/strong><strong>denominado el<\/strong><strong> <em>Tribuno<\/em> y el <em>Pico de Oro<\/em>, por su facilidad ret\u00f3rica, <\/strong><strong>presidente que fue del Congreso de los Diputados, y decano del Colegio de Abogados de Madrid<\/strong><strong>, <\/strong><strong>fund\u00f3 en 1917 el<\/strong><strong> <em>Partido Reformista<\/em><\/strong> de <em>inspiraci\u00f3n <strong>republicana &#8211;<\/strong><\/em>como se\u00f1alo en el post objeto del comentario <em><strong>Partido Republicano Reformista <\/strong><\/em>inicialmente-, pero sin importarle gobernar en una monarqu\u00eda democr\u00e1tica, al estimar, que daba lo mismo el r\u00e9gimen establecido. Con el tiempo y los acontecimientos, Melqu\u00edades \u00c1lvarez fue moderando su discurso y se aproxim\u00f3 al <strong><em>Partido Liberal<\/em><\/strong>, partido por el que accedi\u00f3 en 1923 al Congreso de los Diputados, siendo elegido presidente del mismo.<\/p>\n<p style=\"text-align: justify;\">A lo largo de la dictadura de Primo de Rivera particip\u00f3 en varias conspiraciones dirigidas a derribar al dictador.<\/p>\n<p style=\"text-align: justify;\">Tras la finalizaci\u00f3n de los reg\u00edmenes de dictadura -dura de Miguel Primo de Rivera, blanda de D\u00e1maso Berenguer e inocua del almirante Aznar- y ya en la Segunda Rep\u00fablica, su partido, para entonces llamado\u00a0<em><strong>Partido Republicano Liberal Dem\u00f3crata -PRLD-, <\/strong><\/em>m\u00e1s conocido como\u00a0<strong><em>Partido Liberal Dem\u00f3crata,<\/em><\/strong> era un partido de ideolog\u00eda centrista, muy minoritario, colocado en el centro-derecha del espectro pol\u00edtico.<\/p>\n<p style=\"text-align: justify;\">Fue Melquiades elegido \u00a0diputado por Madrid por la <em>Candidatura de Apoyo a la Rep\u00fablica<\/em> y\u00a0 por Valencia por\u00a0la <em>Conjunci\u00f3n Republicano-Socialista<\/em>, en las elecciones constituyentes de 1931, y \u00a0tras la celebraci\u00f3n de un sorteo, se le adscribi\u00f3 a la circunscripci\u00f3n valenciana, siendo reelegido por Asturias en las elecciones de 1933\u00a0 en las listas conjuntas con la <strong><em>CEDA<\/em><\/strong>.<\/p>\n<p style=\"text-align: justify;\">Entre abril de 1936 y su traslado a la prisi\u00f3n de Alicante el 5\/6 de junio, Jos\u00e9 Antonio tuvo en Madrid 4 juicios por insultos a las autoridades, tenencia il\u00edcita de armas y otros asuntos menores que se saldaron con penas de pocos meses, en alguno de los cuales <strong><em>s\u00ed estuvo asistido de alg\u00fan modo menor por Melquiades<\/em><\/strong>. Una vez en Alicante, el 18 de junio, comenz\u00f3 un <strong><em>quinto juicio<\/em><\/strong> por desacato y atentado a la autoridad. Esta vez, la condena fue de cinco a\u00f1os de prisi\u00f3n.<\/p>\n<p style=\"text-align: justify;\"><strong>Melquiades no fue fusilado por ser defensor de Jos\u00e9 Antonio <\/strong>en agosto de 1936, un mes despu\u00e9s del comienzo de la Guerra Civil, sino que fue recluido junto a otros pol\u00edticos conservadores, en la Modelo de Madrid, SIENDO ASESINADO durante la llamada MATANZA DE LA C\u00c1RCEL MODELO por milicianos anarquistas que hab\u00edan ocupado la prisi\u00f3n. Junto a Melquiades fueron tambi\u00e9n fusiladas los exministros de la Rep\u00fablica Mart\u00ednez de Velasco y Rico Avello.<\/p>\n<p style=\"text-align: justify;\">Jos\u00e9 Antonio Primo de Rivera\u00a0 <strong><em>actu\u00f3 en el juicio de su condena a muerte como abogado defensor de s\u00ed mismo<\/em><\/strong> -no Melquiades que estaba en la c\u00e1rcel cuando se celebr\u00f3 la vista de Jos\u00e9 Antonio-, de su hermano Miguel y de su cu\u00f1ada Margarita Larios, presidiendo el Tribunal Popular que lo juzgaba, Eduardo Iglesias Portal. Jos\u00e9 Antonio fue condenado a muerte, su hermano a cadena perpetua y su cu\u00f1ada a 6 a\u00f1os de prisi\u00f3n.<\/p>\n<p>Abrazos\u00a0 a los lectores<\/p>\n<p>&nbsp;<\/p>\n","protected":false},"excerpt":{"rendered":"<p>Como es largo para hacerlo por comentarios&#8230;.lo hago por aqu\u00ed&#8230; El reputado Melquiades \u00c1lvarez denominado el Tribuno y el Pico de Oro, por su facilidad ret\u00f3rica, presidente que fue del Congreso de los Diputados, y decano del Colegio de Abogados de Madrid, fund\u00f3 en 1917 el Partido Reformista de inspiraci\u00f3n republicana &#8211;como se\u00f1alo en el [&hellip;]<\/p>\n","protected":false},"author":2,"featured_media":0,"comment_status":"open","ping_status":"closed","sticky":false,"template":"","format":"standard","meta":{"_mo_disable_npp":"","om_disable_all_campaigns":false,"_monsterinsights_skip_tracking":false,"_monsterinsights_sitenote_active":false,"_monsterinsights_sitenote_note":"","_monsterinsights_sitenote_category":0,"_uf_show_specific_survey":0,"_uf_disable_surveys":false,"footnotes":""},"categories":[1],"tags":[],"class_list":["post-15058","post","type-post","status-publish","format-standard","hentry","category-la-emocion-del-arte"],"aioseo_notices":[],"post_mailing_queue_ids":[],"_links":{"self":[{"href":"https:\/\/loscordonesquemeatocadadia.com\/es\/wp-json\/wp\/v2\/posts\/15058","targetHints":{"allow":["GET"]}}],"collection":[{"href":"https:\/\/loscordonesquemeatocadadia.com\/es\/wp-json\/wp\/v2\/posts"}],"about":[{"href":"https:\/\/loscordonesquemeatocadadia.com\/es\/wp-json\/wp\/v2\/types\/post"}],"author":[{"embeddable":true,"href":"https:\/\/loscordonesquemeatocadadia.com\/es\/wp-json\/wp\/v2\/users\/2"}],"replies":[{"embeddable":true,"href":"https:\/\/loscordonesquemeatocadadia.com\/es\/wp-json\/wp\/v2\/comments?post=15058"}],"version-history":[{"count":5,"href":"https:\/\/loscordonesquemeatocadadia.com\/es\/wp-json\/wp\/v2\/posts\/15058\/revisions"}],"predecessor-version":[{"id":15063,"href":"https:\/\/loscordonesquemeatocadadia.com\/es\/wp-json\/wp\/v2\/posts\/15058\/revisions\/15063"}],"wp:attachment":[{"href":"https:\/\/loscordonesquemeatocadadia.com\/es\/wp-json\/wp\/v2\/media?parent=15058"}],"wp:term":[{"taxonomy":"category","embeddable":true,"href":"https:\/\/loscordonesquemeatocadadia.com\/es\/wp-json\/wp\/v2\/categories?post=15058"},{"taxonomy":"post_tag","embeddable":true,"href":"https:\/\/loscordonesquemeatocadadia.com\/es\/wp-json\/wp\/v2\/tags?post=15058"}],"curies":[{"name":"wp","href":"https:\/\/api.w.org\/{rel}","templated":true}]}}