{"id":15404,"date":"2025-02-08T12:16:06","date_gmt":"2025-02-08T11:16:06","guid":{"rendered":"https:\/\/loscordonesquemeatocadadia.com\/es\/?p=15404"},"modified":"2025-02-10T18:13:57","modified_gmt":"2025-02-10T17:13:57","slug":"caravaggio-y-los-viajes-low-cost-parte-1","status":"publish","type":"post","link":"https:\/\/loscordonesquemeatocadadia.com\/es\/2025\/02\/08\/caravaggio-y-los-viajes-low-cost-parte-1\/","title":{"rendered":"Caravaggio y los viajes low cost. Parte 1."},"content":{"rendered":"<audio class=\"wp-audio-shortcode\" id=\"audio-15404-1\" loop autoplay preload=\"auto\" style=\"width: 100%;\" controls=\"controls\"><source type=\"audio\/mpeg\" src=\"https:\/\/loscordonesquemeatocadadia.com\/es\/wp-content\/uploads\/2016\/06\/ME-HA-DICHO-LA-LUNA.mp3?_=1\" \/><a href=\"https:\/\/loscordonesquemeatocadadia.com\/es\/wp-content\/uploads\/2016\/06\/ME-HA-DICHO-LA-LUNA.mp3\">https:\/\/loscordonesquemeatocadadia.com\/es\/wp-content\/uploads\/2016\/06\/ME-HA-DICHO-LA-LUNA.mp3<\/a><\/audio>\n<p style=\"text-align: justify;\">Ayer hice mi \u00faltimo examen del cuatrimestre, y hoy vuelvo a estar al lado de mi querido blog, tan abandonado como el arte y los museos que tanta vida me han ido dando. As\u00ed, y en justa reciprocidad, recuper\u00e9 en la mente una visita al Prado que hice el pasado oto\u00f1o con motivo del pr\u00e9stamo y exposici\u00f3n de un <em>Ecce Homo<\/em> -perdido y encontrado- de Michelangelo Merisi da\u00a0<em><strong>Caravaggio,<\/strong><\/em> para m\u00ed uno de los m\u00e1s grandes -sino el m\u00e1s- pintores de la Historia.<\/p>\n<p style=\"text-align: justify;\">Antes de ponerme con el relato de mi visita al Prado, record\u00e9 un post escrito sobre una exposici\u00f3n en el Palacio Real de Madrid que conten\u00eda una obra del no demasiado prol\u00edfico artista que lo utilizo hoy a modo de proemio, que continuar\u00e1 con la visita al Prado y posteriormente, un paseo por la vida del artista y su obra.<\/p>\n<p style=\"text-align: justify;\">El 7 de junio de 2016 fui al Palacio Real, visita gratuita si se iba por la tarde con 2 horas de duraci\u00f3n y sin posibilidad de visita guiada, pero como a los jubilados s\u00f3lo nos costaba cinco\u00a0 euros, prefer\u00ed ir a mi aire un martes a las 10,30 de la ma\u00f1ana, y vi la posibilidad al llegar, de poder ver la Exposici\u00f3n con un gu\u00eda colectivo por cuatro euros adicionales, aunque hubiera pagado a <em><strong>la<\/strong><\/em> gu\u00eda que nos asignaron hasta <em>con la vida, <\/em>porque nos toc\u00f3 en suerte una mujer bella, de unos cuarenta, delgada-tipazo, morena con raya en medio y pelo recogido con fiereza en mo\u00f1o trasero, labios fruncidos como lanzando un beso general al tendido, con lo central de ambos labios carnoso, y laterales muy finos,\u00a0 culta, seria y con un algo acuoso en el fondo de sus ojos grandes\u00a0 y oscuros que te absorb\u00eda\u2026se llamaba Salom\u00e9.<\/p>\n<p style=\"text-align: justify;\">Salom\u00e9 nos se\u00f1al\u00f3 que la exposici\u00f3n ten\u00eda 72 obras entre pinturas y esculturas del siglo XVII italiano \u2013<em>seicento<\/em>*\u2013, todas de las Colecciones Reales del Patrimonio\u00a0Nacional. Aunque la exposici\u00f3n se llamaba de \u201c<em>Caravaggio a Bernini\u201d,<\/em> solamente hab\u00eda una obra de Caravaggio, <em><strong>Salom\u00e9 con la cabeza del Bautista<\/strong><\/em> y una sola escultura de Bernini, <em>El Cristo crucificado,<\/em> que estaba \u00a0expuesto sin la cruz, s\u00f3lo el cuerpo.<\/p>\n<p style=\"text-align: justify;\">\u201cDe Bolonia a Roma\u201d, \u201cLujo Real\u201d, \u201cDe Roma a N\u00e1poles\u201d y el \u201cEsplendor del Barroco\u201d, eran las cuatro partes en las que se divid\u00eda la muestra. Ten\u00edan que buscar alguna forma de ordenarla y no era f\u00e1cil, ya que casi ning\u00fan artista participaba con m\u00e1s de una obra. Empezamos con de <em>Bolonia a Roma, <\/em>y dejamos para el final <em>Lujo Real<\/em> en los salones G\u00e9nova, en donde estaba la obra de Caravaggio.<\/p>\n<p style=\"text-align: justify;\">De\u00a0<em>Bolonia a Roma<\/em> comenzaba con piezas que reflejaban c\u00f3mo llegaron a Roma artistas procedentes de Bolonia, como Annibale Carracci, Guido Reni con su <em>Santa Catalina<\/em> o Giovanni Francesco Barbieri<strong> \u2013<\/strong>Guercino\u2013, o de otras partes, de Francia Charles Le Brun, o de Espa\u00f1a, Vel\u00e1zquez. Destac\u00f3 para m\u00ed en este primer bloque la <em>T\u00fanica de Jos\u00e9 \u00a0<\/em>del sevillano<em>.<\/em><\/p>\n<p style=\"text-align: center;\"><img loading=\"lazy\" decoding=\"async\" class=\"alignnone wp-image-15425\" src=\"https:\/\/loscordonesquemeatocadadia.com\/es\/wp-content\/uploads\/2025\/02\/1-La-tunica-de-joswe-1.jpg\" alt=\"\" width=\"592\" height=\"448\" \/><\/p>\n<p style=\"text-align: center;\"><em><strong>La t\u00fanica de Jos\u00e9. Vel\u00e1zquez.<\/strong><\/em><\/p>\n<p style=\"text-align: justify;\">Annibale Carracci lleg\u00f3 a Roma en 1594, donde aprendi\u00f3 de la escultura antigua y de las pinturas de Rafael Sanzio \u2013<em>Rafael<\/em>\u2013, un nuevo lenguaje art\u00edstico de perfecci\u00f3n cl\u00e1sica, intentando reproducir la belleza de las perfecciones y no de lo imperfecto. Cre\u00f3 escuela y tuvo muchos seguidores.<\/p>\n<p style=\"text-align: center;\"><img loading=\"lazy\" decoding=\"async\" class=\"alignnone size-full wp-image-15419\" src=\"https:\/\/loscordonesquemeatocadadia.com\/es\/wp-content\/uploads\/2025\/02\/2-Asuncion.jpg\" alt=\"\" width=\"403\" height=\"614\" \/><\/p>\n<p style=\"text-align: center;\"><em><strong>La Asunci\u00f3n de la Virgen. Annibale Carracci.<\/strong><\/em><\/p>\n<p style=\"text-align: justify;\">En la secci\u00f3n de <em>Roma a N\u00e1poles<\/em>, se apreciaba la influencia de Caravaggio en la pintura de la zona del sur de Italia, gobernada por los espa\u00f1oles durante dos siglos y profusamente representada en nuestro Patrimonio Nacional, ya que muchas obras de esa \u00e9poca fueron tra\u00eddas a los reyes de Espa\u00f1a, progenitores de los reyes napolitanos. Destaca Jos\u00e9 de Ribera, espa\u00f1ol formado en Italia con sus obras <em>Jacob y el reba\u00f1o de Lab\u00e1n y Francisco de As\u00eds en la Zarza, <\/em>y algunos, que siendo de la escuela de Ribera, fueron de los m\u00e1s destacados artistas del barroco ilusionista, de moda en la Corte espa\u00f1ola al final de los Austrias. Tambi\u00e9n en esta secci\u00f3n de la escuela napolitana, hay presencia muy notable de\u00a0la escultura\u00a0barroca, donde se exhibe <em>El Cristo Crucificado<\/em> de Bernini, como se apuntaba antes sin cruz. Fue mandado realizar por Felipe IV para El Escorial y es, como todo lo que hizo\u00a0Bernini, sea escultura \u2013<em>La fuente de los cuatro r\u00edos\u2013<\/em> en la Piazza Navona de Roma, arquitectura \u2013<em>La plaza de la Bas\u00edlica de San Pedro\u2013<\/em> o pintura \u2013<em>retratos\u00ad\u2013<\/em>, todo fant\u00e1stico.<\/p>\n<p style=\"text-align: center;\"><img loading=\"lazy\" decoding=\"async\" class=\"alignnone size-full wp-image-15420\" src=\"https:\/\/loscordonesquemeatocadadia.com\/es\/wp-content\/uploads\/2025\/02\/3-Jacob.jpg\" alt=\"\" width=\"458\" height=\"402\" \/><\/p>\n<p style=\"text-align: center;\"><strong><em>Jacob y el reba\u00f1o de Lab\u00e1n. Jos\u00e9 de Ribera.<\/em><\/strong><\/p>\n<p style=\"text-align: center;\"><img loading=\"lazy\" decoding=\"async\" class=\"alignnone size-full wp-image-15421\" src=\"https:\/\/loscordonesquemeatocadadia.com\/es\/wp-content\/uploads\/2025\/02\/4-san-francisco-de-asis.jpg\" alt=\"\" width=\"454\" height=\"520\" \/><\/p>\n<p style=\"text-align: center;\"><strong><em>San Francisco de As\u00eds en la zarza. Jos\u00e9 de Ribera.<\/em><\/strong><\/p>\n<p><img loading=\"lazy\" decoding=\"async\" class=\"alignnone size-full wp-image-15407 aligncenter\" src=\"https:\/\/loscordonesquemeatocadadia.com\/es\/wp-content\/uploads\/2025\/02\/5-Cristo.jpg\" alt=\"\" width=\"352\" height=\"524\" \/><\/p>\n<p style=\"text-align: center;\"><strong><em>Cristo crucificado. Bernini.<\/em><\/strong><\/p>\n<p style=\"text-align: center;\"><img loading=\"lazy\" decoding=\"async\" class=\"alignnone size-full wp-image-15408\" src=\"https:\/\/loscordonesquemeatocadadia.com\/es\/wp-content\/uploads\/2025\/02\/6-Plaza-Vativcno.jpg\" alt=\"\" width=\"518\" height=\"340\" \/><\/p>\n<p style=\"text-align: center;\"><strong><em>Plaza de San Pedro. \u00a0<\/em><\/strong><\/p>\n<p style=\"text-align: center;\"><img loading=\"lazy\" decoding=\"async\" class=\"alignnone size-full wp-image-15409\" src=\"https:\/\/loscordonesquemeatocadadia.com\/es\/wp-content\/uploads\/2025\/02\/7-Nabona.jpg\" alt=\"\" width=\"477\" height=\"316\" \/><\/p>\n<p style=\"text-align: center;\"><strong><em>La fuente de los cuatro r\u00edos en Piazza Navona. \u00a0Roma.<\/em><\/strong><\/p>\n<p style=\"text-align: center;\"><strong><em><img loading=\"lazy\" decoding=\"async\" class=\"alignnone size-full wp-image-15424\" src=\"https:\/\/loscordonesquemeatocadadia.com\/es\/wp-content\/uploads\/2025\/02\/8-BCaravaggio-1.jpg\" alt=\"\" width=\"326\" height=\"408\" \/>\u00a0<\/em><\/strong><\/p>\n<p style=\"text-align: center;\"><strong><em>Caravaggio. Retrato de Bernini.<\/em><\/strong><\/p>\n<p style=\"text-align: justify;\">En el <em>Esplendor del Barroco<\/em> terminaba la exposici\u00f3n con una docena de pinturas de gran tama\u00f1o que recorr\u00edan todo el siglo XVII con obras tan magn\u00edficas como la <em>Conversi\u00f3n de Pablo<\/em> de Guido Reni, <em>La vocaci\u00f3n de San Andr\u00e9s y San Pedro <\/em>de Federico Barocci o<em> Los cuatro arc\u00e1ngeles<\/em> de Massimo Stanzione<em>.<\/em><\/p>\n<p style=\"text-align: center;\"><img loading=\"lazy\" decoding=\"async\" class=\"alignnone size-full wp-image-15411\" src=\"https:\/\/loscordonesquemeatocadadia.com\/es\/wp-content\/uploads\/2025\/02\/9-Conversion-Saulo.jpg\" alt=\"\" width=\"403\" height=\"554\" \/><\/p>\n<p style=\"text-align: center;\"><strong><em>Conversi\u00f3n de Saulo. Guido Reni.<\/em><\/strong><\/p>\n<p style=\"text-align: center;\"><img loading=\"lazy\" decoding=\"async\" class=\"alignnone size-full wp-image-15412\" src=\"https:\/\/loscordonesquemeatocadadia.com\/es\/wp-content\/uploads\/2025\/02\/10-La-vocacion-de-san-andres.jpg\" alt=\"\" width=\"395\" height=\"534\" \/><\/p>\n<p style=\"text-align: center;\"><em><strong>La vocaci\u00f3n de San Andr\u00e9s y San Pedro. <\/strong><\/em><strong><em>Federico Barocci.<\/em><\/strong><\/p>\n<p style=\"text-align: justify;\">Otros pintores destacables en la muestra son: Giovan Francesco Romanelli, Simone Cantarini, Charles Le Brun -protegido de Luis XIV de Francia- o Francesco Albani. Adem\u00e1s, los dos escultores m\u00e1s importantes del siglo XVII, el citado\u00a0Gian Lorenzo <strong><em>Bernini<\/em><\/strong>, y <em>Alessandro Algardi<\/em> est\u00e1n representados con dos de sus obras, que estaban bastante deterioradas, en los jardines del Palacio Real de Aranjuez, y hoy est\u00e1n perfectamente restauradas.<\/p>\n<p style=\"text-align: justify;\">Y llegamos a <em>Lujo Real<\/em>, habiendo pasado por alto interesantes obras en plata y bronce en la sala 3, provenientes\u00a0de los camarines de algunos palacios Austrias, pero que a m\u00ed no me llamaron demasiado la atenci\u00f3n.<\/p>\n<p style=\"text-align: justify;\">En el <em>Lujo Real<\/em>\u00a0se encontraba la obra de <strong><em>Caravaggio<\/em><\/strong> \u2013la mejor y una de las poqu\u00edsimas que hay en Espa\u00f1a\u2013 <em><strong>Salom\u00e9 con la cabeza del Bautista<\/strong><\/em><em>. <\/em>La pintura se hallaba en magn\u00edfico estado de conservaci\u00f3n tras su reciente restauraci\u00f3n, siendo posible determinar as\u00ed con claridad, la posici\u00f3n de la espada que empu\u00f1a y va a ser envainada por el verdugo, que est\u00e1 de espaldas. A las tonalidades pardas que componen el fondo oscuro, decidi\u00f3 a\u00f1adir el maestro un verde casi negro que ahora resulta visible, sobre todo en la zona de sombras de la izquierda. Se considera una de las mejores obras de la \u00e9poca final de Caravaggio, por el colorido, el contraste de luces caracter\u00edstico del tenebrismo, y el realismo de las figuras humanas. Parece ser que la cabeza del bautista en la fuente fue un autorretrato del artista.<\/p>\n<p style=\"text-align: justify;\">El episodio b\u00edblico <strong><em>no<\/em><\/strong> es presentado en la obra como drama que est\u00e1 ocurriendo y que debe horrorizarnos, sino como algo dram\u00e1tico que pas\u00f3 y ahora se presenta con naturalidad. La hija de Herod\u00edas presenta la cabeza que reclam\u00f3 como premio por bailar delante de su padre, el rey Herodes. El pintor utiliz\u00f3 un fuerte claroscuro que realza las figuras humanas en medio de la oscuridad dando a la obra sensaci\u00f3n de realidad.<\/p>\n<p style=\"text-align: justify;\">Existe otra Salom\u00e9 con la cabeza del Bautista en la National Gallery de Londres, realizada para el Gran Maestre de Malta. La que podemos ver en esta <em>Muestra<\/em> fue la que perteneci\u00f3 a Garc\u00eda de Avellaneda y Haro, conde de Castrillo y virrey de N\u00e1poles entre 1653 y 1659, regalada a Felipe IV y tra\u00edda a Espa\u00f1a por Vel\u00e1zquez junto a otras 43 obras, colgada en el Alc\u00e1zar de Madrid, que se salv\u00f3 junto a otros tesoros art\u00edsticos en el incendio del palacio-fortaleza de 1734, ya que aparece catalogada con el n\u00famero 876, cuando se realiz\u00f3 una lista de las obras no destruidas en el incendio. Despu\u00e9s fue al Palacio Real de Madrid, de la hoy calle Bail\u00e9n, donde permanece desde entonces.<\/p>\n<p style=\"text-align: justify;\">De repente me fij\u00e9 en la figura que portaba la cabeza del Bautista, mir\u00e9 su cara, sus ojos seductores, su boca fruncida y \u00a1Dios m\u00edo! \u00a1Era nuestra gu\u00eda! Busqu\u00e9 a la gu\u00eda que nos acompa\u00f1aba, y no estaba. Vi mover los ojos acuosos de la Salom\u00e9 del cuadro, desde la posici\u00f3n inicial de su cabeza en direcci\u00f3n contraria al Bautista, hacia m\u00ed, y comenc\u00e9 a sentirme mareado y poco a poco perd\u00ed el sentido.<\/p>\n<p style=\"text-align: justify;\">Me despert\u00e9 teniendo en frente a una se\u00f1ora de cara bonancible, gruesa, con cabello blanco que me pregunt\u00f3 en franc\u00e9s: <em>vous allez bien? Vous avez besoin d&#8217;un m\u00e9decin? <\/em>A lo que contest\u00e9 que me encontraba regular, que no necesitaba m\u00e9dico y le pregunt\u00e9 que si hablaba espa\u00f1ol o ingl\u00e9s. Me contest\u00f3 en espa\u00f1ol, y al decirle que estaba aturdido, sac\u00f3 del bolso una botellita de agua y me la ofreci\u00f3. Beb\u00ed un trago, le dije que me encontraba mejor y le di las gracias. <em>\u00ca<\/em><em>tes vous s\u00fbr que tout va bien? <\/em><em>Perd\u00f3n<\/em>, corrigi\u00f3 la amable se\u00f1ora \u00bf<em>seguro que est\u00e1 bien\u00a0?\u00a0S\u00ed, s\u00ed, <\/em>le di las gracias y se fue.<\/p>\n<p style=\"text-align: justify;\">Al cabo de unos minutos, me incorpor\u00e9, mir\u00e9 alrededor y vi que estaba en lo que parec\u00eda un museo, por los cuadros expuestos en las paredes y alguna escultura entre ellos. No identificaba donde estaba, pero el lugar me sonaba a conocido. Algunas se\u00f1ales en italiano: <em>Stanza 124, Uscita di strada\u2026<\/em>Me fij\u00e9 en la obra que ten\u00eda delante y !no me lo pod\u00eda creer! Estaba ante <em>Judit decapitando a Holofernes<\/em> de <em>Artemisia Gentileschi<\/em>, hija de Horacio Gentileschi, seguidor de\u00a0Caravaggio. A su derecha \u2013segu\u00eda sin dar cr\u00e9dito a lo que ve\u00eda\u2013, <em>Baco<\/em> \u2013con los ojos acuosos enigm\u00e1ticos \u2013de campesino, no de un dios\u2013 del maestro Caravaggio, del artista violento y revolucionario\u00a0en la manera de pintar, personificando siempre en todos los aspectos\u00a0de su aventurada vida, la figura rom\u00e1ntica del artista maldito.<\/p>\n<p style=\"text-align: justify;\">De la pintura veneciana aprendi\u00f3 el uso del color c\u00e1lido y atmosf\u00e9rico y de la lombarda tom\u00f3 y cultiv\u00f3 m\u00e1s tarde, el fuerte realismo y la predilecci\u00f3n por las personas populares y humildes.<\/p>\n<p style=\"text-align: center;\"><img loading=\"lazy\" decoding=\"async\" class=\"alignnone size-full wp-image-15413\" src=\"https:\/\/loscordonesquemeatocadadia.com\/es\/wp-content\/uploads\/2025\/02\/11-Artemisa.jpg\" alt=\"\" width=\"378\" height=\"463\" \/><\/p>\n<p style=\"text-align: center;\"><strong><em>Judith decapitando a Holofernes. Artemisa Gentileshi.<\/em><\/strong><\/p>\n<p style=\"text-align: center;\"><img loading=\"lazy\" decoding=\"async\" class=\"alignnone size-full wp-image-15414\" src=\"https:\/\/loscordonesquemeatocadadia.com\/es\/wp-content\/uploads\/2025\/02\/12-Caravaggio-Bacco.jpg\" alt=\"\" width=\"317\" height=\"368\" \/><\/p>\n<p style=\"text-align: center;\"><strong><em>Bacco. Caravaggio.<\/em><\/strong><\/p>\n<p style=\"text-align: justify;\">Ante tanto absurdo, busqu\u00e9 la salida a toda prisa, para confirmar que incomprensiblemente, estaba en la puerta de la <em>Galer\u00eda de los Uffizi<\/em> de Florencia. Reconoc\u00ed la <em>Chiasso del Baronceli<\/em> \u2013conoc\u00eda Florencia aceptablemente pues hab\u00eda ido varias veces con anterioridad\u2013 y la cog\u00ed a toda prisa hacia el oeste, buscando para acabar de situarme el puente de los joyeros sobre el r\u00edo Arno. Torc\u00ed a la derecha por la v\u00eda Lambertesca rodeando la Piazza D Pesce hasta llegar a la V\u00eda Por Santa Mar\u00eda, pudiendo divisar entonces, el puente Vecchio con sus tiendas de joyeros.<\/p>\n<p style=\"text-align: center;\"><img loading=\"lazy\" decoding=\"async\" class=\"alignnone size-full wp-image-15415\" src=\"https:\/\/loscordonesquemeatocadadia.com\/es\/wp-content\/uploads\/2025\/02\/12-Galeria.jpg\" alt=\"\" width=\"401\" height=\"302\" \/><\/p>\n<p style=\"text-align: center;\"><strong><em>Galer\u00eda de los Uffizi.<\/em><\/strong><\/p>\n<p style=\"text-align: justify;\">Mi primera tentaci\u00f3n fue preguntar por un <em>posto di polizia<\/em>, pero lo pens\u00e9 mejor y pregunt\u00e9 por una parada de taxis. La parada estaba al lado del Palazzo Pitti, que fue construido por la familia de comerciantes\u00a0Pitti -para tener uno m\u00e1s grande que los M\u00e9dicis\u2013, y que en cuanto se arruinaron fue comprado por Eleonora de Toledo mujer de Cosme I de M\u00e9dici.<\/p>\n<p><img loading=\"lazy\" decoding=\"async\" class=\"alignnone size-full wp-image-15416 aligncenter\" src=\"https:\/\/loscordonesquemeatocadadia.com\/es\/wp-content\/uploads\/2025\/02\/13-Vecchio.jpg\" alt=\"\" width=\"437\" height=\"284\" \/><\/p>\n<p style=\"text-align: center;\"><img loading=\"lazy\" decoding=\"async\" class=\"alignnone size-full wp-image-15417\" src=\"https:\/\/loscordonesquemeatocadadia.com\/es\/wp-content\/uploads\/2025\/02\/14-Vechio-2.jpg\" alt=\"\" width=\"453\" height=\"305\" \/><\/p>\n<p style=\"text-align: center;\"><strong><em>Puente Vecchio sobre el r\u00edo Arno.<\/em><\/strong><\/p>\n<p style=\"text-align: justify;\">Llegu\u00e9 a la parada enseguida -no hay m\u00e1s de 200 ms desde el puente Vecchio-\u00a0y cog\u00ed un taxi, preguntando previamente si pod\u00eda pagar con VISA, para ir\u00a0al aeropuerto Amerigo Vespucci o Peretola. All\u00ed encontr\u00e9 pasaje para Madrid en Iberia a las 16,30 y a las 19,00 estaba en la T4.<\/p>\n<p style=\"text-align: justify;\">Pens\u00e9 en ir a un psiquiatra o a alguien experto en fen\u00f3menos paranormales, pero no lo hice, al fin y al cabo la ida a Florencia <em>fue muy barata<\/em>, y mi filosof\u00eda es que<em><strong> las preguntas sin respuesta en la vida, pueden producir de todo, fundamentalmente melancol\u00eda.<\/strong><\/em><\/p>\n<p style=\"text-align: justify;\">No obstante, volv\u00ed tres veces al Palacio Real de Madrid buscando a la gu\u00eda, pregunt\u00e9 a todos los que hubieran podido\u00a0conocerla, pero nadie parec\u00eda haberla visto jam\u00e1s.<\/p>\n<p style=\"text-align: justify;\"><strong><em>*Seicento<\/em><\/strong><em>: denominaci\u00f3n historiogr\u00e1fica de la dimensi\u00f3n local en Italia del Barroco; movimiento cultural con extensi\u00f3n intelectual, literaria y en todos los g\u00e9neros del arte<\/em><\/p>\n<p style=\"text-align: justify;\">\n","protected":false},"excerpt":{"rendered":"<p>Ayer hice mi \u00faltimo examen del cuatrimestre, y hoy vuelvo a estar al lado de mi querido blog, tan abandonado como el arte y los museos que tanta vida me han ido dando. As\u00ed, y en justa reciprocidad, recuper\u00e9 en la mente una visita al Prado que hice el pasado oto\u00f1o con motivo del pr\u00e9stamo [&hellip;]<\/p>\n","protected":false},"author":2,"featured_media":809,"comment_status":"open","ping_status":"closed","sticky":false,"template":"","format":"standard","meta":{"_mo_disable_npp":"","om_disable_all_campaigns":false,"_monsterinsights_skip_tracking":false,"_monsterinsights_sitenote_active":false,"_monsterinsights_sitenote_note":"","_monsterinsights_sitenote_category":0,"_uf_show_specific_survey":0,"_uf_disable_surveys":false,"footnotes":""},"categories":[47,48,1,21],"tags":[],"class_list":["post-15404","post","type-post","status-publish","format-standard","has-post-thumbnail","hentry","category-arquitectura","category-escultura","category-la-emocion-del-arte","category-pintura"],"aioseo_notices":[],"post_mailing_queue_ids":[],"_links":{"self":[{"href":"https:\/\/loscordonesquemeatocadadia.com\/es\/wp-json\/wp\/v2\/posts\/15404","targetHints":{"allow":["GET"]}}],"collection":[{"href":"https:\/\/loscordonesquemeatocadadia.com\/es\/wp-json\/wp\/v2\/posts"}],"about":[{"href":"https:\/\/loscordonesquemeatocadadia.com\/es\/wp-json\/wp\/v2\/types\/post"}],"author":[{"embeddable":true,"href":"https:\/\/loscordonesquemeatocadadia.com\/es\/wp-json\/wp\/v2\/users\/2"}],"replies":[{"embeddable":true,"href":"https:\/\/loscordonesquemeatocadadia.com\/es\/wp-json\/wp\/v2\/comments?post=15404"}],"version-history":[{"count":7,"href":"https:\/\/loscordonesquemeatocadadia.com\/es\/wp-json\/wp\/v2\/posts\/15404\/revisions"}],"predecessor-version":[{"id":15439,"href":"https:\/\/loscordonesquemeatocadadia.com\/es\/wp-json\/wp\/v2\/posts\/15404\/revisions\/15439"}],"wp:featuredmedia":[{"embeddable":true,"href":"https:\/\/loscordonesquemeatocadadia.com\/es\/wp-json\/wp\/v2\/media\/809"}],"wp:attachment":[{"href":"https:\/\/loscordonesquemeatocadadia.com\/es\/wp-json\/wp\/v2\/media?parent=15404"}],"wp:term":[{"taxonomy":"category","embeddable":true,"href":"https:\/\/loscordonesquemeatocadadia.com\/es\/wp-json\/wp\/v2\/categories?post=15404"},{"taxonomy":"post_tag","embeddable":true,"href":"https:\/\/loscordonesquemeatocadadia.com\/es\/wp-json\/wp\/v2\/tags?post=15404"}],"curies":[{"name":"wp","href":"https:\/\/api.w.org\/{rel}","templated":true}]}}