{"id":2573,"date":"2017-12-16T10:07:25","date_gmt":"2017-12-16T09:07:25","guid":{"rendered":"http:\/\/loscordonesquemeatocadadia.com\/es\/?p=2573"},"modified":"2017-12-17T12:15:49","modified_gmt":"2017-12-17T11:15:49","slug":"los-renglones-torcidos-son-y-deben-ser-castigados-por-los-hombres-pero-quiza-por-dios-no","status":"publish","type":"post","link":"https:\/\/loscordonesquemeatocadadia.com\/es\/2017\/12\/16\/los-renglones-torcidos-son-y-deben-ser-castigados-por-los-hombres-pero-quiza-por-dios-no\/","title":{"rendered":"Los renglones torcidos, son y deben ser castigados por los hombres, pero quiz\u00e1 por Dios, no."},"content":{"rendered":"<p>&nbsp;<\/p>\n<audio class=\"wp-audio-shortcode\" id=\"audio-2573-1\" loop autoplay preload=\"auto\" style=\"width: 100%;\" controls=\"controls\"><source type=\"audio\/mpeg\" src=\"http:\/\/loscordonesquemeatocadadia.com\/es\/wp-content\/uploads\/2017\/09\/mix_3m16s-audio-joiner.com_.mp3?_=1\" \/><a href=\"http:\/\/loscordonesquemeatocadadia.com\/es\/wp-content\/uploads\/2017\/09\/mix_3m16s-audio-joiner.com_.mp3\">http:\/\/loscordonesquemeatocadadia.com\/es\/wp-content\/uploads\/2017\/09\/mix_3m16s-audio-joiner.com_.mp3<\/a><\/audio>\n<p style=\"text-align: justify;\">Cuando surge como tema de conversaci\u00f3n, alguna de las innumerables maldades que el g\u00e9nero humano es capaz de cometer, y de las que nos dan puntual y exagerada cuenta los medios de comunicaci\u00f3n cada d\u00eda, <!--more-->no se sabe si para amargarnos, para prevenirnos o para rellenar, y si nos hemos tomado con anterioridad un par de cervezas que nos animen a entrar en el asunto, ya que sin ellas resultar\u00eda aburrido por haber expuesto la posici\u00f3n al respecto con reiteraci\u00f3n y posiblemente a los mismos contertulios, siempre intento formular una teor\u00eda un tanto surrealista y posiblemente poco notable, que habitualmente la explico con rapidez y sin hilo -probablemente por las cervezas-, y que hoy me aventuro a\u00a0 escribir en un intento de fijar posiciones.<\/p>\n<p style=\"text-align: justify;\">El tema al que me refiero es: <strong>\u00bf<em>es el\u00a0 ser humano culpable y condenable por sus actos malos cometidos ante los hombres? \u00bfY ante Dios?<\/em><\/strong><\/p>\n<p style=\"text-align: justify;\">Obviamente, ante la ley de los hombres \u2013derecho positivo- es culpable y condenable, fundamentalmente para evitar que reitere sus malas acciones;\u00a0 por otra parte\u00a0 ante el<em> derecho natural, <\/em>m\u00e1s defensivo para el hombre -protege-, ya que es una doctrina \u00e9tica y jur\u00eddica que defiende y postula la existencia de derechos humanos,\u00a0 <strong>anteriores, superiores e independientes<\/strong> a los derechos <em>positivo <\/em>y <em>consuetudinario <\/em>\u2013el que no est\u00e1 escrito: usos y costumbres-, nos quedar\u00eda ver como juzgar\u00eda el Ser Superior las acciones de maldad de un ser humano.<\/p>\n<p style=\"text-align: justify;\">Antes de proseguir, la an\u00e9cdota: hace escasas fechas pudimos ver en directo el suicidio ante el tribunal de la Haya\u00a0 del general Slobodan Praljak, criminal de guerra bosnio-croata acusado de cr\u00edmenes de lesa humanidad, tom\u00e1ndose una raci\u00f3n de veneno tras ser condenado; aqu\u00ed cabe un matiz sobre la zozobra que produce en los tribunales<em> la autoinmolaci\u00f3n<\/em> de un\u00a0<em>malo<\/em>, pareciendo que lo que desean los hombres es pasear por este mundo la merecida ignominia del condenado,\u00a0 cuanto m\u00e1s tiempo mejor, aunque a lo mejor debiera agradecerse\u00a0 que se produjera\u00a0 la muerte voluntaria del individuo, que conllevar\u00eda la reducci\u00f3n de trabajo a los tribunales,\u00a0 obviando recursos varios, revisiones, reducciones de condena, etc&#8230;y de mantenimiento del individuo en la prisi\u00f3n -menor coste a los ciudadanos-, pero la filosof\u00eda de la justicia <em>positiva\u00a0<\/em>parece ser:\u00a0<em>no s\u00f3lo ser\u00e1s condenado por nosotros, si no que adem\u00e1s no queremos permitir que te condenes t\u00fa mismo<\/em>, aunque quieras facilitarnos el trabajo, <em>y adem\u00e1s, <strong>pasear\u00e1s tu condena in aeternam<\/strong> por este mundo.<\/em><\/p>\n<p style=\"text-align: center;\"><img loading=\"lazy\" decoding=\"async\" class=\"alignnone size-medium wp-image-3026\" src=\"http:\/\/loscordonesquemeatocadadia.com\/es\/wp-content\/uploads\/2017\/11\/slo-300x168.jpg\" alt=\"\" width=\"300\" height=\"168\" \/><\/p>\n<p style=\"text-align: justify;\">Las personas que se dedican a hacer maldades, suelen apuntar desde j\u00f3venes \u2013quiz\u00e1 por gen\u00e9tica, ambiente familiar malo, deformaci\u00f3n ps\u00edquica, maltrato desde ni\u00f1o\u2026u otro motivo-. Naturalmente tambi\u00e9n los mayores hacen el mal, pero posiblemente lo hagan desde su juventud, o quiz\u00e1 les haya podido suceder alg\u00fan episodio traum\u00e1tico, que haya podido trastornar su personalidad, que durante tantos a\u00f1os le hizo llevar una conducta <em>\u201cbuena\u201d.<\/em><\/p>\n<p style=\"text-align: justify;\">Suele ocurrir, con car\u00e1cter general, que los j\u00f3venes, reci\u00e9n abandonada la adolescencia, s\u00f3lo se preocupan de ellos mismos, detestan las costumbres impuestas, la obediencia a los mayores, desprecian las leyes, y no quieren sentirse como tuvieron que sentirse sus padres \u2013que se lo contamos con frecuencia- ni quieren tener los mismos sue\u00f1os y anhelos que tuvieron sus progenitores, que probablemente so\u00f1aron casi siempre con la justicia y la libertad.\u00a0 Se preguntan \u00bfY eso para qu\u00e9 sirve? \u00bfNo puedo dejar a un lado todo este pamplinario e ir a lo m\u00edo y quiz\u00e1 maldecir casi todo? Estos momentos, podr\u00edan ser los habituales para comenzar a hacer maldades, el que elija ese camino. La adolescencia, tambi\u00e9n puede ser un momento adecuado, aunque normalmente en esas edades se suele a\u00fan estar embridado \u2013en algunos casos no- por la autoridad paterna.<\/p>\n<p style=\"text-align: justify;\">La juventud no empieza ni termina en fechas determinadas; es una percepci\u00f3n de la propia existencia y llega sin que nadie nos avise, no teniendo por qu\u00e9 ser muy agitada ni borrascosa, pero que puede llevar por caminos impensados, que a veces, desemboquen en puertos no deseados, pudiendo hacernos avergonzar y proporcionar sufrimiento, deseando corregir lo acaecido y volver a los principios recibidos. Un buen d\u00eda, te despiertas y te das cuenta que ha cambiado tu perspectiva de las cosas, disminuido tu \u00edmpetu, cesado tu estado de malhumor habitual, teniendo todo ahora un significado distinto: te das cuenta de que algo ha cambiado y sin ser a\u00fan un maduro de cuello ancho y otras adiposidades, has abandonado la juventud.<\/p>\n<p style=\"text-align: justify;\">Esa fase y la anterior de la adolescencia, suelen ser las m\u00e1s comunes en las que se pueden abandonar con cierta facilidad los caminos rectos de las virtudes necesarias para \u00a0ser una persona completa: la honestidad, la honradez, el honor, la bondad, la resiliencia, la paciencia, la empat\u00eda, el esp\u00edritu de sacrificio, confianza y consciencia en y de uno mismo, capacidad de perd\u00f3n\u2026, virtudes que pudieran ser columnas b\u00e1sicas del comportamiento humano.<\/p>\n<p style=\"text-align: justify;\">El anhelo juvenil de la b\u00fasqueda de <em>La Libertad, <\/em>suele adormecerse al abandonar la juventud, d\u00e1ndonos cuenta de que la libertad es m\u00e1s una capacidad interior \u2013del alma-, que una actitud o una reivindicaci\u00f3n constante, y que es libre albedr\u00edo del tiempo, <em>el \u00fanico bien que no puede reponerse nunca, junto a la vida<\/em>; se puede ser pobre e insignificante y libre e independiente, y rico y poderoso y carecer de la m\u00ednima libertad, porque se haya perdido el entusiasmo de la vida o nos aten lazos invisibles a argollas inviolables, pero la libertad no es la que puede conducirnos en una direcci\u00f3n u otra del bien\u00a0 o el mal; es decir, <strong>no deber\u00eda creerse que el libre albedr\u00edo es la raz\u00f3n\u00a0 que pueda hacer conducir nuestros interiores<\/strong> <strong><em>con justicia<\/em><\/strong> hacia un lado u otro: si todas nuestras almas tuvieran una tabla de valores \u00e9ticos y morales <strong>iguales<\/strong> y con evoluci\u00f3n, formaci\u00f3n y <strong><em>grado de perfecci\u00f3n<\/em><\/strong> <strong>id\u00e9ntico<\/strong>, s\u00ed se podr\u00eda achacar al malo, la utilizaci\u00f3n inadecuada del libre albedr\u00edo.<\/p>\n<p style=\"text-align: justify;\">Porque el mal\u00a0<em>no es la acci\u00f3n derivada de un principio malo<\/em>, <em><strong>sino una privaci\u00f3n del bien<\/strong><\/em>, proviniendo esa privaci\u00f3n de la falta de perfecci\u00f3n del ser humano, que se priva a s\u00ed mismo del bien, por\u00a0 abandono de su libre voluntad o albedr\u00edo.<\/p>\n<p style=\"text-align: justify;\">Tampoco y de ninguna manera, puede ser el Ser Supremo responsable del mal si no es de manera negativa: no lo impide, pero tampoco lo proh\u00edbe, y si el Ser Supremo permite el mal y crea seres capaces de hacer maldades, se debe a que <strong>\u00c9l puede extraer el bien del mal,<em> pudiendo el mal entonces hacer resplandecer con fuerza su bondad divina.<\/em><\/strong> \u00bfESTAMOS LOS MALOS PARA ENSALZAR LA BONDAD DEL SER SUPREMO?<\/p>\n<p style=\"text-align: justify;\">No es lo que dec\u00eda Epicuro: si el Ser Supremo est\u00e1 dispuesto a prevenir el mal, pero no puede\u2026no ser\u00e1 omnipotente. \u00bfSi est\u00e1 dispuesto, pero no quiere evitarlo?\u2026ser\u00e1 mal\u00e9volo. \u00bfSi\u00a0 no est\u00e1 dispuesto y tampoco quiere?&#8230;no ser\u00e1 Dios&#8230; Ni quiere, ni deja de quererlo: <em>el mal ensalza su bondad<\/em>, pero entonces ser\u00eda injusto condenar en EL ESPACIO DIVINO a los que hacen cosas malas que ensalcen su bondad en la misericordia.<\/p>\n<p style=\"text-align: justify;\">Si es infinitamente misericordioso por ser Dios, jam\u00e1s podr\u00e1 condenar por nada, ni que nadie se condene a s\u00ed mismo por la utilizaci\u00f3n de su direcci\u00f3n defectuosa.<\/p>\n<p style=\"text-align: justify;\">Volviendo al principio: \u00bfPor qu\u00e9 son creadas personas capaces de hacer el mal y otras no? O de otra forma \u00bfPor qu\u00e9 hay personas que sufren <strong><em>privaci\u00f3n del bien<\/em><\/strong> y otras no?<\/p>\n<p style=\"text-align: justify;\">\u00bfSon condenables por el Ser Supremo los que hacen el mal, siendo \u00c9l su creador? Deber\u00eda ser que no. Los que hacen el mal, tienen alg\u00fan <em>defecto de fabricaci\u00f3n o sobrevenido<\/em>, que les permite hacerlo, mientras que al resto, no.<\/p>\n<p style=\"text-align: justify;\">No sirve lo del libre albedr\u00edo: los <strong>no <\/strong>malos, no eligen, simplemente no hacen el mal; los que son malos, tampoco eligen, lo hacen.<\/p>\n<p style=\"text-align: justify;\"><strong><em>Por tanto: condena terrenal debido al derecho positivo y para protecci\u00f3n de los dem\u00e1s, autorizando la autoinmolaci\u00f3n al que la desee, y Perd\u00f3n Eterno del Creador\u00a0 SIEMPRE en el M\u00e1s All\u00e1, ad maiorem Dei gloriam.<\/em><\/strong><\/p>\n","protected":false},"excerpt":{"rendered":"<p>&nbsp; Cuando surge como tema de conversaci\u00f3n, alguna de las innumerables maldades que el g\u00e9nero humano es capaz de cometer, y de las que nos dan puntual y exagerada cuenta los medios de comunicaci\u00f3n cada d\u00eda,<\/p>\n","protected":false},"author":2,"featured_media":3027,"comment_status":"open","ping_status":"closed","sticky":false,"template":"","format":"standard","meta":{"_mo_disable_npp":"","om_disable_all_campaigns":false,"_monsterinsights_skip_tracking":false,"_monsterinsights_sitenote_active":false,"_monsterinsights_sitenote_note":"","_monsterinsights_sitenote_category":0,"_uf_show_specific_survey":0,"_uf_disable_surveys":false,"footnotes":""},"categories":[9,94,8],"tags":[432,434,436,433,438,437,435],"class_list":["post-2573","post","type-post","status-publish","format-standard","has-post-thumbnail","hentry","category-el-abuelo-cebolleta","category-pensamiento","category-son-las-cosas-de-la-vida","tag-dios","tag-el-libre-albedrio","tag-la-bondad-divina","tag-la-maldad","tag-los-buenos","tag-los-malos","tag-permision-del-mal"],"aioseo_notices":[],"post_mailing_queue_ids":[],"_links":{"self":[{"href":"https:\/\/loscordonesquemeatocadadia.com\/es\/wp-json\/wp\/v2\/posts\/2573","targetHints":{"allow":["GET"]}}],"collection":[{"href":"https:\/\/loscordonesquemeatocadadia.com\/es\/wp-json\/wp\/v2\/posts"}],"about":[{"href":"https:\/\/loscordonesquemeatocadadia.com\/es\/wp-json\/wp\/v2\/types\/post"}],"author":[{"embeddable":true,"href":"https:\/\/loscordonesquemeatocadadia.com\/es\/wp-json\/wp\/v2\/users\/2"}],"replies":[{"embeddable":true,"href":"https:\/\/loscordonesquemeatocadadia.com\/es\/wp-json\/wp\/v2\/comments?post=2573"}],"version-history":[{"count":20,"href":"https:\/\/loscordonesquemeatocadadia.com\/es\/wp-json\/wp\/v2\/posts\/2573\/revisions"}],"predecessor-version":[{"id":3296,"href":"https:\/\/loscordonesquemeatocadadia.com\/es\/wp-json\/wp\/v2\/posts\/2573\/revisions\/3296"}],"wp:featuredmedia":[{"embeddable":true,"href":"https:\/\/loscordonesquemeatocadadia.com\/es\/wp-json\/wp\/v2\/media\/3027"}],"wp:attachment":[{"href":"https:\/\/loscordonesquemeatocadadia.com\/es\/wp-json\/wp\/v2\/media?parent=2573"}],"wp:term":[{"taxonomy":"category","embeddable":true,"href":"https:\/\/loscordonesquemeatocadadia.com\/es\/wp-json\/wp\/v2\/categories?post=2573"},{"taxonomy":"post_tag","embeddable":true,"href":"https:\/\/loscordonesquemeatocadadia.com\/es\/wp-json\/wp\/v2\/tags?post=2573"}],"curies":[{"name":"wp","href":"https:\/\/api.w.org\/{rel}","templated":true}]}}