{"id":3055,"date":"2018-02-17T07:00:39","date_gmt":"2018-02-17T06:00:39","guid":{"rendered":"http:\/\/loscordonesquemeatocadadia.com\/es\/?p=3055"},"modified":"2020-05-05T12:35:55","modified_gmt":"2020-05-05T11:35:55","slug":"mariano-fortuny-en-el-museo-del-prado-parte-1","status":"publish","type":"post","link":"https:\/\/loscordonesquemeatocadadia.com\/es\/2018\/02\/17\/mariano-fortuny-en-el-museo-del-prado-parte-1\/","title":{"rendered":"MARIANO FORTUNY EN EL MUSEO DEL PRADO. Parte 1."},"content":{"rendered":"<audio class=\"wp-audio-shortcode\" id=\"audio-3055-1\" loop autoplay preload=\"auto\" style=\"width: 100%;\" controls=\"controls\"><source type=\"audio\/mpeg\" src=\"http:\/\/loscordonesquemeatocadadia.com\/es\/wp-content\/uploads\/2017\/12\/La-plaza-de-Tetu\u00e1n.mp3?_=1\" \/><a href=\"http:\/\/loscordonesquemeatocadadia.com\/es\/wp-content\/uploads\/2017\/12\/La-plaza-de-Tetu\u00e1n.mp3\">http:\/\/loscordonesquemeatocadadia.com\/es\/wp-content\/uploads\/2017\/12\/La-plaza-de-Tetu\u00e1n.mp3<\/a><\/audio>\n<p style=\"text-align: justify;\">En primer lugar <strong>Goya, <\/strong>y\u00a0tras \u00e9l, Mariano <strong>Fortuny<\/strong> y Eduardo <strong>Rosales<\/strong>, y quiz\u00e1<strong>\u00a0<\/strong>despu\u00e9s Jos\u00e9 y Federico de Madrazo, Esquivel, de Haes, L\u00f3pez Porta\u00f1a, Sorolla, P\u00e9rez de Villaamil y Lucas Vel\u00e1zquez fueron considerados los mejores pintores espa\u00f1oles del siglo XIX.<!--more--><\/p>\n<p style=\"text-align: justify;\">Fortuny naci\u00f3 en Reus 1838 quedando hu\u00e9rfano a los seis a\u00f1os, siendo criado por su abuelo, quien desde ni\u00f1o potenci\u00f3 su formaci\u00f3n art\u00edstica al apreciar sus cualidades, llev\u00e1ndolo al taller de Dom\u00e8nec Soberano, pintor de Reus. Desde temprana edad trabaj\u00f3 con el miniaturista orfebre Antoni Bassa, del que aprendi\u00f3 la colosal minuciosidad que caracteriza a su obra.<\/p>\n<p style=\"text-align: justify;\">Con 14 a\u00f1os se fue a Barcelona entrando en la <em>Escuela de Bellas Artes de la Lonja, <\/em>gracias al escultor <em>Dom\u00e8nec Talarn<\/em>, teniendo como maestros a <a href=\"https:\/\/es.wikipedia.org\/wiki\/Claudio_Lorenzale\"><em>Claudio Lorenzale<\/em><\/a> -le trasmiti\u00f3 el gusto por el romanticismo-, <em>Pablo Mil\u00e0<\/em> y <em>Jean-L\u00e9on G\u00e9r\u00f4me.<\/em><\/p>\n<p style=\"text-align: justify;\">En 1858 fue becado por la Diputaci\u00f3n de Barcelona para estudiar en Roma,\u00a0conociendo all\u00ed entre otros a Eduardo Rosales y al italiano <a href=\"https:\/\/it.wikipedia.org\/wiki\/Attilio_Simonetti\"><em>Attilio Simonetti<\/em> <\/a>del que lleg\u00f3 a ser gran amigo, debiendo enviar regularmente trabajos a la Diputaci\u00f3n de Barcelona,\u00a0 para el mantenimiento de la beca.<\/p>\n<p style=\"text-align: justify;\">Al comenzar la Guerra de Marruecos -1859-1860-, mediado el a\u00f1o 59, la Diputaci\u00f3n de Barcelona decidi\u00f3 enviarle a este pa\u00eds como reportero\/artista \u00a0gr\u00e1fico de la contienda junto a <a href=\"https:\/\/es.wikipedia.org\/wiki\/Pedro_Antonio_de_Alarc%C3%B3n\"><em>Pedro Antonio de Alarc\u00f3n<\/em>,<\/a> siendo integrado en la unidad del Grupo de Reserva mandada por el <strong><em>general\u00a0 Prim.<\/em><\/strong><\/p>\n<p style=\"text-align: justify;\">\u00c1frica, supuso \u00a0un nuevo horizonte art\u00edstico para Fortuny, por su luz, sus sencillos paisajes, sus habitantes y sus costumbres, dejando a un lado los academicismos de las Escuelas de Arte, sinti\u00e9ndose muy atra\u00eddo por los temas de g\u00e9nero oriental y lo pintoresco del mundo y costumbres \u00e1rabes, que influir\u00edan sobre gran parte de su obra.<\/p>\n<p style=\"text-align: justify;\">Una vez concluida la guerra de Marruecos -con la victoria de Espa\u00f1a-, regres\u00f3 un peque\u00f1o per\u00edodo de tiempo a Barcelona, en donde conoci\u00f3 y se hizo amigo de <em><a href=\"https:\/\/es.wikipedia.org\/wiki\/Federico_Madrazo\">Federico de Madrazo<\/a><\/em>, con quien compartir\u00eda gran afici\u00f3n por la tauromaquia, y con su hijo <a href=\"https:\/\/www.museodelprado.es\/aprende\/enciclopedia\/voz\/madrazo-y-garreta-raimundo-de\/c01c352f-9b38-4504-b54e-29c70a1bfe7e\"><em>Raimundo<\/em><\/a>, estableciendo relaciones con Cecilia \u2013hija de Federico y virtuosa pianista- con la que contraer\u00eda matrimonio en 1867.<\/p>\n<p style=\"text-align: justify;\">Regres\u00f3 a \u00a0Roma, asistiendo a la Academia de Bellas Artes de Francia en Villa M\u00e9dici, donde comenz\u00f3 a trazar los primeros bocetos de la que ser\u00eda una de sus grandes obras, \u00a0<strong><em>La batalla de Tetu\u00e1n, <\/em><\/strong>aunque realmente no se empe\u00f1\u00f3 con ella hasta 1864. Es una obra de gran formato, -inacabada- de casi 10 metros de longitud y 3 de altura,\u00a0 que se expone en el Museo Nacional de Arte Moderno de Catalu\u00f1a, <em>no habiendo viajado al Prado para esta exposici\u00f3n<\/em>. En la obra, en el centro de la batalla, se puede ver perfectamente al general O\u00b4Donell \u2013jefe de de gobierno- a caballo con el sable rodeado de \u00a0su estado mayor, y a la derecha, tambi\u00e9n a caballo, al general \u00a0Juan Prim, repartiendo mandobles al frente de sus hombres y \u00a0en primer plano , a\u00a0 los marroqu\u00edes \u00a0huyendo. <strong><em>Son notables la minuciosidad de los detalles a pesar de las dimensiones de la obra.<\/em><\/strong><\/p>\n<p style=\"text-align: center;\"><img loading=\"lazy\" decoding=\"async\" class=\"alignnone wp-image-3120\" src=\"http:\/\/loscordonesquemeatocadadia.com\/es\/wp-content\/uploads\/2017\/12\/Mariano_Fortuny_La_batalla_de_Tetuan-300x93.jpg\" alt=\"\" width=\"704\" height=\"218\" srcset=\"https:\/\/loscordonesquemeatocadadia.com\/es\/wp-content\/uploads\/2017\/12\/Mariano_Fortuny_La_batalla_de_Tetuan-300x93.jpg 300w, https:\/\/loscordonesquemeatocadadia.com\/es\/wp-content\/uploads\/2017\/12\/Mariano_Fortuny_La_batalla_de_Tetuan.jpg 660w\" sizes=\"auto, (max-width: 704px) 100vw, 704px\" \/><img loading=\"lazy\" decoding=\"async\" class=\"alignnone wp-image-3117\" src=\"http:\/\/loscordonesquemeatocadadia.com\/es\/wp-content\/uploads\/2017\/12\/TETUAN-2-300x158.jpg\" alt=\"\" width=\"478\" height=\"252\" \/><\/p>\n<p style=\"text-align: center;\"><em><strong>Mariano Fortuny. La batalla de Tetu\u00e1n. 1863-1865.\u00a0 \u00d3leo sobre tela.\u00a0 972 x 300 cm. Museo Nacional de Arte de Catalu\u00f1a.<\/strong><\/em><\/p>\n<p>&nbsp;<\/p>\n<p style=\"text-align: center;\"><img loading=\"lazy\" decoding=\"async\" class=\"alignnone wp-image-3089\" src=\"http:\/\/loscordonesquemeatocadadia.com\/es\/wp-content\/uploads\/2017\/12\/LabatalladreTetunporMarianoo-donnel-300x163.jpg\" alt=\"\" width=\"394\" height=\"214\" srcset=\"https:\/\/loscordonesquemeatocadadia.com\/es\/wp-content\/uploads\/2017\/12\/LabatalladreTetunporMarianoo-donnel-300x163.jpg 300w, https:\/\/loscordonesquemeatocadadia.com\/es\/wp-content\/uploads\/2017\/12\/LabatalladreTetunporMarianoo-donnel.jpg 346w\" sizes=\"auto, (max-width: 394px) 100vw, 394px\" \/><\/p>\n<p style=\"text-align: center;\"><strong><em>Detalle del general\u00a0 O\u00b4Donnell\u00a0 con su Estado Mayor en el \u00f3leo de la batalla de Tetu\u00e1n.<\/em><\/strong><\/p>\n<p style=\"text-align: center;\"><img loading=\"lazy\" decoding=\"async\" class=\"alignnone wp-image-3118\" src=\"http:\/\/loscordonesquemeatocadadia.com\/es\/wp-content\/uploads\/2017\/12\/TETUAN-5-300x208.jpg\" alt=\"\" width=\"405\" height=\"281\" srcset=\"https:\/\/loscordonesquemeatocadadia.com\/es\/wp-content\/uploads\/2017\/12\/TETUAN-5-300x208.jpg 300w, https:\/\/loscordonesquemeatocadadia.com\/es\/wp-content\/uploads\/2017\/12\/TETUAN-5.jpg 550w\" sizes=\"auto, (max-width: 405px) 100vw, 405px\" \/><\/p>\n<p style=\"text-align: center;\"><strong><em>Detalle\u00a0 de los marroqu\u00edes\u00a0 huyendo\u00a0<\/em><\/strong><strong><em>en el \u00f3leo de la batalla de Tetu\u00e1n.<\/em><\/strong><\/p>\n<p style=\"text-align: justify;\">Estando en Roma,\u00a0 a mediados de 1862, solicit\u00f3 a la Diputaci\u00f3n de Barcelona\u00a0 volver a \u00c1frica para hacer estudios de paisaje y luz, a cambio de enviar algunos trabajos, tomando as\u00ed sus obras tintes orientales, que condujeron al artista a un estilo ecl\u00e9ctico muy apreciable en su obra \u201c<em>La reina Mar\u00eda Cristina y su hija la reina Isabel pasando revista a las bater\u00edas de Artiller\u00eda que defend\u00edan Madrid en 1837<\/em>\u201d,\u00a0 pedido del duque de Riansares para decorar el techo del sal\u00f3n de recibir de su palacio de Par\u00eds y hoy en la exposici\u00f3n del Prado.<\/p>\n<p style=\"text-align: center;\"><img loading=\"lazy\" decoding=\"async\" class=\"alignnone wp-image-3107\" src=\"http:\/\/loscordonesquemeatocadadia.com\/es\/wp-content\/uploads\/2017\/12\/la-reina.jpg\" alt=\"\" width=\"599\" height=\"380\" \/><\/p>\n<p style=\"text-align: center;\"><em><strong>Mariano Fortuny. La Reina Mar\u00eda Cristina y su hija la Reina Isabel pasando revista a las tropas de artilleria que defendieron Madrid en 1837. 1865-1867.\u00a0 \u00d3leo sobre tela.\u00a0 340 x\u00a0 460 cm. Museo del Prado.Madrid.<\/strong><\/em><\/p>\n<p><img loading=\"lazy\" decoding=\"async\" class=\"alignnone wp-image-3108 aligncenter\" src=\"http:\/\/loscordonesquemeatocadadia.com\/es\/wp-content\/uploads\/2017\/12\/detalle-de-la-reina-300x212.jpg\" alt=\"\" width=\"453\" height=\"320\" srcset=\"https:\/\/loscordonesquemeatocadadia.com\/es\/wp-content\/uploads\/2017\/12\/detalle-de-la-reina-300x212.jpg 300w, https:\/\/loscordonesquemeatocadadia.com\/es\/wp-content\/uploads\/2017\/12\/detalle-de-la-reina.jpg 550w\" sizes=\"auto, (max-width: 453px) 100vw, 453px\" \/><\/p>\n<p style=\"text-align: center;\"><strong><em>Detalle del carruaje con las\u00a0 reinas.<\/em><\/strong><\/p>\n<p style=\"text-align: center;\"><img loading=\"lazy\" decoding=\"async\" class=\"alignnone wp-image-3106\" src=\"http:\/\/loscordonesquemeatocadadia.com\/es\/wp-content\/uploads\/2017\/12\/la-reina-2.jpg\" alt=\"\" width=\"307\" height=\"223\" \/><\/p>\n<p style=\"text-align: center;\"><strong><em>Detalle del \u00f3leo anterior m\u00e1s pr\u00f3ximo.<\/em><\/strong><\/p>\n<p style=\"text-align: justify;\">Es muy interesante observar los detalles, y casi mejor con lupa, de las obras de Fortuny, <strong><em>para poder apreciar la minuciosidad y precisi\u00f3n de su trazo, el uso genial del color y la magn\u00edfica luz de su obra.<\/em><\/strong><\/p>\n<p style=\"text-align: justify;\">A su regreso a Barcelona se cas\u00f3 con Cecilia Madrazo y comenz\u00f3 \u00a0su andadura por el tema taurom\u00e1quico, afici\u00f3n compartida con su suegro y su cu\u00f1ado;\u00a0 fue un apasionado de los valores pl\u00e1sticos y la mezcla de color, drama, elegancia y brutalidad de la fiesta, destacando en este tema algunas obras como\u00a0<em>Corrida de toros. Picador herido<\/em>\u00a0 de 1867.<\/p>\n<p style=\"text-align: center;\"><img loading=\"lazy\" decoding=\"async\" class=\"alignnone wp-image-3074\" src=\"http:\/\/loscordonesquemeatocadadia.com\/es\/wp-content\/uploads\/2017\/12\/Corrida-de-Toros.-Picador-herido.-300x169.jpg\" alt=\"\" width=\"550\" height=\"310\" srcset=\"https:\/\/loscordonesquemeatocadadia.com\/es\/wp-content\/uploads\/2017\/12\/Corrida-de-Toros.-Picador-herido.-300x169.jpg 300w, https:\/\/loscordonesquemeatocadadia.com\/es\/wp-content\/uploads\/2017\/12\/Corrida-de-Toros.-Picador-herido.-768x434.jpg 768w, https:\/\/loscordonesquemeatocadadia.com\/es\/wp-content\/uploads\/2017\/12\/Corrida-de-Toros.-Picador-herido.-1024x578.jpg 1024w, https:\/\/loscordonesquemeatocadadia.com\/es\/wp-content\/uploads\/2017\/12\/Corrida-de-Toros.-Picador-herido.-953x536.jpg 953w\" sizes=\"auto, (max-width: 550px) 100vw, 550px\" \/><\/p>\n<p style=\"text-align: center;\"><em><strong>Mariano Fortuny. Corrida de toros. Picador herido. 1867.\u00a0 \u00d3leo sobre tela apoyado en aluminio.\u00a0 50,5 x 140,7 cm.\u00a0 Colecci\u00f3n Carmen Thyssen -Bornemisza. Museo\u00a0 Thyssen-Bornemisza de M\u00e1laga.<\/strong><\/em><\/p>\n<p style=\"text-align: justify;\">\u200bEn 1868 se traslad\u00f3 con su familia a vivir a Granada, teniendo dos a\u00f1os de gran producci\u00f3n pict\u00f3rica, atrayendo a algunos amigos que resid\u00edan en Par\u00eds, con el sol, las costumbres y la belleza de los pueblos granadinos.<\/p>\n<p style=\"text-align: justify;\">Fortuny viaj\u00f3 a Londres, N\u00e1poles, y Portici peque\u00f1a localidad \u00a0cerca de N\u00e1poles, donde pint\u00f3 algunos cuadros de paisajes, costumbres y retratos. En mayo de 1874 regres\u00f3 a Par\u00eds con la intenci\u00f3n de romper\u00a0la relaci\u00f3n con\u00a0su representante, volviendo a Roma, en donde muri\u00f3 de una hemorragia en noviembre, con s\u00f3lo 36 a\u00f1os<\/p>\n<p style=\"text-align: justify;\">A pesar de su temprana muerte, su estilo y la t\u00e9cnica de su obra lo definen como un gran pintor que cultiv\u00f3 su preocupaci\u00f3n <em><strong>por los detalles, el color y la luz, aplicados con gran precisi\u00f3n en lo que aparentemente son pinceladas sueltas y libres<\/strong><\/em>, teniendo gran influencia en la pintura europea del siglo XIX.<\/p>\n<p style=\"text-align: center;\"><em><strong>To be continued in part\u00a0 2.<\/strong><\/em><\/p>\n","protected":false},"excerpt":{"rendered":"<p>En primer lugar Goya, y\u00a0tras \u00e9l, Mariano Fortuny y Eduardo Rosales, y quiz\u00e1\u00a0despu\u00e9s Jos\u00e9 y Federico de Madrazo, Esquivel, de Haes, L\u00f3pez Porta\u00f1a, Sorolla, P\u00e9rez de Villaamil y Lucas Vel\u00e1zquez fueron considerados los mejores pintores espa\u00f1oles del siglo XIX.<\/p>\n","protected":false},"author":2,"featured_media":3114,"comment_status":"open","ping_status":"closed","sticky":false,"template":"","format":"standard","meta":{"_mo_disable_npp":"","om_disable_all_campaigns":false,"_monsterinsights_skip_tracking":false,"_monsterinsights_sitenote_active":false,"_monsterinsights_sitenote_note":"","_monsterinsights_sitenote_category":0,"_uf_show_specific_survey":0,"_uf_disable_surveys":false,"footnotes":""},"categories":[22,1,21],"tags":[614,610,606,611,608,615,613,607,612,609],"class_list":["post-3055","post","type-post","status-publish","format-standard","has-post-thumbnail","hentry","category-historia","category-la-emocion-del-arte","category-pintura","tag-attilio-simonetti","tag-bassa","tag-batalla-de-tetuan","tag-claudio-lorenzale","tag-federico-de-madrazo","tag-guerra-de-marruecos","tag-jean-leon-gerome","tag-jose-madrazo","tag-pablo-mila","tag-raimundo-de-madrazo"],"aioseo_notices":[],"post_mailing_queue_ids":[],"_links":{"self":[{"href":"https:\/\/loscordonesquemeatocadadia.com\/es\/wp-json\/wp\/v2\/posts\/3055","targetHints":{"allow":["GET"]}}],"collection":[{"href":"https:\/\/loscordonesquemeatocadadia.com\/es\/wp-json\/wp\/v2\/posts"}],"about":[{"href":"https:\/\/loscordonesquemeatocadadia.com\/es\/wp-json\/wp\/v2\/types\/post"}],"author":[{"embeddable":true,"href":"https:\/\/loscordonesquemeatocadadia.com\/es\/wp-json\/wp\/v2\/users\/2"}],"replies":[{"embeddable":true,"href":"https:\/\/loscordonesquemeatocadadia.com\/es\/wp-json\/wp\/v2\/comments?post=3055"}],"version-history":[{"count":21,"href":"https:\/\/loscordonesquemeatocadadia.com\/es\/wp-json\/wp\/v2\/posts\/3055\/revisions"}],"predecessor-version":[{"id":9249,"href":"https:\/\/loscordonesquemeatocadadia.com\/es\/wp-json\/wp\/v2\/posts\/3055\/revisions\/9249"}],"wp:featuredmedia":[{"embeddable":true,"href":"https:\/\/loscordonesquemeatocadadia.com\/es\/wp-json\/wp\/v2\/media\/3114"}],"wp:attachment":[{"href":"https:\/\/loscordonesquemeatocadadia.com\/es\/wp-json\/wp\/v2\/media?parent=3055"}],"wp:term":[{"taxonomy":"category","embeddable":true,"href":"https:\/\/loscordonesquemeatocadadia.com\/es\/wp-json\/wp\/v2\/categories?post=3055"},{"taxonomy":"post_tag","embeddable":true,"href":"https:\/\/loscordonesquemeatocadadia.com\/es\/wp-json\/wp\/v2\/tags?post=3055"}],"curies":[{"name":"wp","href":"https:\/\/api.w.org\/{rel}","templated":true}]}}