{"id":3691,"date":"2025-09-16T07:00:38","date_gmt":"2025-09-16T06:00:38","guid":{"rendered":"http:\/\/loscordonesquemeatocadadia.com\/es\/?p=3691"},"modified":"2025-09-17T06:16:10","modified_gmt":"2025-09-17T05:16:10","slug":"buscar-siempre-una-ilusion-que-proporcione-esperanza-skying-desde-singapur-a-juan-bravo","status":"publish","type":"post","link":"https:\/\/loscordonesquemeatocadadia.com\/es\/2025\/09\/16\/buscar-siempre-una-ilusion-que-proporcione-esperanza-skying-desde-singapur-a-juan-bravo\/","title":{"rendered":"Manuel Benedito, un grande no demasiado conocido."},"content":{"rendered":"<audio class=\"wp-audio-shortcode\" id=\"audio-3691-1\" loop autoplay preload=\"auto\" style=\"width: 100%;\" controls=\"controls\"><source type=\"audio\/mpeg\" src=\"http:\/\/loscordonesquemeatocadadia.com\/es\/wp-content\/uploads\/2018\/02\/El-Barrio-Las-Costuras-del-Alma-1.mp3?_=1\" \/><a href=\"http:\/\/loscordonesquemeatocadadia.com\/es\/wp-content\/uploads\/2018\/02\/El-Barrio-Las-Costuras-del-Alma-1.mp3\">http:\/\/loscordonesquemeatocadadia.com\/es\/wp-content\/uploads\/2018\/02\/El-Barrio-Las-Costuras-del-Alma-1.mp3<\/a><\/audio>\n<p style=\"text-align: justify;\">Llegu\u00e9 apresuradamente por la calle Dalmeida a la puerta del edificio Republic Plaza, con la esperanza de poder asistir de d\u00eda, desde la terraza del \u00faltimo piso, a la visi\u00f3n panor\u00e1mica de <strong><em>Singapur<\/em><\/strong>, que era se\u00f1alada como una de las vistas urbanas m\u00e1s bellas del mundo, y desde donde pod\u00eda verse la ciudad-estado desde Malasia a <strong><em>Sentosa<\/em><\/strong> \u00a0y desde el aeropuerto de Changi al estrecho de Johor.<!--more--><\/p>\n<p style=\"text-align: center;\"><img loading=\"lazy\" decoding=\"async\" class=\"alignnone wp-image-3720\" src=\"http:\/\/loscordonesquemeatocadadia.com\/es\/wp-content\/uploads\/2018\/02\/450px-Singapore_Skyline_in_the_Early_Morning-1-300x169.jpg\" alt=\"\" width=\"713\" height=\"402\" srcset=\"https:\/\/loscordonesquemeatocadadia.com\/es\/wp-content\/uploads\/2018\/02\/450px-Singapore_Skyline_in_the_Early_Morning-1-300x169.jpg 300w, https:\/\/loscordonesquemeatocadadia.com\/es\/wp-content\/uploads\/2018\/02\/450px-Singapore_Skyline_in_the_Early_Morning-1.jpg 450w\" sizes=\"auto, (max-width: 713px) 100vw, 713px\" \/><\/p>\n<p style=\"text-align: center;\"><em><strong>Singapur financiera.<\/strong><\/em><\/p>\n<p style=\"text-align: center;\"><img loading=\"lazy\" decoding=\"async\" class=\"alignnone wp-image-3743\" src=\"http:\/\/loscordonesquemeatocadadia.com\/es\/wp-content\/uploads\/2018\/02\/Sihgapur2-300x168.jpg\" alt=\"\" width=\"659\" height=\"369\" srcset=\"https:\/\/loscordonesquemeatocadadia.com\/es\/wp-content\/uploads\/2018\/02\/Sihgapur2-300x168.jpg 300w, https:\/\/loscordonesquemeatocadadia.com\/es\/wp-content\/uploads\/2018\/02\/Sihgapur2-768x431.jpg 768w, https:\/\/loscordonesquemeatocadadia.com\/es\/wp-content\/uploads\/2018\/02\/Sihgapur2-1024x575.jpg 1024w\" sizes=\"auto, (max-width: 659px) 100vw, 659px\" \/><\/p>\n<p style=\"text-align: center;\"><strong><em>Hotel Marina Bay Sands. Singapur.<\/em><\/strong><\/p>\n<p><img loading=\"lazy\" decoding=\"async\" class=\"alignnone wp-image-3707 aligncenter\" src=\"http:\/\/loscordonesquemeatocadadia.com\/es\/wp-content\/uploads\/2018\/02\/Republic_Plaza_2-1-225x300.jpg\" alt=\"\" width=\"575\" height=\"767\" srcset=\"https:\/\/loscordonesquemeatocadadia.com\/es\/wp-content\/uploads\/2018\/02\/Republic_Plaza_2-1-225x300.jpg 225w, https:\/\/loscordonesquemeatocadadia.com\/es\/wp-content\/uploads\/2018\/02\/Republic_Plaza_2-1.jpg 368w\" sizes=\"auto, (max-width: 575px) 100vw, 575px\" \/><\/p>\n<p style=\"text-align: center;\"><strong><em>Republic Plaza .<\/em><\/strong><\/p>\n<p style=\"text-align: justify;\">Pagu\u00e9 a toda prisa mi ticket de 10 d\u00f3lares singapurenses, dirigi\u00e9ndome a uno de los quince ascensores que en ese momento tragaban gente a tutiplen para subir. Me sorprendi\u00f3 el dise\u00f1o <em>vintage d<\/em>el ascensor con paredes forradas de terciopelo rojo, techo alto, un peque\u00f1o sof\u00e1 de tres plazas en el fondo, tapizado con la misma tela que las paredes, una l\u00e1mpara de l\u00e1grimas de cristal con no menos de una docena de bombillas tipo vela, y contrastando con todo ello, un panel de color gris met\u00e1lico, ultramoderno, con botones de luces digitalizadas, que luego ver\u00eda como escrupulosamente adquir\u00edan un color azul fr\u00edo, a medida que pasaban los pisos a toda velocidad para recorrer los 280 ms de altura del edificio con sus 66 plantas.<\/p>\n<p style=\"text-align: center;\"><img loading=\"lazy\" decoding=\"async\" class=\"alignnone wp-image-3705\" src=\"http:\/\/loscordonesquemeatocadadia.com\/es\/wp-content\/uploads\/2018\/02\/loffit-se-vende-un-atico-en-el-edificio-mas-alto-de-singapur-03-300x200.jpeg\" alt=\"\" width=\"722\" height=\"481\" srcset=\"https:\/\/loscordonesquemeatocadadia.com\/es\/wp-content\/uploads\/2018\/02\/loffit-se-vende-un-atico-en-el-edificio-mas-alto-de-singapur-03-300x200.jpeg 300w, https:\/\/loscordonesquemeatocadadia.com\/es\/wp-content\/uploads\/2018\/02\/loffit-se-vende-un-atico-en-el-edificio-mas-alto-de-singapur-03-768x512.jpeg 768w, https:\/\/loscordonesquemeatocadadia.com\/es\/wp-content\/uploads\/2018\/02\/loffit-se-vende-un-atico-en-el-edificio-mas-alto-de-singapur-03.jpeg 1024w\" sizes=\"auto, (max-width: 722px) 100vw, 722px\" \/><\/p>\n<p style=\"text-align: center;\"><em><strong>Panor\u00e1mica de la ciudad de Singapur.<\/strong><\/em><\/p>\n<p style=\"text-align: justify;\">Busqu\u00e9 al entrar en el primero que pude, el panel de los pisos. Habr\u00eda ya \u00a0una decena de personas embarcadas, cerr\u00e1ndose las puertas a mi espalda; localizado el panel de los pisos, puls\u00e9 el bot\u00f3n del \u00faltimo y me qued\u00e9 mirando hacia ning\u00fan sitio, aunque al poco, inc\u00f3modo al sentirme observado, me di la vuelta quedando de cara a la puerta por donde hab\u00eda entrado. En un ascensor de alta capacidad \u2013en los de escasa quiz\u00e1 m\u00e1s- las personas tratamos de disimular; miramos hacia abajo, hacia arriba, apretamos los pu\u00f1os, carraspeamos, miramos los botones calculando cuantos pisos nos quedan, miramos la hora para nada, esperando llegar pronto, y que se abran de una vez las puertas para poder salir por fin y dejar de ser observados.<\/p>\n<p style=\"text-align: justify;\">El ascensor subi\u00f3 como una exhalaci\u00f3n hasta la planta 23, sonando al iniciar la deceleraci\u00f3n un timbre digital, musical pero firme, deteni\u00e9ndose suavemente, oyendo a continuaci\u00f3n unos cuantos <em>sorries<\/em> que acompa\u00f1ados de cuerpo y codos intentaban desembarcar en su destino.<\/p>\n<p style=\"text-align: justify;\">Quedamos cuatro personas en el ascensor, que cerr\u00f3 sus puertas, reiniciando su mete\u00f3rico ascenso a la planta 54, en donde se repitieron las mismas operaciones, aunque en esta ocasi\u00f3n, el resto de las personas que sub\u00edan, exceptu\u00e1ndome, salieron con mayor tranquilidad al no intuir problemas para el desembarco: me qued\u00e9 solo, poni\u00e9ndose el ascensor en movimiento hacia la terraza con mirador del piso 66.<\/p>\n<p style=\"text-align: justify;\">Entonces me fij\u00e9 en el ruido de los motores, que no era un ruido potente, no, era m\u00e1s bien suave, el\u00e9ctrico, como un zumbido. Mir\u00e9 al suelo que estaba muy limpio y luego me vi en el espejo que no ten\u00eda remaches, en donde me mir\u00e9 de forma deshinbida; cuando uno est\u00e1 solo se suele sentir un poco m\u00e1s libre para estos menesteres, y me observ\u00e9 con tranquilidad, vi\u00e9ndome con pinta demasiado deportiva para las canas que peino, pero en fin\u2026la verdad es que no hay nada demasiado interesante en un ascensor, pens\u00e9.<\/p>\n<p style=\"text-align: justify;\">Record\u00e9 que hac\u00eda tiempo que no me miraba con detenimiento en un espejo, quiz\u00e1 para no ver la imagen que devuelve. De adolescentes, todos nos mir\u00e1bamos en cada espejo que se pon\u00eda\u00a0 a tiro, cristal de coche o gafas de sol de la persona con la que habl\u00e1bamos\u2026, buscando nuestro lado bueno para triunfar con Purita\u2026<\/p>\n<p style=\"text-align: center;\"><img loading=\"lazy\" decoding=\"async\" class=\"alignnone wp-image-3712\" src=\"http:\/\/loscordonesquemeatocadadia.com\/es\/wp-content\/uploads\/2018\/02\/Vision-300x96.jpg\" alt=\"\" width=\"456\" height=\"146\" srcset=\"https:\/\/loscordonesquemeatocadadia.com\/es\/wp-content\/uploads\/2018\/02\/Vision-300x96.jpg 300w, https:\/\/loscordonesquemeatocadadia.com\/es\/wp-content\/uploads\/2018\/02\/Vision-768x245.jpg 768w, https:\/\/loscordonesquemeatocadadia.com\/es\/wp-content\/uploads\/2018\/02\/Vision-1024x327.jpg 1024w, https:\/\/loscordonesquemeatocadadia.com\/es\/wp-content\/uploads\/2018\/02\/Vision.jpg 1063w\" sizes=\"auto, (max-width: 456px) 100vw, 456px\" \/><\/p>\n<p style=\"text-align: justify;\">De repente, tuve la sensaci\u00f3n de que el ascensor hab\u00eda encogido. Con la forma de frenada que ya conoc\u00eda lleg\u00f3 a la \u00faltima planta y esper\u00e9 a que se abrieran las puertas, pero me pareci\u00f3 que tardaban en abrirse m\u00e1s de lo que hab\u00eda sentido con anterioridad. Esper\u00e9 algo m\u00e1s, y comenc\u00e9 a tocar todos los botones, al principio con tranquilidad y luego algo m\u00e1s intranquilo, pisos al azar, alarma con campana que sonaba a zumbido poco resolutivo, y con el pensamiento puesto en la hora, ya que el sol empezaba a caer\u2026pero el ascensor ni sub\u00eda ni bajaba. Un ascensor s\u00f3lo puede hacer eso, subir o bajar; no esperamos que vaya para la derecha ni para la izquierda, ni en diagonales, excepto en construcciones especiales como la Tour Eiffel o edificios inclinados; <strong><em>esperaba<\/em><\/strong> que ocurriera lo l\u00f3gico, pero no ocurr\u00eda nada y pens\u00e9 sin venir a cuento, que <strong><em>un hombre no puede y ni debe vivir sin esperanza<\/em><\/strong>. De repente, las paredes del ascensor se abatieron hacia los lados, desapareciendo el techo y me encontr\u00e9 de pie en un cuadrado que hab\u00eda cambiado el lujoso suelo, los botones y la puerta, por una superficie transparente que parec\u00eda suspendida en el aire a gran altura, ya que Singapur aparec\u00eda como un peque\u00f1o punto debajo de mis pies; no sab\u00eda qu\u00e9 hacer, pero tampoco sent\u00ed demasiada preocupaci\u00f3n.<\/p>\n<p style=\"text-align: center;\"><img loading=\"lazy\" decoding=\"async\" class=\"alignnone wp-image-3854\" src=\"http:\/\/loscordonesquemeatocadadia.com\/es\/wp-content\/uploads\/2018\/02\/el-aire-300x293.jpg\" alt=\"\" width=\"474\" height=\"463\" srcset=\"https:\/\/loscordonesquemeatocadadia.com\/es\/wp-content\/uploads\/2018\/02\/el-aire-300x293.jpg 300w, https:\/\/loscordonesquemeatocadadia.com\/es\/wp-content\/uploads\/2018\/02\/el-aire.jpg 507w\" sizes=\"auto, (max-width: 474px) 100vw, 474px\" \/><\/p>\n<p style=\"text-align: center;\"><img loading=\"lazy\" decoding=\"async\" class=\"alignnone wp-image-3711\" src=\"http:\/\/loscordonesquemeatocadadia.com\/es\/wp-content\/uploads\/2018\/02\/espacio-300x97.jpg\" alt=\"\" width=\"631\" height=\"204\" srcset=\"https:\/\/loscordonesquemeatocadadia.com\/es\/wp-content\/uploads\/2018\/02\/espacio-300x97.jpg 300w, https:\/\/loscordonesquemeatocadadia.com\/es\/wp-content\/uploads\/2018\/02\/espacio-768x249.jpg 768w, https:\/\/loscordonesquemeatocadadia.com\/es\/wp-content\/uploads\/2018\/02\/espacio.jpg 871w\" sizes=\"auto, (max-width: 631px) 100vw, 631px\" \/><\/p>\n<p style=\"text-align: justify;\">No pod\u00eda creer lo que me pasaba, <em>\u201cestoy so\u00f1ando\u201d, pens\u00e9. <\/em>De repente, en la lejan\u00eda, vi algo que me hizo fruncir el ce\u00f1o para intentar agudizar mi vista: cre\u00ed ver a <em><strong>La Gavilana<\/strong>,<\/em> gitana hermosa pintada por <strong><em>Manuel Benedito<\/em><\/strong> con reiteraci\u00f3n, ofreci\u00e9ndose\u2026<\/p>\n<p style=\"text-align: center;\"><img loading=\"lazy\" decoding=\"async\" class=\"alignnone wp-image-3718\" src=\"http:\/\/loscordonesquemeatocadadia.com\/es\/wp-content\/uploads\/2018\/02\/Manuel_Benedito_Vives-La_Gavilana-1-300x187.jpg\" alt=\"\" width=\"656\" height=\"409\" srcset=\"https:\/\/loscordonesquemeatocadadia.com\/es\/wp-content\/uploads\/2018\/02\/Manuel_Benedito_Vives-La_Gavilana-1-300x187.jpg 300w, https:\/\/loscordonesquemeatocadadia.com\/es\/wp-content\/uploads\/2018\/02\/Manuel_Benedito_Vives-La_Gavilana-1-768x478.jpg 768w, https:\/\/loscordonesquemeatocadadia.com\/es\/wp-content\/uploads\/2018\/02\/Manuel_Benedito_Vives-La_Gavilana-1.jpg 945w\" sizes=\"auto, (max-width: 656px) 100vw, 656px\" \/><\/p>\n<p style=\"text-align: center;\"><strong><em>Manuel Benedito. La Gavilana. 1910. \u00d3leo sobre lienzo. 107 x 170 cm. Casa-Museo de la Fundaci\u00f3n Manuel Benedito. Madrid.<\/em><\/strong><\/p>\n<p style=\"text-align: justify;\"><strong><em>La ilusi\u00f3n<\/em><\/strong> de abrazarla, me hizo dar un paso tras otro\u00a0 hacia ella, y me sorprend\u00ed <em>andando por la <strong>nada<\/strong><\/em> con soltura, sin miedo y con firmeza, aunque\u00a0 ten\u00eda la impresi\u00f3n de acortar distancias con tanta dificultad, que me parec\u00eda negado el avance, y s\u00f3lo pod\u00eda asegurar que la distancia que nos separaba permanec\u00eda\u00a0 casi igual. Mirando hacia abajo, pude ver que hab\u00eda dejado atr\u00e1s el oc\u00e9ano y me adentraba en la tierra; no lograba identificar lo que ve\u00eda y levant\u00e9 mi vista buscando a\u00a0<strong><em>Agustina Escudero Heredia<\/em><\/strong> que\u00a0 permanec\u00eda a la\u00a0 misma distancia, sin parecerme que se redujera un \u00e1pice la misma. <em>Parec\u00eda como todas las <strong>utop\u00edas<\/strong>, inalcanzable, pero <strong>mi ilusi\u00f3n<\/strong> era tan grande que no desesper\u00e9, <\/em>y pens\u00e9 que en la vida quien pueda tener una familia que le proteja, el cari\u00f1o de la gente que quieres que te quiera, siendo capaz de patear los problemas y la negatividad, aunque se tenga hinchado el tobillo, la esperanza se generar\u00e1, y todo estar\u00e1 al alcance y se podr\u00e1 lograr, incluso vencer los peores momentos.<\/p>\n<p style=\"text-align: center;\"><img loading=\"lazy\" decoding=\"async\" class=\"alignnone wp-image-3710\" src=\"http:\/\/loscordonesquemeatocadadia.com\/es\/wp-content\/uploads\/2018\/02\/esferico-300x116.jpg\" alt=\"\" width=\"561\" height=\"217\" srcset=\"https:\/\/loscordonesquemeatocadadia.com\/es\/wp-content\/uploads\/2018\/02\/esferico-300x116.jpg 300w, https:\/\/loscordonesquemeatocadadia.com\/es\/wp-content\/uploads\/2018\/02\/esferico-768x296.jpg 768w, https:\/\/loscordonesquemeatocadadia.com\/es\/wp-content\/uploads\/2018\/02\/esferico.jpg 892w\" sizes=\"auto, (max-width: 561px) 100vw, 561px\" \/><\/p>\n<p style=\"text-align: justify;\">Aliger\u00e9 el paso mirando nuevamente hacia abkajo y esta vez s\u00ed, identifiqu\u00e9 Turqu\u00eda aunque sin <em>Constantino el Grande,<\/em> ni<em> Mehmet II,<\/em> ni <em>Solim\u00e1n el Magn\u00edfico; <\/em>vi el Mediterr\u00e1neo y en cada zancada pasaba de Turqu\u00eda a Grecia o de Grecia a Italia, siempre intentando alcanzar a <em><strong>La Gavilana<\/strong>.<\/em> La siguiente vez que mir\u00e9 hacia abajo, me vi sobre C\u00f3rdoba, a mucha menor altura, y pude identificar la bella ciudad por el Guadalquivir, la gran <em>Mezquita-Catedral<\/em> y las ruinas de <em>Medina Azahara<\/em> -que aparentan m\u00e1s grandeza desde arriba que lo que se puede ver hoy en las visitas terrestres-, no viendo tampoco a <em>Musa ibn Ifriqiya, <\/em>ni a <em>Don Rodrigo <\/em>ni a <em>Abderram\u00e1n III<\/em>.<\/p>\n<p style=\"text-align: justify;\"><em><strong>Agustina<\/strong> <\/em>parec\u00eda estar mucho m\u00e1s cerca, as\u00ed que me apresur\u00e9 y sent\u00ed que me aproximaba a ella hasta casi poder percibir su olor azahare\u00f1o y abrazarla\u2026<em>\u201dest\u00e1 prohibido acercarse tanto a los cuadros, se\u00f1or\u201d <\/em>o\u00ed una voz, y me vi delante del cuadro de <strong><em>La Gavilana <\/em><\/strong>de <em><strong>Manuel Benedito<\/strong><\/em>, en la casa museo que tiene la Fundaci\u00f3n con su nombre en la calle Juan Bravo 4 de Madrid.<\/p>\n<p style=\"text-align: justify;\">La voz me pidi\u00f3 la entrada, que apareci\u00f3 en mi mano derecha por ensalmo, y con gesto de satisfacci\u00f3n al verla,\u00a0 me comunic\u00f3 que en breve vendr\u00eda la gu\u00eda voluntaria que yo hab\u00eda solicitado por internet; \u00a1Dios!<\/p>\n<p style=\"text-align: justify;\">La gu\u00eda se llamaba <em>Teresa<\/em>, guapa cincuentona, cuidada, limpia y moderna, que me explic\u00f3 antes de comenzar el recorrido y tras lanzarle yo un par de piropos, que se hab\u00eda dedicado a la ense\u00f1anza, invit\u00e1ndome a comenzar la visita, especific\u00e1ndome antes, que la modelo de <strong><em>La Gavilana<\/em><\/strong>, <em><strong>Agustina Escudero Heredia,<\/strong>\u00a0<\/em> era la preferida del artista\u00a0 y que la pint\u00f3 tambi\u00e9n en <em>Gitana.<\/em><\/p>\n<p><img loading=\"lazy\" decoding=\"async\" class=\"alignnone wp-image-3818 aligncenter\" src=\"http:\/\/loscordonesquemeatocadadia.com\/es\/wp-content\/uploads\/2018\/02\/GITANA-300x185.jpg\" alt=\"\" width=\"606\" height=\"374\" srcset=\"https:\/\/loscordonesquemeatocadadia.com\/es\/wp-content\/uploads\/2018\/02\/GITANA-300x185.jpg 300w, https:\/\/loscordonesquemeatocadadia.com\/es\/wp-content\/uploads\/2018\/02\/GITANA-768x475.jpg 768w, https:\/\/loscordonesquemeatocadadia.com\/es\/wp-content\/uploads\/2018\/02\/GITANA-1024x633.jpg 1024w, https:\/\/loscordonesquemeatocadadia.com\/es\/wp-content\/uploads\/2018\/02\/GITANA.jpg 1082w\" sizes=\"auto, (max-width: 606px) 100vw, 606px\" \/><\/p>\n<p style=\"text-align: center;\"><strong><em>Manuel Benedito. Gitana. 1909. \u00d3leo sobre lienzo. 130 x\u00a0 178 cm. Casa-Museo\u00a0 de la Fundaci\u00f3n Manuel Benedito. Madrid.<\/em><\/strong><\/p>\n<p style=\"text-align: justify;\">La Casa-Museo de Manuel Benedito es un museo situado en el madrile\u00f1o barrio de Salamanca, dedicado al pintor valenciano <em><strong>Manuel Benedito y Vives<\/strong><\/em> nacido el 25 de diciembre de 1875. El museo se fund\u00f3 en 1963, tras su fallecimiento, en el mismo palacete donde el pintor ten\u00eda su <em>atelier<\/em> y vivienda, vendiendo su sobrina e hija adoptiva <em>Vicenta Benedito<\/em> gran parte de la manzana propiedad del artista a un arquitecto, reservando para el museo dos plantas que dan a la calle Juan Bravo\u00a0 4.<\/p>\n<p><img loading=\"lazy\" decoding=\"async\" class=\"alignnone wp-image-3754 aligncenter\" src=\"http:\/\/loscordonesquemeatocadadia.com\/es\/wp-content\/uploads\/2018\/02\/238VicentaBenedito.jpg\" alt=\"\" width=\"329\" height=\"406\" \/><\/p>\n<p style=\"text-align: center;\"><strong><em>Manuel Benedito. Vicenta Benedito. 1941. \u00d3leo sobre lienzo. 48 x 40 cm. Casa-Museo\u00a0 de la Fundaci\u00f3n Manuel Benedito. Madrid.<\/em><\/strong><\/p>\n<p style=\"text-align: justify;\">Fue disc\u00edpulo de Joaqu\u00edn Sorolla, asistiendo previamente\u00a0 desde los 13 a\u00f1os a los 19 a la Escuela de Bellas Artes San Carlos de Valencia, entrando en1894 en el taller del gran mago\u00a0 de la luz, traslad\u00e1ndose dos a\u00f1os m\u00e1s tarde\u00a0 a Madrid con su maestro, en donde realiz\u00f3 trabajos para Blanco y Negro y La Revista Moderna.<\/p>\n<p style=\"text-align: center;\"><img loading=\"lazy\" decoding=\"async\" class=\"alignnone wp-image-3783\" src=\"http:\/\/loscordonesquemeatocadadia.com\/es\/wp-content\/uploads\/2018\/02\/manuelbeneditoburrito01-300x248.jpg\" alt=\"\" width=\"568\" height=\"469\" srcset=\"https:\/\/loscordonesquemeatocadadia.com\/es\/wp-content\/uploads\/2018\/02\/manuelbeneditoburrito01-300x248.jpg 300w, https:\/\/loscordonesquemeatocadadia.com\/es\/wp-content\/uploads\/2018\/02\/manuelbeneditoburrito01-768x635.jpg 768w, https:\/\/loscordonesquemeatocadadia.com\/es\/wp-content\/uploads\/2018\/02\/manuelbeneditoburrito01.jpg 823w\" sizes=\"auto, (max-width: 568px) 100vw, 568px\" \/><\/p>\n<p style=\"text-align: center;\"><strong><em>Manuel Benedito. Burrito. 1893. \u00d3leo sobre tabla. 18,5 x\u00a0 24 cm. Casa-Museo\u00a0 de la Fundaci\u00f3n Manuel Benedito. Madrid.<\/em><\/strong><\/p>\n<p style=\"text-align: center;\"><img loading=\"lazy\" decoding=\"async\" class=\"alignnone wp-image-3799\" src=\"http:\/\/loscordonesquemeatocadadia.com\/es\/wp-content\/uploads\/2018\/02\/moro_leo_sobre_lienzo_92_x_56_cm_firmado_1895-178x300.jpg\" alt=\"\" width=\"407\" height=\"685\" \/><\/p>\n<p style=\"text-align: center;\"><strong><em>Manuel Benedito. Moro. 1895. \u00d3leo sobre lienzo. 92 x\u00a0 56 cm. Museo del Prado. Madrid.<\/em><\/strong><\/p>\n<p style=\"text-align: center;\"><img loading=\"lazy\" decoding=\"async\" class=\"alignnone wp-image-3789\" src=\"http:\/\/loscordonesquemeatocadadia.com\/es\/wp-content\/uploads\/2018\/02\/manuelbeneditoemparrado01-300x258.jpg\" alt=\"\" width=\"549\" height=\"472\" srcset=\"https:\/\/loscordonesquemeatocadadia.com\/es\/wp-content\/uploads\/2018\/02\/manuelbeneditoemparrado01-300x258.jpg 300w, https:\/\/loscordonesquemeatocadadia.com\/es\/wp-content\/uploads\/2018\/02\/manuelbeneditoemparrado01-768x661.jpg 768w, https:\/\/loscordonesquemeatocadadia.com\/es\/wp-content\/uploads\/2018\/02\/manuelbeneditoemparrado01.jpg 790w\" sizes=\"auto, (max-width: 549px) 100vw, 549px\" \/><\/p>\n<p style=\"text-align: center;\"><strong><em>Manuel Benedito. Emparrado. 1897. \u00d3leo sobre lienzo. 41 x\u00a0 49 cm. Casa-Museo\u00a0 de la Fundaci\u00f3n Manuel Benedito. Madrid.<\/em><\/strong><\/p>\n<p style=\"text-align: justify;\">Solicit\u00f3 la beca que la Real Academia de Bellas Artes de San Fernando otorgaba para ir a estudiar a la Academia Espa\u00f1ola de Bellas Artes de Roma, con\u00a0 el trabajo\u00a0<em><strong>Familia del anarquista el d\u00eda de la ejecuci\u00f3n<\/strong>,<\/em> que le hizo ser galardonado con el primer puesto, consiguiendo la beca,\u00a0 marchando a la capital italiana en donde permaneci\u00f3 de 1900 a 1904, teniendo que enviar a Espa\u00f1a trabajos compensatorios por la beca: <strong><em>La infancia de Baco, El infierno de Dante y El incendio del Borgo<\/em><\/strong>, viajando mientras tanto por Centroeuropa: Francia, B\u00e9lgica y Holanda y tambi\u00e9n por Venecia <em>-Venecia nocturna-,<\/em> compaginando la formaci\u00f3n con el trabajo, lo que explica la variedad de motivos de esos pa\u00edses que reflejan sus cuadros.<\/p>\n<p style=\"text-align: center;\"><img loading=\"lazy\" decoding=\"async\" class=\"alignnone wp-image-3780\" src=\"http:\/\/loscordonesquemeatocadadia.com\/es\/wp-content\/uploads\/2018\/02\/manuelbeneditoanarquista01-300x225.jpg\" alt=\"\" width=\"567\" height=\"425\" srcset=\"https:\/\/loscordonesquemeatocadadia.com\/es\/wp-content\/uploads\/2018\/02\/manuelbeneditoanarquista01-300x225.jpg 300w, https:\/\/loscordonesquemeatocadadia.com\/es\/wp-content\/uploads\/2018\/02\/manuelbeneditoanarquista01-768x577.jpg 768w, https:\/\/loscordonesquemeatocadadia.com\/es\/wp-content\/uploads\/2018\/02\/manuelbeneditoanarquista01.jpg 905w\" sizes=\"auto, (max-width: 567px) 100vw, 567px\" \/><\/p>\n<p style=\"text-align: center;\"><strong><em>Manuel Benedito. La familia del anarquista el d\u00eda de la ejecuci\u00f3n. 1899. \u00d3leo sobre lienzo. 115 x 159 cm. Universidad Complutense. Madrid.<\/em><\/strong><\/p>\n<p><img loading=\"lazy\" decoding=\"async\" class=\"alignnone wp-image-3812 aligncenter\" src=\"http:\/\/loscordonesquemeatocadadia.com\/es\/wp-content\/uploads\/2018\/02\/Manuel_Benedito_Vives-Infancia_De_Baco-300x225.jpg\" alt=\"\" width=\"564\" height=\"423\" srcset=\"https:\/\/loscordonesquemeatocadadia.com\/es\/wp-content\/uploads\/2018\/02\/Manuel_Benedito_Vives-Infancia_De_Baco-300x225.jpg 300w, https:\/\/loscordonesquemeatocadadia.com\/es\/wp-content\/uploads\/2018\/02\/Manuel_Benedito_Vives-Infancia_De_Baco-768x576.jpg 768w, https:\/\/loscordonesquemeatocadadia.com\/es\/wp-content\/uploads\/2018\/02\/Manuel_Benedito_Vives-Infancia_De_Baco.jpg 906w\" sizes=\"auto, (max-width: 564px) 100vw, 564px\" \/><\/p>\n<p style=\"text-align: center;\"><strong><em>Manuel Benedito. La infancia de Baco. 1901. \u00d3leo sobre lienzo. 62,5 x\u00a0 72 cm. Casa-Museo\u00a0 de la Fundaci\u00f3n Manuel Benedito. Madrid.<\/em><\/strong><\/p>\n<p style=\"text-align: justify;\"><img loading=\"lazy\" decoding=\"async\" class=\"alignnone wp-image-3814 aligncenter\" src=\"http:\/\/loscordonesquemeatocadadia.com\/es\/wp-content\/uploads\/2018\/02\/boceto-del-infierno-de-dante-manuel-benedito-300x188.jpg\" alt=\"\" width=\"714\" height=\"448\" srcset=\"https:\/\/loscordonesquemeatocadadia.com\/es\/wp-content\/uploads\/2018\/02\/boceto-del-infierno-de-dante-manuel-benedito-300x188.jpg 300w, https:\/\/loscordonesquemeatocadadia.com\/es\/wp-content\/uploads\/2018\/02\/boceto-del-infierno-de-dante-manuel-benedito.jpg 400w\" sizes=\"auto, (max-width: 714px) 100vw, 714px\" \/><\/p>\n<p style=\"text-align: center;\"><strong><em>Manuel Benedito. Boceto del Canto VII del infierno de Dante. 1904. \u00d3leo sobre lienzo. 33 x\u00a0 63 cm. Casa-Museo\u00a0 de la Fundaci\u00f3n Manuel Benedito. Madrid.<\/em><\/strong><\/p>\n<p style=\"text-align: center;\"><img loading=\"lazy\" decoding=\"async\" class=\"alignnone wp-image-3794\" src=\"http:\/\/loscordonesquemeatocadadia.com\/es\/wp-content\/uploads\/2018\/02\/manuelbeneditosobremesa01-300x280.jpg\" alt=\"\" width=\"611\" height=\"570\" srcset=\"https:\/\/loscordonesquemeatocadadia.com\/es\/wp-content\/uploads\/2018\/02\/manuelbeneditosobremesa01-300x280.jpg 300w, https:\/\/loscordonesquemeatocadadia.com\/es\/wp-content\/uploads\/2018\/02\/manuelbeneditosobremesa01.jpg 728w\" sizes=\"auto, (max-width: 611px) 100vw, 611px\" \/><\/p>\n<p style=\"text-align: center;\"><strong><em>Manuel Benedito. Sobremesa en el jard\u00edn de la Academia. 1902. \u00d3leo sobre lienzo. 149 x\u00a0 160 cm. Casa-Museo\u00a0 de la Fundaci\u00f3n Manuel Benedito. Madrid.<\/em><\/strong><\/p>\n<p style=\"text-align: center;\"><img loading=\"lazy\" decoding=\"async\" class=\"alignnone wp-image-3750\" src=\"http:\/\/loscordonesquemeatocadadia.com\/es\/wp-content\/uploads\/2018\/02\/4vista_de_roma_desde_la_terraza_de_la_academia_espa_ola-300x145.jpg\" alt=\"\" width=\"582\" height=\"281\" srcset=\"https:\/\/loscordonesquemeatocadadia.com\/es\/wp-content\/uploads\/2018\/02\/4vista_de_roma_desde_la_terraza_de_la_academia_espa_ola-300x145.jpg 300w, https:\/\/loscordonesquemeatocadadia.com\/es\/wp-content\/uploads\/2018\/02\/4vista_de_roma_desde_la_terraza_de_la_academia_espa_ola-768x371.jpg 768w, https:\/\/loscordonesquemeatocadadia.com\/es\/wp-content\/uploads\/2018\/02\/4vista_de_roma_desde_la_terraza_de_la_academia_espa_ola.jpg 800w\" sizes=\"auto, (max-width: 582px) 100vw, 582px\" \/><\/p>\n<p style=\"text-align: center;\"><strong><em>Manuel Benedito. Vista de Roma desde la terraza de la Academia. 1902. \u00d3leo sobre lienzo. 71 x\u00a0 140 cm. Casa-Museo\u00a0 de la Fundaci\u00f3n Manuel Benedito. Madrid.<\/em><\/strong><\/p>\n<p style=\"text-align: center;\"><img loading=\"lazy\" decoding=\"async\" class=\"alignnone wp-image-3796\" src=\"http:\/\/loscordonesquemeatocadadia.com\/es\/wp-content\/uploads\/2018\/02\/manuelbeneditovenecia02-1-300x222.jpg\" alt=\"\" width=\"625\" height=\"462\" srcset=\"https:\/\/loscordonesquemeatocadadia.com\/es\/wp-content\/uploads\/2018\/02\/manuelbeneditovenecia02-1-300x222.jpg 300w, https:\/\/loscordonesquemeatocadadia.com\/es\/wp-content\/uploads\/2018\/02\/manuelbeneditovenecia02-1-768x568.jpg 768w, https:\/\/loscordonesquemeatocadadia.com\/es\/wp-content\/uploads\/2018\/02\/manuelbeneditovenecia02-1.jpg 919w\" sizes=\"auto, (max-width: 625px) 100vw, 625px\" \/><\/p>\n<p style=\"text-align: center;\"><strong><em>Manuel Benedito. Rinc\u00f3n de Venecia. 1901. \u00d3leo sobre lienzo. 49 x\u00a0 66 cm. Casa-Museo\u00a0 de la Fundaci\u00f3n Manuel Benedito. Madrid.<\/em><\/strong><\/p>\n<p style=\"text-align: justify;\">Con otra luz, realiz\u00f3 un \u00f3leo con la misma casa y canal, desde el mismo punto de vista.<\/p>\n<p><img loading=\"lazy\" decoding=\"async\" class=\"alignnone wp-image-3805 aligncenter\" src=\"http:\/\/loscordonesquemeatocadadia.com\/es\/wp-content\/uploads\/2018\/02\/Venecia-nocturna-644x362-1-300x169.jpg\" alt=\"\" width=\"650\" height=\"366\" srcset=\"https:\/\/loscordonesquemeatocadadia.com\/es\/wp-content\/uploads\/2018\/02\/Venecia-nocturna-644x362-1-300x169.jpg 300w, https:\/\/loscordonesquemeatocadadia.com\/es\/wp-content\/uploads\/2018\/02\/Venecia-nocturna-644x362-1.jpg 644w\" sizes=\"auto, (max-width: 650px) 100vw, 650px\" \/><\/p>\n<p style=\"text-align: center;\"><strong><em>Manuel Benedito. Venecia nocturna. 1904. \u00d3leo sobre lienzo. 40 x\u00a0 70 cm. Casa-Museo\u00a0 de la Fundaci\u00f3n Manuel Benedito. Madrid.<\/em><\/strong><\/p>\n<p style=\"text-align: center;\"><img loading=\"lazy\" decoding=\"async\" class=\"alignnone wp-image-3749\" src=\"http:\/\/loscordonesquemeatocadadia.com\/es\/wp-content\/uploads\/2018\/02\/3calle_de_brujas-1-300x206.jpg\" alt=\"\" width=\"504\" height=\"346\" srcset=\"https:\/\/loscordonesquemeatocadadia.com\/es\/wp-content\/uploads\/2018\/02\/3calle_de_brujas-1-300x206.jpg 300w, https:\/\/loscordonesquemeatocadadia.com\/es\/wp-content\/uploads\/2018\/02\/3calle_de_brujas-1-768x526.jpg 768w, https:\/\/loscordonesquemeatocadadia.com\/es\/wp-content\/uploads\/2018\/02\/3calle_de_brujas-1.jpg 800w\" sizes=\"auto, (max-width: 504px) 100vw, 504px\" \/><\/p>\n<p style=\"text-align: center;\"><strong><em>Manuel Benedito. Beguinaje. 1904. \u00d3leo sobre\u00a0 lienzo. 37 x\u00a0 25 cm. Casa-Museo\u00a0 de la Fundaci\u00f3n Manuel Benedito. Madrid.<\/em><\/strong><\/p>\n<p style=\"text-align: center;\"><img loading=\"lazy\" decoding=\"async\" class=\"alignnone wp-image-3762\" src=\"http:\/\/loscordonesquemeatocadadia.com\/es\/wp-content\/uploads\/2018\/02\/autoretrato2-231x300.jpg\" alt=\"\" width=\"374\" height=\"486\" srcset=\"https:\/\/loscordonesquemeatocadadia.com\/es\/wp-content\/uploads\/2018\/02\/autoretrato2-231x300.jpg 231w, https:\/\/loscordonesquemeatocadadia.com\/es\/wp-content\/uploads\/2018\/02\/autoretrato2.jpg 250w\" sizes=\"auto, (max-width: 374px) 100vw, 374px\" \/><\/p>\n<p style=\"text-align: center;\"><strong><em>Manuel Benedito. Autorretrato. 1904. \u00d3leo sobre lienzo. 63 x\u00a0 33 cm. Casa-Museo\u00a0 de la Fundaci\u00f3n Manuel Benedito. Madrid.<\/em><\/strong><\/p>\n<p style=\"text-align: justify;\">Volvi\u00f3 despu\u00e9s a Madrid, continuando su periplo por Breta\u00f1a, lugar inexcusable de visita para los pintores de la \u00e9poca,\u00a0 en donde realiz\u00f3 entre otras obras\u00a0<em>Madre bretona y Pescadoras bretonas -obra <\/em>en el Museo del Prado<em>&#8211; , <\/em>marchando despu\u00e9s a Holanda<em>,\u00a0<\/em>fijando su residencia en Volendam\u00a0 en el a\u00f1o 1909, pa\u00eds que por sus campos, le pareci\u00f3 como <em>\u201cun decorado sin igual\u201d\u00a0 <\/em>en donde realiz\u00f3\u00a0 una de sus obras m\u00e1s conocidas,\u00a0<em>Viejos holandeses.<\/em><\/p>\n<p><img loading=\"lazy\" decoding=\"async\" class=\"alignnone wp-image-3835 aligncenter\" src=\"http:\/\/loscordonesquemeatocadadia.com\/es\/wp-content\/uploads\/2018\/02\/manuelbeneditomadre01x-1-294x300.jpg\" alt=\"\" width=\"461\" height=\"470\" srcset=\"https:\/\/loscordonesquemeatocadadia.com\/es\/wp-content\/uploads\/2018\/02\/manuelbeneditomadre01x-1-294x300.jpg 294w, https:\/\/loscordonesquemeatocadadia.com\/es\/wp-content\/uploads\/2018\/02\/manuelbeneditomadre01x-1.jpg 486w\" sizes=\"auto, (max-width: 461px) 100vw, 461px\" \/><\/p>\n<p style=\"text-align: center;\"><strong><em>Manuel Benedito. Madre bretona. 1905. \u00d3leo sobre lienzo. 83 x\u00a0 63 cm. Casa-Museo\u00a0 de la Fundaci\u00f3n Manuel Benedito. Madrid.<\/em><\/strong><\/p>\n<p style=\"text-align: center;\"><img loading=\"lazy\" decoding=\"async\" class=\"alignnone wp-image-3834\" src=\"http:\/\/loscordonesquemeatocadadia.com\/es\/wp-content\/uploads\/2018\/02\/manuelbeneditopescadoras02x-1-300x144.jpg\" alt=\"\" width=\"510\" height=\"245\" srcset=\"https:\/\/loscordonesquemeatocadadia.com\/es\/wp-content\/uploads\/2018\/02\/manuelbeneditopescadoras02x-1-300x144.jpg 300w, https:\/\/loscordonesquemeatocadadia.com\/es\/wp-content\/uploads\/2018\/02\/manuelbeneditopescadoras02x-1-768x369.jpg 768w, https:\/\/loscordonesquemeatocadadia.com\/es\/wp-content\/uploads\/2018\/02\/manuelbeneditopescadoras02x-1.jpg 945w\" sizes=\"auto, (max-width: 510px) 100vw, 510px\" \/><\/p>\n<p style=\"text-align: center;\"><strong><em>Manuel Benedito. Pescadoras bretonas. 1905. \u00d3leo sobre lienzo.\u00a0 149 x\u00a0 299 cm. Museo del Prado. Madrid.<\/em><\/strong><\/p>\n<p style=\"text-align: center;\"><img loading=\"lazy\" decoding=\"async\" class=\"alignnone wp-image-3770\" src=\"http:\/\/loscordonesquemeatocadadia.com\/es\/wp-content\/uploads\/2018\/02\/Concarneau-300x215-300x215.jpg\" alt=\"\" width=\"575\" height=\"412\" \/><\/p>\n<p style=\"text-align: center;\"><strong><em>Manuel Benedito. Playa de Concerneau. 1906. \u00d3leo sobre lienzo. 43,5 x\u00a0 55 cm. Casa-Museo\u00a0 de la Fundaci\u00f3n Manuel Benedito. Madrid.<\/em><\/strong><\/p>\n<p style=\"text-align: justify;\"><img loading=\"lazy\" decoding=\"async\" class=\"alignnone wp-image-3837 aligncenter\" src=\"http:\/\/loscordonesquemeatocadadia.com\/es\/wp-content\/uploads\/2018\/02\/Manuel_Benedito_Vives-xViejos_Holandeses-226x300.jpg\" alt=\"\" width=\"570\" height=\"757\" srcset=\"https:\/\/loscordonesquemeatocadadia.com\/es\/wp-content\/uploads\/2018\/02\/Manuel_Benedito_Vives-xViejos_Holandeses-226x300.jpg 226w, https:\/\/loscordonesquemeatocadadia.com\/es\/wp-content\/uploads\/2018\/02\/Manuel_Benedito_Vives-xViejos_Holandeses.jpg 513w\" sizes=\"auto, (max-width: 570px) 100vw, 570px\" \/><\/p>\n<p style=\"text-align: center;\"><strong><em>Manuel Benedito. Viejos holandeses. 1909. \u00d3leo sobre temple y lienzo. 85 x\u00a0 66 cm. Casa-Museo\u00a0 de la Fundaci\u00f3n Manuel Benedito. Madrid.<\/em><\/strong><\/p>\n<p style=\"text-align: center;\"><img loading=\"lazy\" decoding=\"async\" class=\"alignnone wp-image-3833\" src=\"http:\/\/loscordonesquemeatocadadia.com\/es\/wp-content\/uploads\/2018\/02\/sabado-en-Volendamx-300x240.jpg\" alt=\"\" width=\"553\" height=\"443\" srcset=\"https:\/\/loscordonesquemeatocadadia.com\/es\/wp-content\/uploads\/2018\/02\/sabado-en-Volendamx-300x240.jpg 300w, https:\/\/loscordonesquemeatocadadia.com\/es\/wp-content\/uploads\/2018\/02\/sabado-en-Volendamx-768x614.jpg 768w, https:\/\/loscordonesquemeatocadadia.com\/es\/wp-content\/uploads\/2018\/02\/sabado-en-Volendamx.jpg 900w\" sizes=\"auto, (max-width: 553px) 100vw, 553px\" \/><\/p>\n<p style=\"text-align: center;\"><strong><em>Manuel Benedito. S\u00e1bado en Volendam.\u00a0 En la barber\u00eda. 1910. \u00d3leo sobre\u00a0 lienzo. 204 x\u00a0 252 cm. Casa-Museo\u00a0 de la Fundaci\u00f3n Manuel Benedito. Madrid. Propiedad de Museo de Bellas Artes de Santiago de Chile.<\/em><\/strong><\/p>\n<p style=\"text-align: justify;\">Posteriormente volvi\u00f3 a Madrid, poniendo un estudio en la calle Barquillo, viajando con frecuencia a Par\u00eds, en donde tambi\u00e9n estableci\u00f3 un peque\u00f1o <em>atelier,\u00a0<\/em> realizando all\u00ed\u00a0\u00a0uno de sus retratos m\u00e1s conocidos a la bailarina <em><strong>Cl\u00e9o de M\u00e9rode<\/strong>.<\/em><\/p>\n<p><img loading=\"lazy\" decoding=\"async\" class=\"alignnone wp-image-3769 aligncenter\" src=\"http:\/\/loscordonesquemeatocadadia.com\/es\/wp-content\/uploads\/2018\/02\/Cleo-de-Merode-202x300.jpg\" alt=\"\" width=\"669\" height=\"994\" srcset=\"https:\/\/loscordonesquemeatocadadia.com\/es\/wp-content\/uploads\/2018\/02\/Cleo-de-Merode-202x300.jpg 202w, https:\/\/loscordonesquemeatocadadia.com\/es\/wp-content\/uploads\/2018\/02\/Cleo-de-Merode.jpg 471w\" sizes=\"auto, (max-width: 669px) 100vw, 669px\" \/><\/p>\n<p style=\"text-align: center;\"><strong><em>Manuel Benedito. Cl\u00e9o de M\u00e9rode. 1910. \u00d3leo sobre\u00a0 lienzo. 160 x\u00a0 108 cm. Fundaci\u00f3n Banco de Santander. Madrid.<\/em><\/strong><\/p>\n<p style=\"text-align: justify;\">Aunque fuera alumno de Sorolla, Benedito se mantuvo fiel a un estilo realista\u00a0 y sobrio, siendo con toda probabilidad uno de los \u00faltimos maestros figurativos, utilizando generalmente colores m\u00e1s bien oscuros, bastante alejado del luminismo valenciano, aunque sin enviar al rinc\u00f3n del desv\u00e1n <em>el blanco de plomo o albayalde y el blanco de cinc<\/em>, tan caracter\u00edsticos de la luz de Sorolla.<\/p>\n<p style=\"text-align: justify;\">Cultiv\u00f3 el retrato, el bodeg\u00f3n, los motivos costumbristas con gran habilidad t\u00e9cnica, y los paisajes.\u00a0En algunas obras tempranas, se aproxim\u00f3 a la &#8220;Espa\u00f1a Negra&#8221; de <strong><em>Ignacio Zuloaga<\/em> <\/strong>\u2013coet\u00e1neo- y\u00a0 de <strong><em>Jos\u00e9 Guti\u00e9rrez Solana<\/em><\/strong> -11 a\u00f1os m\u00e1s joven-, aunque habitualmente mantuvo una correcci\u00f3n est\u00e9tica de f\u00e1cil salida comercial.<\/p>\n<p style=\"text-align: justify;\">Aficionado a la caza, realiz\u00f3 bastantes obras relacionadas con el tema, entre las que cabe destacar <em>Vuelta de la monter\u00eda<\/em>, que fue muy elogiada por\u00a0<strong><em>Guillaume Apollinaire.<\/em><\/strong>\u00a0<em>\u00a0<\/em><\/p>\n<p><img loading=\"lazy\" decoding=\"async\" class=\"alignnone wp-image-3772 aligncenter\" src=\"http:\/\/loscordonesquemeatocadadia.com\/es\/wp-content\/uploads\/2018\/02\/d1ac2bbff4b78215dde04b3f8cb516ef-google-art-manuel-300x239.jpg\" alt=\"\" width=\"635\" height=\"506\" srcset=\"https:\/\/loscordonesquemeatocadadia.com\/es\/wp-content\/uploads\/2018\/02\/d1ac2bbff4b78215dde04b3f8cb516ef-google-art-manuel-300x239.jpg 300w, https:\/\/loscordonesquemeatocadadia.com\/es\/wp-content\/uploads\/2018\/02\/d1ac2bbff4b78215dde04b3f8cb516ef-google-art-manuel.jpg 736w\" sizes=\"auto, (max-width: 635px) 100vw, 635px\" \/><\/p>\n<p style=\"text-align: center;\"><strong><em>Manuel Benedito. Vuelta de la monter\u00eda. 1913. \u00d3leo sobre lienzo. 241 x\u00a0 307 cm. Casa-Museo\u00a0 de la Fundaci\u00f3n Manuel Benedito. Madrid.<\/em><\/strong><\/p>\n<p style=\"text-align: justify;\"><img loading=\"lazy\" decoding=\"async\" class=\"alignnone wp-image-3771 aligncenter\" src=\"http:\/\/loscordonesquemeatocadadia.com\/es\/wp-content\/uploads\/2018\/02\/Corzo-221x300-221x300.jpg\" alt=\"\" width=\"466\" height=\"633\" \/><\/p>\n<p style=\"text-align: center;\"><strong><em>Manuel Benedito. El corzo. 1924. \u00d3leo sobre lienzo. 131 x\u00a0 96 cm. Generalitat Valenciana. Valencia.<\/em><\/strong><\/p>\n<p style=\"text-align: justify;\">En vida, fue un pintor muy celebrado por la cr\u00edtica y reconocido por el p\u00fablico. Sus retratos pod\u00edan costar a mediados del pasado siglo 150.000 pesetas, que era el equivalente a lo que costaba\u00a0 un piso en el barrio de Salamanca. Benedito firm\u00f3 m\u00e1s de 600 retratos: su pulcritud y maestr\u00eda t\u00e9cnica sedujeron a lo m\u00e1s granado de la vida social, econ\u00f3mica e intelectual de la Espa\u00f1a de la primera mitad del siglo XX, tanto a arist\u00f3cratas \u2013pint\u00f3 en varias ocasiones a Alfonso XIII-, como a escritores, amigos, modelos y artistas como\u00a0<em>Cl\u00e9o de M\u00e9rode, Gregorio Mara\u00f1\u00f3n, el General Weyler<\/em>, <em>Pastora Imperio o Concha Piquer<\/em>. Sin embargo, la inmensa sombra de su maestro Sorolla y la elecci\u00f3n del camino de la\u00a0 correcci\u00f3n, alejado de las vanguardias, lo condenaron tras su muerte en 1963 al ligero olvido.<\/p>\n<p><img loading=\"lazy\" decoding=\"async\" class=\"alignnone wp-image-3806 aligncenter\" src=\"http:\/\/loscordonesquemeatocadadia.com\/es\/wp-content\/uploads\/2018\/02\/retratos-1-300x119.jpg\" alt=\"\" width=\"698\" height=\"277\" srcset=\"https:\/\/loscordonesquemeatocadadia.com\/es\/wp-content\/uploads\/2018\/02\/retratos-1-300x119.jpg 300w, https:\/\/loscordonesquemeatocadadia.com\/es\/wp-content\/uploads\/2018\/02\/retratos-1-768x306.jpg 768w, https:\/\/loscordonesquemeatocadadia.com\/es\/wp-content\/uploads\/2018\/02\/retratos-1.jpg 879w\" sizes=\"auto, (max-width: 698px) 100vw, 698px\" \/><\/p>\n<p style=\"text-align: center;\"><strong><em>Autorretratos expuestos en la Fundaci\u00f3n.<\/em><\/strong><\/p>\n<p style=\"text-align: center;\"><img loading=\"lazy\" decoding=\"async\" class=\"alignnone wp-image-3761\" src=\"http:\/\/loscordonesquemeatocadadia.com\/es\/wp-content\/uploads\/2018\/02\/alfonso-XIII-221x300.jpg\" alt=\"\" width=\"615\" height=\"835\" srcset=\"https:\/\/loscordonesquemeatocadadia.com\/es\/wp-content\/uploads\/2018\/02\/alfonso-XIII-221x300.jpg 221w, https:\/\/loscordonesquemeatocadadia.com\/es\/wp-content\/uploads\/2018\/02\/alfonso-XIII.jpg 501w\" sizes=\"auto, (max-width: 615px) 100vw, 615px\" \/><\/p>\n<p style=\"text-align: center;\"><strong><em>Manuel Benedito. Alfonso XIII. 1926. \u00d3leo sobre lienzo. 74 x\u00a0 60,5 cm. Casa-Museo\u00a0 de la Fundaci\u00f3n Manuel Benedito. Madrid.<\/em><\/strong><\/p>\n<p style=\"text-align: center;\"><img loading=\"lazy\" decoding=\"async\" class=\"alignnone wp-image-3785\" src=\"http:\/\/loscordonesquemeatocadadia.com\/es\/wp-content\/uploads\/2018\/02\/manuelbeneditochula01-213x300.jpg\" alt=\"\" width=\"338\" height=\"476\" srcset=\"https:\/\/loscordonesquemeatocadadia.com\/es\/wp-content\/uploads\/2018\/02\/manuelbeneditochula01-213x300.jpg 213w, https:\/\/loscordonesquemeatocadadia.com\/es\/wp-content\/uploads\/2018\/02\/manuelbeneditochula01.jpg 482w\" sizes=\"auto, (max-width: 338px) 100vw, 338px\" \/><\/p>\n<p style=\"text-align: center;\"><strong><em>Manuel Benedito. Chula. 1912. \u00d3leo sobre lienzo. 67 x\u00a0 50 cm. Museo de Bellas Artes de Valencia.<\/em><\/strong><\/p>\n<p style=\"text-align: justify;\"><img loading=\"lazy\" decoding=\"async\" class=\" wp-image-3795 aligncenter\" src=\"http:\/\/loscordonesquemeatocadadia.com\/es\/wp-content\/uploads\/2018\/02\/manuelbeneditosobrinas01-218x300.jpg\" alt=\"\" width=\"437\" height=\"601\" srcset=\"https:\/\/loscordonesquemeatocadadia.com\/es\/wp-content\/uploads\/2018\/02\/manuelbeneditosobrinas01-218x300.jpg 218w, https:\/\/loscordonesquemeatocadadia.com\/es\/wp-content\/uploads\/2018\/02\/manuelbeneditosobrinas01.jpg 494w\" sizes=\"auto, (max-width: 437px) 100vw, 437px\" \/><\/p>\n<p style=\"text-align: center;\"><strong><em>Manuel Benedito. Mis sobrinas. 1913. \u00d3leo sobre lienzo. 100 x\u00a0 77 cm. Casa-Museo\u00a0 de la Fundaci\u00f3n Manuel Benedito. Madrid.<\/em><\/strong><\/p>\n<p style=\"text-align: center;\"><img loading=\"lazy\" decoding=\"async\" class=\"alignnone wp-image-3758\" src=\"http:\/\/loscordonesquemeatocadadia.com\/es\/wp-content\/uploads\/2018\/02\/1980-Pastora-Imperio-500-237x300.jpg\" alt=\"\" width=\"594\" height=\"752\" srcset=\"https:\/\/loscordonesquemeatocadadia.com\/es\/wp-content\/uploads\/2018\/02\/1980-Pastora-Imperio-500-237x300.jpg 237w, https:\/\/loscordonesquemeatocadadia.com\/es\/wp-content\/uploads\/2018\/02\/1980-Pastora-Imperio-500.jpg 500w\" sizes=\"auto, (max-width: 594px) 100vw, 594px\" \/><\/p>\n<p style=\"text-align: center;\"><strong><em>Manuel Benedito. Pastora Imperio. 1914. \u00d3leo sobre lienzo. 61 x\u00a0 49 cm. Casa-Museo\u00a0 de la Fundaci\u00f3n Manuel Benedito. Madrid.<\/em><\/strong><\/p>\n<p style=\"text-align: center;\"><img loading=\"lazy\" decoding=\"async\" class=\"alignnone wp-image-3790\" src=\"http:\/\/loscordonesquemeatocadadia.com\/es\/wp-content\/uploads\/2018\/02\/manuelbeneditogeneral01-222x300.jpg\" alt=\"\" width=\"470\" height=\"636\" srcset=\"https:\/\/loscordonesquemeatocadadia.com\/es\/wp-content\/uploads\/2018\/02\/manuelbeneditogeneral01-222x300.jpg 222w, https:\/\/loscordonesquemeatocadadia.com\/es\/wp-content\/uploads\/2018\/02\/manuelbeneditogeneral01.jpg 503w\" sizes=\"auto, (max-width: 470px) 100vw, 470px\" \/><\/p>\n<p style=\"text-align: center;\"><strong><em>Manuel Benedito. General Weyler. 1915. \u00d3leo sobre lienzo. 65 x\u00a0 48 cm. Casa-Museo\u00a0 de la Fundaci\u00f3n Manuel Benedito. Madrid.<\/em><\/strong><\/p>\n<p style=\"text-align: center;\"><img loading=\"lazy\" decoding=\"async\" class=\"alignnone wp-image-3788\" src=\"http:\/\/loscordonesquemeatocadadia.com\/es\/wp-content\/uploads\/2018\/02\/manuelbeneditogenoveva01-300x175.jpg\" alt=\"\" width=\"682\" height=\"398\" srcset=\"https:\/\/loscordonesquemeatocadadia.com\/es\/wp-content\/uploads\/2018\/02\/manuelbeneditogenoveva01-300x175.jpg 300w, https:\/\/loscordonesquemeatocadadia.com\/es\/wp-content\/uploads\/2018\/02\/manuelbeneditogenoveva01-768x449.jpg 768w, https:\/\/loscordonesquemeatocadadia.com\/es\/wp-content\/uploads\/2018\/02\/manuelbeneditogenoveva01.jpg 945w\" sizes=\"auto, (max-width: 682px) 100vw, 682px\" \/><\/p>\n<p style=\"text-align: center;\"><strong><em>Manuel Benedito. Genoveva. 1918. \u00d3leo sobre lienzo. 126 x\u00a0 210\u00a0 cm. Casa-Museo\u00a0 de la Fundaci\u00f3n Manuel Benedito. Madrid.<\/em><\/strong><\/p>\n<p style=\"text-align: center;\"><img loading=\"lazy\" decoding=\"async\" class=\"alignnone wp-image-3747\" src=\"http:\/\/loscordonesquemeatocadadia.com\/es\/wp-content\/uploads\/2018\/02\/1conchapiquer01-238x300.jpg\" alt=\"\" width=\"506\" height=\"638\" srcset=\"https:\/\/loscordonesquemeatocadadia.com\/es\/wp-content\/uploads\/2018\/02\/1conchapiquer01-238x300.jpg 238w, https:\/\/loscordonesquemeatocadadia.com\/es\/wp-content\/uploads\/2018\/02\/1conchapiquer01.jpg 437w\" sizes=\"auto, (max-width: 506px) 100vw, 506px\" \/><\/p>\n<p style=\"text-align: center;\"><strong><em>Manuel Benedito. Concha Piquer. 1926. \u00d3leo sobre lienzo. 61 x\u00a0 49 cm. Museo de Bellas Artes de Valencia.<\/em><\/strong><\/p>\n<p style=\"text-align: justify;\"><img loading=\"lazy\" decoding=\"async\" class=\"wp-image-3791 aligncenter\" src=\"http:\/\/loscordonesquemeatocadadia.com\/es\/wp-content\/uploads\/2018\/02\/manuelbeneditoflorencia01-198x300.jpg\" alt=\"\" width=\"431\" height=\"653\" srcset=\"https:\/\/loscordonesquemeatocadadia.com\/es\/wp-content\/uploads\/2018\/02\/manuelbeneditoflorencia01-198x300.jpg 198w, https:\/\/loscordonesquemeatocadadia.com\/es\/wp-content\/uploads\/2018\/02\/manuelbeneditoflorencia01.jpg 449w\" sizes=\"auto, (max-width: 431px) 100vw, 431px\" \/><\/p>\n<p style=\"text-align: center;\"><strong><em>Manuel Benedito. Florencia. 1930. \u00d3leo sobre lienzo. 90 x\u00a0 70 cm. Casa-Museo\u00a0 de la Fundaci\u00f3n Manuel Benedito. Madrid.<\/em><\/strong><\/p>\n<p style=\"text-align: justify;\"><img loading=\"lazy\" decoding=\"async\" class=\"wp-image-3748 aligncenter\" src=\"http:\/\/loscordonesquemeatocadadia.com\/es\/wp-content\/uploads\/2018\/02\/2en_el_jard_n_1938_-1-218x300.jpg\" alt=\"\" width=\"581\" height=\"800\" srcset=\"https:\/\/loscordonesquemeatocadadia.com\/es\/wp-content\/uploads\/2018\/02\/2en_el_jard_n_1938_-1-218x300.jpg 218w, https:\/\/loscordonesquemeatocadadia.com\/es\/wp-content\/uploads\/2018\/02\/2en_el_jard_n_1938_-1.jpg 507w\" sizes=\"auto, (max-width: 581px) 100vw, 581px\" \/><\/p>\n<p style=\"text-align: center;\"><strong><em>Manuel Benedito. En el jard\u00edn. 1930. \u00d3leo sobre lienzo. 108 x\u00a0 83 cm. Casa-Museo\u00a0 de la Fundaci\u00f3n Manuel Benedito. Madrid.<\/em><\/strong><\/p>\n<p style=\"text-align: justify;\"><img loading=\"lazy\" decoding=\"async\" class=\" wp-image-3787 aligncenter\" src=\"http:\/\/loscordonesquemeatocadadia.com\/es\/wp-content\/uploads\/2018\/02\/manuelbeneditogregoriomara\u00f1\u00f3n01-227x300.jpg\" alt=\"\" width=\"654\" height=\"865\" srcset=\"https:\/\/loscordonesquemeatocadadia.com\/es\/wp-content\/uploads\/2018\/02\/manuelbeneditogregoriomara\u00f1\u00f3n01-227x300.jpg 227w, https:\/\/loscordonesquemeatocadadia.com\/es\/wp-content\/uploads\/2018\/02\/manuelbeneditogregoriomara\u00f1\u00f3n01.jpg 515w\" sizes=\"auto, (max-width: 654px) 100vw, 654px\" \/><\/p>\n<p style=\"text-align: center;\"><strong><em>Manuel Benedito. Gregorio Mara\u00f1\u00f3n. 1954. \u00d3leo sobre lienzo. 90 x\u00a0 70 cm. Colecci\u00f3n particular. Madrid.<\/em><\/strong><\/p>\n<p style=\"text-align: justify;\">Manuel Benedito escogi\u00f3 el camino de la pintura de los grandes maestros espa\u00f1oles del siglo XVII, aunque incluso desde la Real Academia de Bellas Artes de San Fernando \u2013de la que Benedito era Acad\u00e9mico y m\u00e1s tarde Director- se le adjudic\u00f3 el estigma de pintor &#8220;trasnochado&#8221;, de ah\u00ed su ca\u00edda en el olvido, pero fue siempre un pintor de car\u00e1cter, atento siempre a las indumentarias y colores de la gente de la calle y de los campos, aunque m\u00e1s contenido en su expresi\u00f3n que su impetuoso maestro Sorolla.<\/p>\n<p style=\"text-align: justify;\">Fue\u00a0<em>Asesor Art\u00edstico<\/em> de la\u00a0 Real F\u00e1brica de Tapices, Acad\u00e9mico de la Real Academia de Bellas Artes San Carlos de Valencia, Miembro de la Hispanic Society of America, vocal correspondiente de la Academia Nacional de Bellas Artes de Lisboa, desde 1941 presidente del Patronato del\u00a0 Museo Sorolla y desde 1955 hasta su muerte, presidente de la Asociaci\u00f3n de Escritores y Artistas Espa\u00f1oles.<\/p>\n<p style=\"text-align: justify;\">Adem\u00e1s de en su Casa-Museo, hay obras de Manuel Benedito expuestas en algunos de los\u00a0 m\u00e1s importantes museos, como el Museo del Prado, el Reina Sof\u00eda, los Thyssen-Bornemisza, Museo de Bellas Ates de Valencia, Museo Nacional de Santiago de Chile, Real Academia de Bellas Artes de San Fernando, y la Hispanic Society of America de Nueva York.<\/p>\n<div id=\"x_m_880455812167126580m_1078675266867849043yui_3_16_0_ym19_1_1518862445042_10413\" style=\"text-align: justify;\"><em>Este gran disc\u00edpulo de Sorolla, a menudo desconocido, <\/em><em>retrat\u00f3, entre otras\u00a0 grandes personalidades de la \u00e9poca <strong>al Caudillo<\/strong>, pero no lo digan muy alto&#8230;<\/em><\/div>\n<div style=\"text-align: justify;\"><\/div>\n<div style=\"text-align: justify;\">Efectivamente, <strong><em>Manuel Benedito<\/em> <\/strong>pint\u00f3 al general Franco con uniforme de almirante de la Armada.\u00a0 No se ha expuesto el asunto al hablar de su Casa-Museo para que la<em> political left deep <\/em>no encuentre su ubicaci\u00f3n, y proceda a destruirlo, o\u00a0 a levantarlo y esconderlo, como parece ser\u00a0 h\u00e1bito, ahora que \u00e9l no est\u00e1, claro.<\/div>\n<div style=\"text-align: justify;\">.<\/div>\n<div style=\"text-align: justify;\">La obra con el retrato del general Franco, fue encargada por el Ministerio de Asuntos Exteriores a Manuel Benedito en 1949, siendo terminada en 1950, realizada con uniforme de almirante y medidas 106 x 82 cm, siendo inventariada con el n\u00famero 77 en el M.A.E.\u00a0 y valorada en 60.000 pts.<\/div>\n<div><\/div>\n<div style=\"text-align: center;\"><img loading=\"lazy\" decoding=\"async\" class=\"alignnone wp-image-3883\" src=\"http:\/\/loscordonesquemeatocadadia.com\/es\/wp-content\/uploads\/2018\/02\/6365159603_b61b5cedd0_o-218x300.jpg\" alt=\"\" width=\"511\" height=\"703\" srcset=\"https:\/\/loscordonesquemeatocadadia.com\/es\/wp-content\/uploads\/2018\/02\/6365159603_b61b5cedd0_o-218x300.jpg 218w, https:\/\/loscordonesquemeatocadadia.com\/es\/wp-content\/uploads\/2018\/02\/6365159603_b61b5cedd0_o.jpg 466w\" sizes=\"auto, (max-width: 511px) 100vw, 511px\" \/><\/div>\n<div><\/div>\n<div style=\"text-align: justify;\">En 1976, tras la muerte del general, fue cedida al Patrimonio Nacional \u00a0y colgada en el Real Sitio del Pardo, en la antec\u00e1mara de las habitaciones privadas, pasando posteriormente a esconderse -cuando\u00a0 la imagen del general empez\u00f3 a parecer una ofensa al sol-, en los almacenes que el Patrimonio del Estado tiene en el Palacio Real de Madrid.<\/div>\n<div><\/div>\n<div><img loading=\"lazy\" decoding=\"async\" class=\"alignnone wp-image-3886 aligncenter\" src=\"http:\/\/loscordonesquemeatocadadia.com\/es\/wp-content\/uploads\/2018\/02\/Sin-t\u00edtulo-300x210.jpg\" alt=\"\" width=\"660\" height=\"462\" srcset=\"https:\/\/loscordonesquemeatocadadia.com\/es\/wp-content\/uploads\/2018\/02\/Sin-t\u00edtulo-300x210.jpg 300w, https:\/\/loscordonesquemeatocadadia.com\/es\/wp-content\/uploads\/2018\/02\/Sin-t\u00edtulo-768x537.jpg 768w, https:\/\/loscordonesquemeatocadadia.com\/es\/wp-content\/uploads\/2018\/02\/Sin-t\u00edtulo-1024x716.jpg 1024w, https:\/\/loscordonesquemeatocadadia.com\/es\/wp-content\/uploads\/2018\/02\/Sin-t\u00edtulo.jpg 1056w\" sizes=\"auto, (max-width: 660px) 100vw, 660px\" \/><\/div>\n<div style=\"text-align: justify;\"><\/div>\n<div style=\"text-align: justify;\">Se hicieron algunas copias, como la que estuvo\u00a0 -hoy no lo s\u00e9, <strong><em>pero no creo que est\u00e9 aun<\/em><\/strong>&#8211; en\u00a0 el Cuartel General de la Armada, cuando era Ministerio de Marina en 1974, presidiendo el despacho del ministro Pita da Veiga, firmada por <em><strong>Julio Garc\u00eda Condoy<\/strong><\/em>, sin fecha, y con medidas 109 x 82,5 cm.<\/div>\n<div><\/div>\n<div style=\"text-align: center;\"><img loading=\"lazy\" decoding=\"async\" class=\"alignnone wp-image-3884\" src=\"http:\/\/loscordonesquemeatocadadia.com\/es\/wp-content\/uploads\/2018\/02\/Pita-259x300.jpg\" alt=\"\" width=\"423\" height=\"490\" srcset=\"https:\/\/loscordonesquemeatocadadia.com\/es\/wp-content\/uploads\/2018\/02\/Pita-259x300.jpg 259w, https:\/\/loscordonesquemeatocadadia.com\/es\/wp-content\/uploads\/2018\/02\/Pita.jpg 754w\" sizes=\"auto, (max-width: 423px) 100vw, 423px\" \/><\/div>\n<div style=\"text-align: justify;\"><\/div>\n<div style=\"text-align: justify;\">Tambi\u00e9n se llevaron a cabo en el servicio de Calcograf\u00eda Nacional, con la plancha de cobre\u00a0 62 x 50 cm realizada por Jos\u00e9 Lu\u00eds S\u00e1nchez-Toda, numerosas impresiones que presidieron la mayor parte de las representaciones diplom\u00e1ticas de Espa\u00f1a en el exterior.<\/div>\n<div><\/div>\n<div style=\"text-align: center;\"><img loading=\"lazy\" decoding=\"async\" class=\"alignnone wp-image-3885\" src=\"http:\/\/loscordonesquemeatocadadia.com\/es\/wp-content\/uploads\/2018\/02\/Sanchez-Toda-232x300.jpg\" alt=\"\" width=\"406\" height=\"525\" srcset=\"https:\/\/loscordonesquemeatocadadia.com\/es\/wp-content\/uploads\/2018\/02\/Sanchez-Toda-232x300.jpg 232w, https:\/\/loscordonesquemeatocadadia.com\/es\/wp-content\/uploads\/2018\/02\/Sanchez-Toda.jpg 619w\" sizes=\"auto, (max-width: 406px) 100vw, 406px\" \/><\/div>\n<div id=\"x_m_880455812167126580m_1078675266867849043yui_3_16_0_ym19_1_1518862445042_10401\">\n<blockquote id=\"x_m_880455812167126580m_1078675266867849043yui_3_16_0_ym19_1_1518862445042_10400\">\n<div id=\"x_m_880455812167126580m_1078675266867849043yui_3_16_0_ym19_1_1518862445042_10399\">\n<div id=\"x_m_880455812167126580m_1078675266867849043yiv8336036066\">\n<div id=\"x_m_880455812167126580m_1078675266867849043yui_3_16_0_ym19_1_1518862445042_10398\" dir=\"ltr\">\n<div id=\"x_m_880455812167126580m_1078675266867849043yui_3_16_0_ym19_1_1518862445042_10397\" class=\"x_m_880455812167126580m_1078675266867849043yiv8336036066gmail_quote\">\n<div style=\"text-align: center;\"><\/div>\n<\/div>\n<\/div>\n<\/div>\n<\/div>\n<\/blockquote>\n<\/div>\n","protected":false},"excerpt":{"rendered":"<p>Llegu\u00e9 apresuradamente por la calle Dalmeida a la puerta del edificio Republic Plaza, con la esperanza de poder asistir de d\u00eda, desde la terraza del \u00faltimo piso, a la visi\u00f3n panor\u00e1mica de Singapur, que era se\u00f1alada como una de las vistas urbanas m\u00e1s bellas del mundo, y desde donde pod\u00eda verse la ciudad-estado desde Malasia [&hellip;]<\/p>\n","protected":false},"author":2,"featured_media":3822,"comment_status":"open","ping_status":"closed","sticky":false,"template":"","format":"standard","meta":{"_mo_disable_npp":"","om_disable_all_campaigns":false,"_monsterinsights_skip_tracking":false,"_monsterinsights_sitenote_active":false,"_monsterinsights_sitenote_note":"","_monsterinsights_sitenote_category":0,"_uf_show_specific_survey":0,"_uf_disable_surveys":false,"footnotes":""},"categories":[9,61,1,21,2326],"tags":[656,654,653,655,652],"class_list":["post-3691","post","type-post","status-publish","format-standard","has-post-thumbnail","hentry","category-el-abuelo-cebolleta","category-ficcion","category-la-emocion-del-arte","category-pintura","category-viajes","tag-cuento","tag-la-esperanza","tag-la-ilusion","tag-manuel-benedito","tag-singapur"],"aioseo_notices":[],"post_mailing_queue_ids":[],"_links":{"self":[{"href":"https:\/\/loscordonesquemeatocadadia.com\/es\/wp-json\/wp\/v2\/posts\/3691","targetHints":{"allow":["GET"]}}],"collection":[{"href":"https:\/\/loscordonesquemeatocadadia.com\/es\/wp-json\/wp\/v2\/posts"}],"about":[{"href":"https:\/\/loscordonesquemeatocadadia.com\/es\/wp-json\/wp\/v2\/types\/post"}],"author":[{"embeddable":true,"href":"https:\/\/loscordonesquemeatocadadia.com\/es\/wp-json\/wp\/v2\/users\/2"}],"replies":[{"embeddable":true,"href":"https:\/\/loscordonesquemeatocadadia.com\/es\/wp-json\/wp\/v2\/comments?post=3691"}],"version-history":[{"count":33,"href":"https:\/\/loscordonesquemeatocadadia.com\/es\/wp-json\/wp\/v2\/posts\/3691\/revisions"}],"predecessor-version":[{"id":15701,"href":"https:\/\/loscordonesquemeatocadadia.com\/es\/wp-json\/wp\/v2\/posts\/3691\/revisions\/15701"}],"wp:featuredmedia":[{"embeddable":true,"href":"https:\/\/loscordonesquemeatocadadia.com\/es\/wp-json\/wp\/v2\/media\/3822"}],"wp:attachment":[{"href":"https:\/\/loscordonesquemeatocadadia.com\/es\/wp-json\/wp\/v2\/media?parent=3691"}],"wp:term":[{"taxonomy":"category","embeddable":true,"href":"https:\/\/loscordonesquemeatocadadia.com\/es\/wp-json\/wp\/v2\/categories?post=3691"},{"taxonomy":"post_tag","embeddable":true,"href":"https:\/\/loscordonesquemeatocadadia.com\/es\/wp-json\/wp\/v2\/tags?post=3691"}],"curies":[{"name":"wp","href":"https:\/\/api.w.org\/{rel}","templated":true}]}}