{"id":4417,"date":"2018-06-23T09:16:02","date_gmt":"2018-06-23T08:16:02","guid":{"rendered":"http:\/\/loscordonesquemeatocadadia.com\/es\/?p=4417"},"modified":"2018-06-23T07:01:57","modified_gmt":"2018-06-23T06:01:57","slug":"el-equipo-del-senor","status":"publish","type":"post","link":"https:\/\/loscordonesquemeatocadadia.com\/es\/2018\/06\/23\/el-equipo-del-senor\/","title":{"rendered":"El equipo del Se\u00f1or."},"content":{"rendered":"<audio class=\"wp-audio-shortcode\" id=\"audio-4417-1\" loop autoplay preload=\"auto\" style=\"width: 100%;\" controls=\"controls\"><source type=\"audio\/mpeg\" src=\"http:\/\/loscordonesquemeatocadadia.com\/es\/wp-content\/uploads\/2018\/06\/mejor-musica-de-guerra.mp3?_=1\" \/><a href=\"http:\/\/loscordonesquemeatocadadia.com\/es\/wp-content\/uploads\/2018\/06\/mejor-musica-de-guerra.mp3\">http:\/\/loscordonesquemeatocadadia.com\/es\/wp-content\/uploads\/2018\/06\/mejor-musica-de-guerra.mp3<\/a><\/audio>\n<p style=\"text-align: justify;\">Haciendo el Camino de Santiago del Norte \u2013costa-, y llegando a Villaviciosa, me record\u00f3 -no era necesario- alg\u00fan amigo, el d\u00eda 26 de mayo por whatsapp, con las bromas reglamentarias, que esa tarde se celebraba el transcendental encuentro que\u00a0 dar\u00eda el campe\u00f3n de la Champion 2018. As\u00ed, a las 20,00 estaba ya sentado en un bar cercano a la pensi\u00f3n de pernocta, con cuarenta y cinco minutos de antelaci\u00f3n para asegurar sitio, y con el e-book y un gin tonic para pasarlos.<!--more--><\/p>\n<p style=\"text-align: justify;\">Comenz\u00f3 el partido tras un espect\u00e1culo que parec\u00eda el principal, y tras el pitido inicial, confieso que atraves\u00e9 \u00a0un sinvivir durante los primeros treinta minutos, temiendo lo peor a cada instante, no pasando la cosa a mayores, gracias a las acertadas intervenciones del cancerbero Navas, aunque intu\u00ed la necesidad de ayuda divina para resolver la complicada situaci\u00f3n, que se presentaba casi imposible.<\/p>\n<p style=\"text-align: justify;\">Mi relativamente buena relaci\u00f3n con el Se\u00f1or esos d\u00edas, me anim\u00f3 a pedirle ayuda, y desde el primer momento se me antoj\u00f3 como la m\u00e1s eficaz, la neutralizaci\u00f3n de Mohamed Salah: as\u00ed que pens\u00e9 inmediatamente en Sergio para llevar a cabo la operaci\u00f3n, aunque en seguida reflexion\u00e9 sobre las consecuencias rojas o amarillas que suelen conllevar sus acciones, y ped\u00ed la autolesi\u00f3n leve del marroqu\u00ed que le impidiera continuar agobiando al equipo blanco que llevaba desde el comienzo del encuentro encerrado en su \u00e1rea; mi petici\u00f3n fue atendida con presteza en el minuto 25, con ligera intervenci\u00f3n de Ramos, aunque sin castigo para el central.<\/p>\n<p style=\"text-align: center;\"><img loading=\"lazy\" decoding=\"async\" class=\"alignnone wp-image-4423\" src=\"http:\/\/loscordonesquemeatocadadia.com\/es\/wp-content\/uploads\/2018\/06\/lesi\u00f3n-Salah-300x261.jpg\" alt=\"\" width=\"441\" height=\"384\" srcset=\"https:\/\/loscordonesquemeatocadadia.com\/es\/wp-content\/uploads\/2018\/06\/lesi\u00f3n-Salah-300x261.jpg 300w, https:\/\/loscordonesquemeatocadadia.com\/es\/wp-content\/uploads\/2018\/06\/lesi\u00f3n-Salah-768x669.jpg 768w, https:\/\/loscordonesquemeatocadadia.com\/es\/wp-content\/uploads\/2018\/06\/lesi\u00f3n-Salah.jpg 780w\" sizes=\"auto, (max-width: 441px) 100vw, 441px\" \/><\/p>\n<p style=\"text-align: justify;\">Sustituido el delantero en el minuto 30 por Lallana, disminuy\u00f3 la presi\u00f3n roja sobre el \u00e1rea madridista, pero nada parec\u00eda aclarar el panorama de los blancos que no se acercaban con claridad a la puerta contraria; Carvajal tuvo que ser sustituido por Nacho en el 32, con lo que se perdi\u00f3 un venablo por la derecha, especialista en asistencias en momentos dif\u00edciles del estilo Marcelo; reiter\u00e9 mis peticiones al Se\u00f1or, dibujando la posibilidad de algo de fortuna para los hasta entonces incapaces delanteros madridistas, o alg\u00fan fallo clamoroso defensivo que permitiera abrir el marcador a favor del equipo espa\u00f1ol,\u00a0 recibiendo un\u00a0<em>roger <\/em>del Alt\u00edsimo, terminando\u00a0en empate la primera parte del choque.<\/p>\n<p style=\"text-align: justify;\">Al empezar la segunda, insist\u00ed nuevamente en mis peticiones, quedando Isco s\u00f3lo delante de Karius en el minuto 47, enviando la bola al larguero. \u00a1Dios! No me dio tiempo a terminar la exclamaci\u00f3n, cuando Karius, elegante, sac\u00f3 el bal\u00f3n en el minuto 50, rebotando en el pie de Benzem\u00e1 y entrando en la meta de los <em>reds<\/em> (de otra forma hubiera sido imposible). \u00a1Gracias Se\u00f1or!<\/p>\n<p>\u00a0 \u00a0 \u00a0 \u00a0 \u00a0 \u00a0 \u00a0 \u00a0 \u00a0 \u00a0\u00a0<img loading=\"lazy\" decoding=\"async\" class=\"alignnone size-medium wp-image-4427\" src=\"http:\/\/loscordonesquemeatocadadia.com\/es\/wp-content\/uploads\/2018\/06\/Portero-300x186.jpg\" alt=\"\" width=\"300\" height=\"186\" srcset=\"https:\/\/loscordonesquemeatocadadia.com\/es\/wp-content\/uploads\/2018\/06\/Portero-300x186.jpg 300w, https:\/\/loscordonesquemeatocadadia.com\/es\/wp-content\/uploads\/2018\/06\/Portero-768x476.jpg 768w, https:\/\/loscordonesquemeatocadadia.com\/es\/wp-content\/uploads\/2018\/06\/Portero-1024x635.jpg 1024w, https:\/\/loscordonesquemeatocadadia.com\/es\/wp-content\/uploads\/2018\/06\/Portero.jpg 1050w\" sizes=\"auto, (max-width: 300px) 100vw, 300px\" \/><img loading=\"lazy\" decoding=\"async\" class=\"alignnone wp-image-4428\" src=\"http:\/\/loscordonesquemeatocadadia.com\/es\/wp-content\/uploads\/2018\/06\/gol-Bemzem\u00e1-300x168.jpg\" alt=\"\" width=\"332\" height=\"186\" srcset=\"https:\/\/loscordonesquemeatocadadia.com\/es\/wp-content\/uploads\/2018\/06\/gol-Bemzem\u00e1-300x168.jpg 300w, https:\/\/loscordonesquemeatocadadia.com\/es\/wp-content\/uploads\/2018\/06\/gol-Bemzem\u00e1-768x430.jpg 768w, https:\/\/loscordonesquemeatocadadia.com\/es\/wp-content\/uploads\/2018\/06\/gol-Bemzem\u00e1-1024x573.jpg 1024w, https:\/\/loscordonesquemeatocadadia.com\/es\/wp-content\/uploads\/2018\/06\/gol-Bemzem\u00e1-953x536.jpg 953w, https:\/\/loscordonesquemeatocadadia.com\/es\/wp-content\/uploads\/2018\/06\/gol-Bemzem\u00e1.jpg 1045w\" sizes=\"auto, (max-width: 332px) 100vw, 332px\" \/><\/p>\n<p style=\"text-align: justify;\">Pero poco dur\u00f3 la alegr\u00eda. Cuatro minutos m\u00e1s tarde, la defensa blanca, haciendo gala de su malhacer de toda la temporada \u2013parece un queso gruy\u00e8re-, se comi\u00f3 un punterazo por velocidad de Man\u00e9, insuflando este gol mucho \u00e1nimo al equipo ingl\u00e9s, que de nuevo acorral\u00f3 a los blancos.<\/p>\n<p style=\"text-align: justify;\">El partido enloqueci\u00f3, con ataques alternativos que proporcionaron alguna oportunidad a los dos equipos, siendo la m\u00e1s clara, la de Isco, cuyo remate fue detenido por Karius, y ah\u00ed Zidane, decidi\u00f3 cambiar al n\u00famero 22 por Bale en el minuto 60.\u00a0 Con la salida del expreso de Cardiff, el Madrid se anim\u00f3 ofensivamente, y tras una asistencia de Marcelo en el 66, Bale remat\u00f3 en inefable chilena que Karius admir\u00f3 mientras entraba. \u00a1Qu\u00e9 se acabe ya Dios m\u00edo! O si eso no puede ser, otro empujoncito por favor. Fui respondido con otro <em>roger<\/em> algo m\u00e1s seco como <em>\u201cque te est\u00e1s poniendo muy pesado<\/em>\u201d, pero pens\u00e9 que aunque se molestara, val\u00eda la pena si hac\u00eda algo\u2026<\/p>\n<p style=\"text-align: center;\"><img loading=\"lazy\" decoding=\"async\" class=\"alignnone size-medium wp-image-4422\" src=\"http:\/\/loscordonesquemeatocadadia.com\/es\/wp-content\/uploads\/2018\/06\/bale-2-300x206.jpg\" alt=\"\" width=\"300\" height=\"206\" srcset=\"https:\/\/loscordonesquemeatocadadia.com\/es\/wp-content\/uploads\/2018\/06\/bale-2-300x206.jpg 300w, https:\/\/loscordonesquemeatocadadia.com\/es\/wp-content\/uploads\/2018\/06\/bale-2-768x526.jpg 768w, https:\/\/loscordonesquemeatocadadia.com\/es\/wp-content\/uploads\/2018\/06\/bale-2-1024x702.jpg 1024w, https:\/\/loscordonesquemeatocadadia.com\/es\/wp-content\/uploads\/2018\/06\/bale-2.jpg 1029w\" sizes=\"auto, (max-width: 300px) 100vw, 300px\" \/><\/p>\n<p style=\"text-align: center;\"><img loading=\"lazy\" decoding=\"async\" class=\"alignnone size-medium wp-image-4424\" src=\"http:\/\/loscordonesquemeatocadadia.com\/es\/wp-content\/uploads\/2018\/06\/bale-300x262.jpg\" alt=\"\" width=\"300\" height=\"262\" srcset=\"https:\/\/loscordonesquemeatocadadia.com\/es\/wp-content\/uploads\/2018\/06\/bale-300x262.jpg 300w, https:\/\/loscordonesquemeatocadadia.com\/es\/wp-content\/uploads\/2018\/06\/bale-768x670.jpg 768w, https:\/\/loscordonesquemeatocadadia.com\/es\/wp-content\/uploads\/2018\/06\/bale.jpg 775w\" sizes=\"auto, (max-width: 300px) 100vw, 300px\" \/><\/p>\n<p style=\"text-align: justify;\">En esas cavilaciones estaba, cuando en el 70, tir\u00f3 Man\u00e9 al palo izquierdo de la meta defendida por Keylor. \u00a1Qu\u00e9 sin vivir! Se reh\u00edzo el equipo blanco y en el 81\u00a0 Karius volvi\u00f3 a realizar otro parad\u00f3n a Benzem\u00e1\u2026Dos minutos m\u00e1s tarde, Bale desde 19 d\u00edas y 500 noches, dispar\u00f3, y el Se\u00f1or tap\u00f3 los ojos al meta de los reds.<\/p>\n<p style=\"text-align: center;\"><img loading=\"lazy\" decoding=\"async\" class=\"alignnone size-medium wp-image-4421\" src=\"http:\/\/loscordonesquemeatocadadia.com\/es\/wp-content\/uploads\/2018\/06\/lagrimas-300x196.jpg\" alt=\"\" width=\"300\" height=\"196\" srcset=\"https:\/\/loscordonesquemeatocadadia.com\/es\/wp-content\/uploads\/2018\/06\/lagrimas-300x196.jpg 300w, https:\/\/loscordonesquemeatocadadia.com\/es\/wp-content\/uploads\/2018\/06\/lagrimas-768x502.jpg 768w, https:\/\/loscordonesquemeatocadadia.com\/es\/wp-content\/uploads\/2018\/06\/lagrimas-1024x669.jpg 1024w, https:\/\/loscordonesquemeatocadadia.com\/es\/wp-content\/uploads\/2018\/06\/lagrimas.jpg 1042w\" sizes=\"auto, (max-width: 300px) 100vw, 300px\" \/><\/p>\n<p style=\"text-align: justify;\">Cristiano se sub\u00eda por las paredes por no ser \u00e9l el goleador y estrella del partido, as\u00ed que en el minuto 93 cogi\u00f3 la bola, corri\u00f3, arm\u00f3 la pierna, y el Bar\u00e7a pagado por Florentino, interpuso un espont\u00e1neo en su camino hacia el gol, que le impidi\u00f3 tirar y marcar.<\/p>\n<p style=\"text-align: justify;\">Tras finalizar el encuentro, cuando los madridistas saltaban de alegr\u00eda y se abrazaban \u2013menos Ronaldo-, el Se\u00f1or me recrimin\u00f3 mi contumacia con una frase que me explic\u00f3 todo y todas -las 13-: <em>\u201cno hace falta que seas tan pesado porqu\u00e9 YO SOY DEL MADRID, aunque desde hoy, comenzaremos a renovar completamente el equipo, que ya estoy\u00a0 cansado de regar la flor del culo del mister&#8230;, quiz\u00e1 empezando por \u00e9l&#8230;&#8221;<\/em><\/p>\n<p style=\"text-align: center;\"><img loading=\"lazy\" decoding=\"async\" class=\"alignnone wp-image-4426\" src=\"http:\/\/loscordonesquemeatocadadia.com\/es\/wp-content\/uploads\/2018\/06\/general-300x136.jpg\" alt=\"\" width=\"505\" height=\"229\" srcset=\"https:\/\/loscordonesquemeatocadadia.com\/es\/wp-content\/uploads\/2018\/06\/general-300x136.jpg 300w, https:\/\/loscordonesquemeatocadadia.com\/es\/wp-content\/uploads\/2018\/06\/general-768x349.jpg 768w, https:\/\/loscordonesquemeatocadadia.com\/es\/wp-content\/uploads\/2018\/06\/general-1024x465.jpg 1024w, https:\/\/loscordonesquemeatocadadia.com\/es\/wp-content\/uploads\/2018\/06\/general.jpg 1238w\" sizes=\"auto, (max-width: 505px) 100vw, 505px\" \/><\/p>\n<p>&nbsp;<\/p>\n<p style=\"text-align: justify;\">\n","protected":false},"excerpt":{"rendered":"<p>Haciendo el Camino de Santiago del Norte \u2013costa-, y llegando a Villaviciosa, me record\u00f3 -no era necesario- alg\u00fan amigo, el d\u00eda 26 de mayo por whatsapp, con las bromas reglamentarias, que esa tarde se celebraba el transcendental encuentro que\u00a0 dar\u00eda el campe\u00f3n de la Champion 2018. As\u00ed, a las 20,00 estaba ya sentado en un [&hellip;]<\/p>\n","protected":false},"author":2,"featured_media":0,"comment_status":"open","ping_status":"closed","sticky":false,"template":"","format":"standard","meta":{"_mo_disable_npp":"","om_disable_all_campaigns":false,"_monsterinsights_skip_tracking":false,"_monsterinsights_sitenote_active":false,"_monsterinsights_sitenote_note":"","_monsterinsights_sitenote_category":0,"_uf_show_specific_survey":0,"_uf_disable_surveys":false,"footnotes":""},"categories":[135,9,8],"tags":[734],"class_list":["post-4417","post","type-post","status-publish","format-standard","hentry","category-actualidad","category-el-abuelo-cebolleta","category-son-las-cosas-de-la-vida","tag-real-madrid-y-otros"],"aioseo_notices":[],"post_mailing_queue_ids":[],"_links":{"self":[{"href":"https:\/\/loscordonesquemeatocadadia.com\/es\/wp-json\/wp\/v2\/posts\/4417","targetHints":{"allow":["GET"]}}],"collection":[{"href":"https:\/\/loscordonesquemeatocadadia.com\/es\/wp-json\/wp\/v2\/posts"}],"about":[{"href":"https:\/\/loscordonesquemeatocadadia.com\/es\/wp-json\/wp\/v2\/types\/post"}],"author":[{"embeddable":true,"href":"https:\/\/loscordonesquemeatocadadia.com\/es\/wp-json\/wp\/v2\/users\/2"}],"replies":[{"embeddable":true,"href":"https:\/\/loscordonesquemeatocadadia.com\/es\/wp-json\/wp\/v2\/comments?post=4417"}],"version-history":[{"count":10,"href":"https:\/\/loscordonesquemeatocadadia.com\/es\/wp-json\/wp\/v2\/posts\/4417\/revisions"}],"predecessor-version":[{"id":4478,"href":"https:\/\/loscordonesquemeatocadadia.com\/es\/wp-json\/wp\/v2\/posts\/4417\/revisions\/4478"}],"wp:attachment":[{"href":"https:\/\/loscordonesquemeatocadadia.com\/es\/wp-json\/wp\/v2\/media?parent=4417"}],"wp:term":[{"taxonomy":"category","embeddable":true,"href":"https:\/\/loscordonesquemeatocadadia.com\/es\/wp-json\/wp\/v2\/categories?post=4417"},{"taxonomy":"post_tag","embeddable":true,"href":"https:\/\/loscordonesquemeatocadadia.com\/es\/wp-json\/wp\/v2\/tags?post=4417"}],"curies":[{"name":"wp","href":"https:\/\/api.w.org\/{rel}","templated":true}]}}