{"id":4596,"date":"2018-11-24T08:00:41","date_gmt":"2018-11-24T07:00:41","guid":{"rendered":"http:\/\/loscordonesquemeatocadadia.com\/es\/?p=4596"},"modified":"2018-11-26T18:42:55","modified_gmt":"2018-11-26T17:42:55","slug":"lo-que-me-susurro-el-camino-2018-la-emigracion-y-los-indianos-parte-2","status":"publish","type":"post","link":"https:\/\/loscordonesquemeatocadadia.com\/es\/2018\/11\/24\/lo-que-me-susurro-el-camino-2018-la-emigracion-y-los-indianos-parte-2\/","title":{"rendered":"Lo que me susurr\u00f3 el CAMINO 2018. La EMIGRACI\u00d3N y los INDIANOS. Parte 2"},"content":{"rendered":"<audio class=\"wp-audio-shortcode\" id=\"audio-4596-1\" loop autoplay preload=\"auto\" style=\"width: 100%;\" controls=\"controls\"><source type=\"audio\/mpeg\" src=\"http:\/\/loscordonesquemeatocadadia.com\/es\/wp-content\/uploads\/2018\/11\/Juan-Crisostomo-Arriaga-String-Quartet-No-1-in-D-minor-IV-Adagio-Allegretto.mp3?_=1\" \/><a href=\"http:\/\/loscordonesquemeatocadadia.com\/es\/wp-content\/uploads\/2018\/11\/Juan-Crisostomo-Arriaga-String-Quartet-No-1-in-D-minor-IV-Adagio-Allegretto.mp3\">http:\/\/loscordonesquemeatocadadia.com\/es\/wp-content\/uploads\/2018\/11\/Juan-Crisostomo-Arriaga-String-Quartet-No-1-in-D-minor-IV-Adagio-Allegretto.mp3<\/a><\/audio>\n<p style=\"text-align: justify;\">Hacia Am\u00e9rica generalmente, viajaron hombres solos -a la llamada de amigos o parientes-,\u00a0 dejando en Espa\u00f1a a sus familias, con la promesa de amor eterno a sus mujeres e hijos, jurando enviar noticias -en el mayor n\u00famero de casos escritas y le\u00eddas por otros, ya que ni unos sab\u00edan escribir, ni las otras leer- y dinero, en cuanto ganaran algo, y con la garant\u00eda, en su \u00e1nimo, de llevar a su familia con ellos, o de volver con dinero suficiente para poder comenzar alguna actividad cerca de su aldea o pueblo.<!--more--><\/p>\n<p style=\"text-align: justify;\">Unos viajaron, escribieron, o pidieron que escribieran por ellos mientras aprend\u00edan, y mandaron dinero, logrando mayor o menor \u00e9xito,\u00a0 de otros no se volvi\u00f3 a saber nada porque murieron o desaparecieron, o volvieron a formar otra familia en tierras americanas, y de ellos nunca m\u00e1s tuvo noticias la familia abandonada en Espa\u00f1a, y por \u00faltimo hubo otros que volvieron m\u00e1s pobres y derrotados que cuando marcharon.<\/p>\n<p style=\"text-align: justify;\">Otra v\u00eda de emigraci\u00f3n espa\u00f1ola, aunque de menor envergadura, fue la que desde finales del siglo XIX\u00a0 particip\u00f3 en la llamada emigraci\u00f3n \u201c<em>golondrina<\/em>\u201d -estacional- a Argelia y al mediod\u00eda franc\u00e9s, pero fue tras la II Guerra Mundial, como consecuencia del Plan de Estabilizaci\u00f3n de 1959, cuando la reconstrucci\u00f3n europea demand\u00f3 numerosa mano de obra a los pa\u00edses no industrializados. Francia, Alemania, Suiza, B\u00e9lgica e Inglaterra fueron los mayores receptores de inmigrantes espa\u00f1oles permanentes, debiendo sumar a \u00e9stos, los temporales: trabajadores para la construcci\u00f3n, \u00a0la vendimia francesa, y la hosteler\u00eda en Suiza.<\/p>\n<p style=\"text-align: justify;\">Hombres y mujeres, j\u00f3venes y mayores, a veces con sus familias, se establecieron en pa\u00edses con una cultura y unas costumbres desconocidas, y en ocasiones hostiles, para buscar el pan y el trabajo que en su pa\u00eds no fueron capaces de encontrar, y en algunos casos, para huir del reclutamiento obligatorio que se llevaba a cabo en esa \u00e9poca para proveer de contingentes a las fuerzas espa\u00f1olas en la\u00a0 segunda guerra de \u00c1frica -la del Rif-,\u00a0 <em>ya que no pod\u00edan pagar las vergonzantes 1.500 pesetas, que\u00a0 por entonces redim\u00edan de cumplir el servicio militar.\u00a0<\/em>Cabe se\u00f1alar tambi\u00e9n, que un contingente de cierta importancia, sobre los a\u00f1os 50 del\u00a0 siglo XX, emigr\u00f3 \u00a0a Australia.<\/p>\n<p style=\"text-align: justify;\">*La opci\u00f3n de comprar un sustituto para el alistamiento, fue abolida en 1912, y la de la redenci\u00f3n en met\u00e1lico durante la 2\u00aa Rep\u00fablica. Por lo que se refiere al sistema de cuotas se di\u00f3 por finalizado con la Guerra Civil, al movilizar ambos bandos a la totalidad de hombres disponibles.<\/p>\n<p style=\"text-align: justify;\">La emigraci\u00f3n se ahinc\u00f3 en el pueblo espa\u00f1ol \u00a0de manera contundente desde el siglo XIX. Hoy, que nos hemos convertido en uno de los pa\u00edses preferentes en el destino de los flujos migratorios, en torno al mill\u00f3n y medio de ciudadanos espa\u00f1oles siguen a\u00fan residiendo fuera de nuestras fronteras: ya no s\u00f3lo est\u00e1n los que ahora emigran por razones vinculadas a los estudios y a la especializaci\u00f3n profesional, o por motivos laborales en este mundo global, tambi\u00e9n existe la realidad de muchos ciudadanos espa\u00f1oles que nacieron fuera de nuestro pa\u00eds, y que en su mayor\u00eda nunca han residido en Espa\u00f1a; son los hijos y nietos de las generaciones que protagonizaron la emigraci\u00f3n; son espa\u00f1oles de pleno derecho, pero lo que todav\u00eda es m\u00e1s importante: <em>se sienten orgullosos de esa condici\u00f3n y quieren vivirla con plenitud.<\/em><\/p>\n<p style=\"text-align: justify;\">Los que fueron a Am\u00e9rica, lo hicieron inicialmente en barcos de vapor m\u00e1s o menos grandes y m\u00e1s o menos buenos o malos, algunos de los cuales zozobraron (en el hundimiento del <em>Pr\u00edncipe de Asturias<\/em> en las costas de la isla de San Sebasti\u00e1n en Brasil en 1916, entre muertos y desaparecidos sumaron 457, en el del <em>Valbanera<\/em> hundido por temporal\u00a0 en las costas de Cuba en 1919, 488, etc\u2026), pereciendo cientos de personas; despu\u00e9s, y para los que lograron una situaci\u00f3n econ\u00f3mica desahogada, estuvo el avi\u00f3n. Las condiciones de viaje de los emigrantes en esos vapores transatl\u00e1nticos fueron muy duras; m\u00e1s tarde, con\u00a0 mejores desarrollos t\u00e9cnicos, aumentaron la seguridad, velocidad y la comodidad; otros tuvieron que viajar de polizones y sus traves\u00edas fueron de una penalidad inenarrable.<\/p>\n<p style=\"text-align: center;\"><img loading=\"lazy\" decoding=\"async\" class=\"alignnone wp-image-5363\" src=\"http:\/\/loscordonesquemeatocadadia.com\/es\/wp-content\/uploads\/2018\/11\/emigrantes-1-300x190.jpg\" alt=\"\" width=\"456\" height=\"289\" srcset=\"https:\/\/loscordonesquemeatocadadia.com\/es\/wp-content\/uploads\/2018\/11\/emigrantes-1-300x190.jpg 300w, https:\/\/loscordonesquemeatocadadia.com\/es\/wp-content\/uploads\/2018\/11\/emigrantes-1-768x486.jpg 768w, https:\/\/loscordonesquemeatocadadia.com\/es\/wp-content\/uploads\/2018\/11\/emigrantes-1.jpg 993w\" sizes=\"auto, (max-width: 456px) 100vw, 456px\" \/><\/p>\n<p style=\"text-align: center;\"><img loading=\"lazy\" decoding=\"async\" class=\"alignnone wp-image-5360\" src=\"http:\/\/loscordonesquemeatocadadia.com\/es\/wp-content\/uploads\/2018\/11\/Abuelo-y-nieto-despiden-al-escal\u00f3n-intermedio-que-emigra-en-1957-en-La-Coru\u00f1a-212x300.jpg\" alt=\"\" width=\"458\" height=\"648\" srcset=\"https:\/\/loscordonesquemeatocadadia.com\/es\/wp-content\/uploads\/2018\/11\/Abuelo-y-nieto-despiden-al-escal\u00f3n-intermedio-que-emigra-en-1957-en-La-Coru\u00f1a-212x300.jpg 212w, https:\/\/loscordonesquemeatocadadia.com\/es\/wp-content\/uploads\/2018\/11\/Abuelo-y-nieto-despiden-al-escal\u00f3n-intermedio-que-emigra-en-1957-en-La-Coru\u00f1a.jpg 522w\" sizes=\"auto, (max-width: 458px) 100vw, 458px\" \/><\/p>\n<p style=\"text-align: center;\"><img loading=\"lazy\" decoding=\"async\" class=\"alignnone wp-image-5353\" src=\"http:\/\/loscordonesquemeatocadadia.com\/es\/wp-content\/uploads\/2018\/11\/Embarque-emigrantes-hacia-Argentina-en-Barcelona-1910-300x183.jpg\" alt=\"\" width=\"526\" height=\"321\" srcset=\"https:\/\/loscordonesquemeatocadadia.com\/es\/wp-content\/uploads\/2018\/11\/Embarque-emigrantes-hacia-Argentina-en-Barcelona-1910-300x183.jpg 300w, https:\/\/loscordonesquemeatocadadia.com\/es\/wp-content\/uploads\/2018\/11\/Embarque-emigrantes-hacia-Argentina-en-Barcelona-1910-768x468.jpg 768w, https:\/\/loscordonesquemeatocadadia.com\/es\/wp-content\/uploads\/2018\/11\/Embarque-emigrantes-hacia-Argentina-en-Barcelona-1910-1024x624.jpg 1024w, https:\/\/loscordonesquemeatocadadia.com\/es\/wp-content\/uploads\/2018\/11\/Embarque-emigrantes-hacia-Argentina-en-Barcelona-1910.jpg 1407w\" sizes=\"auto, (max-width: 526px) 100vw, 526px\" \/><\/p>\n<p style=\"text-align: justify;\">Los que fueron a Europa, \u00a0generalmente realizaron el \u00a0viaje en trenes, y desde las terminales de ferrocarril a su destino final, en cajas de camiones, con la cl\u00e1sica maleta de cart\u00f3n o madera al brazo, atada con cuerda o\u00a0 cinto.<\/p>\n<p style=\"text-align: center;\"><img loading=\"lazy\" decoding=\"async\" class=\"alignnone wp-image-5362\" src=\"http:\/\/loscordonesquemeatocadadia.com\/es\/wp-content\/uploads\/2018\/11\/emigrantes-marchando-para-Alemania-noviembre-1941-.de-la-Estacion-del-Morte-300x159.jpg\" alt=\"\" width=\"577\" height=\"306\" srcset=\"https:\/\/loscordonesquemeatocadadia.com\/es\/wp-content\/uploads\/2018\/11\/emigrantes-marchando-para-Alemania-noviembre-1941-.de-la-Estacion-del-Morte-300x159.jpg 300w, https:\/\/loscordonesquemeatocadadia.com\/es\/wp-content\/uploads\/2018\/11\/emigrantes-marchando-para-Alemania-noviembre-1941-.de-la-Estacion-del-Morte-768x408.jpg 768w, https:\/\/loscordonesquemeatocadadia.com\/es\/wp-content\/uploads\/2018\/11\/emigrantes-marchando-para-Alemania-noviembre-1941-.de-la-Estacion-del-Morte-1024x544.jpg 1024w, https:\/\/loscordonesquemeatocadadia.com\/es\/wp-content\/uploads\/2018\/11\/emigrantes-marchando-para-Alemania-noviembre-1941-.de-la-Estacion-del-Morte.jpg 1408w\" sizes=\"auto, (max-width: 577px) 100vw, 577px\" \/><\/p>\n<p style=\"text-align: justify;\">A la emigraci\u00f3n de grandes vol\u00famenes, le puso fin la crisis de 1973, y la entrada en Europa -1986- con el correspondiente auge econ\u00f3mico.<\/p>\n<p style=\"text-align: justify;\">Constituye por ello la emigraci\u00f3n espa\u00f1ola, un fen\u00f3meno de indudable impacto hist\u00f3rico y social en el dibujo que hoy presenta nuestra moderna sociedad. De los que se fueron a Am\u00e9rica, hubo un n\u00famero no peque\u00f1o, que lograron grandes fortunas, comenzando con un trabajo de salario de subsistencia y desarrollando luego, con su emprendimiento, grandes fortunas.<\/p>\n<p style=\"text-align: justify;\"><strong>Indiano <\/strong>fue la denominaci\u00f3n coloquial del emigrante espa\u00f1ol<strong> que parti\u00f3 hacia Am\u00e9rica en busca de una vida mejor y que retorn\u00f3 despu\u00e9s de haber conseguido riqueza y prosperidad.\u00a0<\/strong>Esta denominaci\u00f3n se populariz\u00f3 desde el\u00a0<a href=\"https:\/\/es.wikipedia.org\/wiki\/Siglo_de_Oro\">Siglo de Oro<\/a>\u00a0espa\u00f1ol y se fij\u00f3 como\u00a0 t\u00f3pico literario, extendiendo la denominaci\u00f3n a sus descendientes, con connotaciones <strong><em>admirativas o peyorativas<\/em><\/strong> seg\u00fan los casos, convirti\u00e9ndose en muchas ocasiones en l\u00edderes locales a finales del siglo XIX y comienzos del XX.<\/p>\n<p style=\"text-align: justify;\">Los que emigraban, y al estar ya asentados en un pa\u00eds, reclamaban a menudo a parientes y amigos, lleg\u00e1ndose a crear negocios familiares de notable \u00e9xito, regresando a\u00f1os m\u00e1s tarde algunos de los que lograron amasar verdaderas fortunas,\u00a0 a sus lugares de origen, procurando prestigiarse con la\u00a0 adquisici\u00f3n de alg\u00fan t\u00edtulo nobiliario, comprando y restaurando antiguas casonas o pazos, o construyendo nuevos palacetes \u2013en alg\u00fan caso palacios- de estilo colonial con variaciones ecl\u00e9cticas, de colores vistosos, y grandes jardines con palmerales que se\u00f1alaban el origen de sus fortunas. Estas importantes casas \u00a0pasaron a llamarse \u201c<strong><em>casas de indianos<\/em><\/strong>\u201d o \u201ccasonas\u201d.<\/p>\n<p style=\"text-align: center;\"><img loading=\"lazy\" decoding=\"async\" class=\"alignnone wp-image-5365\" src=\"http:\/\/loscordonesquemeatocadadia.com\/es\/wp-content\/uploads\/2018\/11\/5cf755d1_original-300x225.jpg\" alt=\"\" width=\"527\" height=\"395\" srcset=\"https:\/\/loscordonesquemeatocadadia.com\/es\/wp-content\/uploads\/2018\/11\/5cf755d1_original-300x225.jpg 300w, https:\/\/loscordonesquemeatocadadia.com\/es\/wp-content\/uploads\/2018\/11\/5cf755d1_original-768x576.jpg 768w, https:\/\/loscordonesquemeatocadadia.com\/es\/wp-content\/uploads\/2018\/11\/5cf755d1_original-1024x768.jpg 1024w, https:\/\/loscordonesquemeatocadadia.com\/es\/wp-content\/uploads\/2018\/11\/5cf755d1_original.jpg 1280w\" sizes=\"auto, (max-width: 527px) 100vw, 527px\" \/><\/p>\n<p style=\"text-align: center;\"><img loading=\"lazy\" decoding=\"async\" class=\"alignnone wp-image-5367\" src=\"http:\/\/loscordonesquemeatocadadia.com\/es\/wp-content\/uploads\/2018\/11\/a55ef994_original-300x225.jpg\" alt=\"\" width=\"439\" height=\"329\" srcset=\"https:\/\/loscordonesquemeatocadadia.com\/es\/wp-content\/uploads\/2018\/11\/a55ef994_original-300x225.jpg 300w, https:\/\/loscordonesquemeatocadadia.com\/es\/wp-content\/uploads\/2018\/11\/a55ef994_original-768x576.jpg 768w, https:\/\/loscordonesquemeatocadadia.com\/es\/wp-content\/uploads\/2018\/11\/a55ef994_original.jpg 911w\" sizes=\"auto, (max-width: 439px) 100vw, 439px\" \/><\/p>\n<p style=\"text-align: justify;\">Tambi\u00e9n fueron mecenas que subvencionaron instituciones de beneficencia o culturales, construyendo carreteras o mejorando las existentes, llevando las conducciones de agua y el\u00e9ctrica a los pueblos y aldeas, levantando hospitales, escuelas, iglesias, asilos\u2026<\/p>\n<p style=\"text-align: center;\"><img loading=\"lazy\" decoding=\"async\" class=\"alignnone wp-image-5357\" src=\"http:\/\/loscordonesquemeatocadadia.com\/es\/wp-content\/uploads\/2018\/11\/Palacio-de-Sobrellano-Cantabriarural-Comillas-300x142.jpg\" alt=\"\" width=\"537\" height=\"254\" srcset=\"https:\/\/loscordonesquemeatocadadia.com\/es\/wp-content\/uploads\/2018\/11\/Palacio-de-Sobrellano-Cantabriarural-Comillas-300x142.jpg 300w, https:\/\/loscordonesquemeatocadadia.com\/es\/wp-content\/uploads\/2018\/11\/Palacio-de-Sobrellano-Cantabriarural-Comillas.jpg 700w\" sizes=\"auto, (max-width: 537px) 100vw, 537px\" \/><\/p>\n<p style=\"text-align: center;\"><strong><em>Palacio de Sobrellano. Comillas.<\/em><\/strong><\/p>\n<p style=\"text-align: center;\"><img loading=\"lazy\" decoding=\"async\" class=\"alignnone wp-image-5358\" src=\"http:\/\/loscordonesquemeatocadadia.com\/es\/wp-content\/uploads\/2018\/11\/Uni-versidad-Comillas-300x96.jpg\" alt=\"\" width=\"488\" height=\"156\" srcset=\"https:\/\/loscordonesquemeatocadadia.com\/es\/wp-content\/uploads\/2018\/11\/Uni-versidad-Comillas-300x96.jpg 300w, https:\/\/loscordonesquemeatocadadia.com\/es\/wp-content\/uploads\/2018\/11\/Uni-versidad-Comillas.jpg 397w\" sizes=\"auto, (max-width: 488px) 100vw, 488px\" \/><\/p>\n<p style=\"text-align: center;\"><em><strong>Universidad de Comillas.<\/strong><\/em><\/p>\n<p style=\"text-align: justify;\">La limpieza del origen de algunas de estas fortunas fue cuestionada, sobre todo las de los que se enriquecieron con la trata de esclavos \u2013como por ejemplo Antomio L\u00f3pez y L\u00f3pez, ennoblecido con el t\u00edtulo de <em>marqu\u00e9s de Comillas<\/em>, amigo del rey Alfonso XII, que fue el hombre m\u00e1s rico de Espa\u00f1a y financi\u00f3 algunas de nuestras campa\u00f1as militares. Fue el constructor del palacio de <em>Sobrellano<\/em> -de estilo neog\u00f3tico\u00a0 con aires venecianos- en Comillas -Cantabria-, levantado para una visita de su Majestad, habiendo tambi\u00e9n financiado la construcci\u00f3n y puesta en marcha de la Universidad de Comillas y otras muchas obras importantes. Estos prohombres y pol\u00edticos de la metr\u00f3poli, en connivencia con los hacendados de ultramar -cuyo negocio m\u00e1s importante era la trata de esclavos- establecieron un\u00a0<strong>grupo de presi\u00f3n\u00a0<em>negrero<\/em><\/strong>\u00a0<i> <\/i>para tratar de impedir legislaciones abolicionistas. En el grupo pro-esclavista destacaron <strong>Antonio C\u00e1novas del Castillo<\/strong> -Presidente del Consejo de Ministros en 1875-, hermano de Jos\u00e9 C\u00e1novas del Castillo que se enriqueci\u00f3 en Cuba con la trata de esclavos \u00a0y\u00a0 <strong>Francisco Romero Robledo<\/strong> -Ministro de diferentes carteras entre 1872 y 1895-. La esclavitud fue definitivamente abolida en las colonias espa\u00f1olas a partir del 7 de octubre de 1886.<\/p>\n<p style=\"text-align: justify;\">Como puede verse, lo de la corrupci\u00f3n no es nuevo&#8230;<\/p>\n<p style=\"text-align: center;\"><strong><em>To be continued in part 3.<\/em><\/strong><\/p>\n","protected":false},"excerpt":{"rendered":"<p>Hacia Am\u00e9rica generalmente, viajaron hombres solos -a la llamada de amigos o parientes-,\u00a0 dejando en Espa\u00f1a a sus familias, con la promesa de amor eterno a sus mujeres e hijos, jurando enviar noticias -en el mayor n\u00famero de casos escritas y le\u00eddas por otros, ya que ni unos sab\u00edan escribir, ni las otras leer- y [&hellip;]<\/p>\n","protected":false},"author":2,"featured_media":5361,"comment_status":"open","ping_status":"closed","sticky":false,"template":"","format":"standard","meta":{"_mo_disable_npp":"","om_disable_all_campaigns":false,"_monsterinsights_skip_tracking":false,"_monsterinsights_sitenote_active":false,"_monsterinsights_sitenote_note":"","_monsterinsights_sitenote_category":0,"_uf_show_specific_survey":0,"_uf_disable_surveys":false,"footnotes":""},"categories":[22,94,8],"tags":[749,741,743,742,737,740,747,746,736,748,744,745],"class_list":["post-4596","post","type-post","status-publish","format-standard","has-post-thumbnail","hentry","category-historia","category-pensamiento","category-son-las-cosas-de-la-vida","tag-antonio-canovas-del-castillo","tag-argentina","tag-brasil","tag-cuba","tag-emigracion-espanola","tag-indianos","tag-marques-de-comillas","tag-mejico","tag-migracion","tag-romero-robledo","tag-uruguay","tag-venezuela"],"aioseo_notices":[],"post_mailing_queue_ids":[],"_links":{"self":[{"href":"https:\/\/loscordonesquemeatocadadia.com\/es\/wp-json\/wp\/v2\/posts\/4596","targetHints":{"allow":["GET"]}}],"collection":[{"href":"https:\/\/loscordonesquemeatocadadia.com\/es\/wp-json\/wp\/v2\/posts"}],"about":[{"href":"https:\/\/loscordonesquemeatocadadia.com\/es\/wp-json\/wp\/v2\/types\/post"}],"author":[{"embeddable":true,"href":"https:\/\/loscordonesquemeatocadadia.com\/es\/wp-json\/wp\/v2\/users\/2"}],"replies":[{"embeddable":true,"href":"https:\/\/loscordonesquemeatocadadia.com\/es\/wp-json\/wp\/v2\/comments?post=4596"}],"version-history":[{"count":17,"href":"https:\/\/loscordonesquemeatocadadia.com\/es\/wp-json\/wp\/v2\/posts\/4596\/revisions"}],"predecessor-version":[{"id":5813,"href":"https:\/\/loscordonesquemeatocadadia.com\/es\/wp-json\/wp\/v2\/posts\/4596\/revisions\/5813"}],"wp:featuredmedia":[{"embeddable":true,"href":"https:\/\/loscordonesquemeatocadadia.com\/es\/wp-json\/wp\/v2\/media\/5361"}],"wp:attachment":[{"href":"https:\/\/loscordonesquemeatocadadia.com\/es\/wp-json\/wp\/v2\/media?parent=4596"}],"wp:term":[{"taxonomy":"category","embeddable":true,"href":"https:\/\/loscordonesquemeatocadadia.com\/es\/wp-json\/wp\/v2\/categories?post=4596"},{"taxonomy":"post_tag","embeddable":true,"href":"https:\/\/loscordonesquemeatocadadia.com\/es\/wp-json\/wp\/v2\/tags?post=4596"}],"curies":[{"name":"wp","href":"https:\/\/api.w.org\/{rel}","templated":true}]}}