{"id":6254,"date":"2019-06-01T09:00:31","date_gmt":"2019-06-01T08:00:31","guid":{"rendered":"http:\/\/loscordonesquemeatocadadia.com\/es\/?p=6254"},"modified":"2019-06-04T21:09:02","modified_gmt":"2019-06-04T20:09:02","slug":"el-turnismo-parte-4","status":"publish","type":"post","link":"https:\/\/loscordonesquemeatocadadia.com\/es\/2019\/06\/01\/el-turnismo-parte-4\/","title":{"rendered":"El TURNISMO. Parte 4."},"content":{"rendered":"<audio class=\"wp-audio-shortcode\" id=\"audio-6254-1\" loop autoplay preload=\"auto\" style=\"width: 100%;\" controls=\"controls\"><source type=\"audio\/mpeg\" src=\"http:\/\/loscordonesquemeatocadadia.com\/es\/wp-content\/uploads\/2019\/04\/Musica-de-PIANO-Clasico-Romantico-Mejor-Instrumental-de-Relajacion-Relajarse-estudio-calma-lectura-4.mp3?_=1\" \/><a href=\"http:\/\/loscordonesquemeatocadadia.com\/es\/wp-content\/uploads\/2019\/04\/Musica-de-PIANO-Clasico-Romantico-Mejor-Instrumental-de-Relajacion-Relajarse-estudio-calma-lectura-4.mp3\">http:\/\/loscordonesquemeatocadadia.com\/es\/wp-content\/uploads\/2019\/04\/Musica-de-PIANO-Clasico-Romantico-Mejor-Instrumental-de-Relajacion-Relajarse-estudio-calma-lectura-4.mp3<\/a><\/audio>\n<p style=\"text-align: justify;\">Con apenas dos a\u00f1os en el trono, Alfonso XII, y siendo Presidente del Gobierno <strong>Antonio C\u00e1novas del Castillo<\/strong>, se aprob\u00f3 la Constituci\u00f3n de 1876, siendo sopesada y aceptada la posibilidad de gobernar en relevo pac\u00edfico los dos grandes partidos <em>din\u00e1sticos alfonsinos<\/em>. El <strong><em>turnismo, <\/em><\/strong>se bas\u00f3 en la creaci\u00f3n de dos grandes partidos, uno de pensamiento<strong> conservador<\/strong>, liderado por el propio<strong> C\u00e1novas<\/strong> &#8211;<strong><em>Partido Liberal-Conservador-<\/em><\/strong>, y otro de pensamiento <strong>liberal<\/strong>, heredero del r\u00e9gimen de libertades del <strong><em>sexenio democr\u00e1tico<\/em><\/strong>, presidido por el pol\u00edtico riojano <strong>Pr\u00e1xedes Mateo Sagasta<\/strong> y conocido como <strong><em>Partido Liberal-Fusionista<\/em><\/strong>. Estos \u00a0dos partidos podr\u00edan agrupar al m\u00e1ximo n\u00famero posible de grupos y facciones, con el \u00fanico requisito de aceptar la <strong><em>monarqu\u00eda alfonsina <\/em><\/strong>-no la borb\u00f3nica-; por este motivo, se les conoc\u00eda como partidos din\u00e1sticos que no mon\u00e1rquicos, ya que el infante Carlos no hab\u00eda renunciado a sus aspiraciones, sino amenazado con un <strong><em>\u201cvolver\u00e9\u201d.<\/em><\/strong><!--more--><\/p>\n<p style=\"text-align: center;\"><img loading=\"lazy\" decoding=\"async\" class=\"alignnone wp-image-6346\" src=\"http:\/\/loscordonesquemeatocadadia.com\/es\/wp-content\/uploads\/2019\/04\/255px-C\u00e1novas_Madrazo-249x300.jpg\" alt=\"\" width=\"337\" height=\"404\" srcset=\"https:\/\/loscordonesquemeatocadadia.com\/es\/wp-content\/uploads\/2019\/04\/255px-C\u00e1novas_Madrazo-249x300.jpg 249w, https:\/\/loscordonesquemeatocadadia.com\/es\/wp-content\/uploads\/2019\/04\/255px-C\u00e1novas_Madrazo.jpg 255w\" sizes=\"auto, (max-width: 337px) 100vw, 337px\" \/><\/p>\n<p style=\"text-align: center;\"><strong><em>Antonio C\u00e1novas del Castillo pintado por Ricardo del Madrazo. 1896. 63 x 54 cm. \u00d3leo sobre lienzo. Palacio del\u00a0 Senado. Madrid.<\/em><\/strong><\/p>\n<p style=\"text-align: justify;\">En 1881 se comenz\u00f3\u00a0 a aplicar el sistema de <strong><em>turnos pac\u00edficos,<\/em><\/strong> por el que podr\u00eda ponerse fin a la inestabilidad pol\u00edtica que arrastraba el pa\u00eds desde hac\u00eda d\u00e9cadas, y para intentar evitar la posible perturbaci\u00f3n pol\u00edtica que pudiera generarse a la muerte de Alfonso XII. Dicha estrategia se afianz\u00f3 en 1885, con el Pacto del Pardo, el 24 de noviembre de 1885, firmado al comienzo de la regencia de Mar\u00eda Cristina de Habsburgo, instituyendo\u00a0 el sistema de turnos pac\u00edficos en el ejercicio del poder entre liberales y conservadores, que consolid\u00f3 la<em> Restauraci\u00f3n <\/em>de la monarqu\u00eda: <em>\u201cCristinita, de Sagasta a C\u00e1novas y de C\u00e1novas a Sagasta\u2026\u201d<\/em> recomend\u00f3 Alfonso XII a su segunda mujer en el lecho antes de morir.<\/p>\n<p style=\"text-align: center;\"><img loading=\"lazy\" decoding=\"async\" class=\"alignnone wp-image-6348\" src=\"http:\/\/loscordonesquemeatocadadia.com\/es\/wp-content\/uploads\/2019\/04\/635px-Pr\u00e1xedes_Mateo_Sagasta._Pintado_por_Casado_del_Alisal_en_1884-212x300.jpg\" alt=\"\" width=\"334\" height=\"473\" srcset=\"https:\/\/loscordonesquemeatocadadia.com\/es\/wp-content\/uploads\/2019\/04\/635px-Pr\u00e1xedes_Mateo_Sagasta._Pintado_por_Casado_del_Alisal_en_1884-212x300.jpg 212w, https:\/\/loscordonesquemeatocadadia.com\/es\/wp-content\/uploads\/2019\/04\/635px-Pr\u00e1xedes_Mateo_Sagasta._Pintado_por_Casado_del_Alisal_en_1884.jpg 635w\" sizes=\"auto, (max-width: 334px) 100vw, 334px\" \/><\/p>\n<p style=\"text-align: center;\"><strong><em>Pr\u00e1xedes Mateo Sagasta pintado por Jos\u00e9 Casado de Alisal. 1884. 131 x 95. \u00d3leo sobre lienzo. Palacio de las Cortes. Madrid.<\/em><\/strong><\/p>\n<p>Muri\u00f3 Alfonso XII de tuberculosis con 27 a\u00f1os, dejando tres hijos leg\u00edtimos de su segundo matrimonio con Mar\u00eda Cristina Habsburgo-Lorena, Mar\u00eda de las Mercedes, Mar\u00eda Teresa y el p\u00f3stumo Alfonso, que heredar\u00eda la corona con el ordinal XIII, siendo su madre regente desde 1885 hasta 1902.<\/p>\n<p style=\"text-align: justify;\">El sistema de <strong><em>turnos<\/em><\/strong> se puso en marcha cuando el l\u00edder del <strong><em>Partido Liberal-Fusionista<\/em><\/strong>, Pr\u00e1xedes Mateo Sagasta, exigi\u00f3 al rey en 1881, que llamase a gobernar a su partido. A partir de ah\u00ed, cuando el partido del gobierno estaba desgastado, el de la oposici\u00f3n ped\u00eda al rey el relevo. \u00c9ste, llamaba a gobernar al partido que no lo estaba haciendo de entre los dos<em> din\u00e1sticos alfonsinos<\/em> del sistema &#8211;<strong><em>conservadores y liberales<\/em><\/strong>-, procediendo a disolver las Cortes y convocar elecciones manipuladas &#8211;<strong><em>pucherazo<\/em><\/strong>-con conocimiento del adversario, para que obtuviera mayor\u00eda el partido que deb\u00eda gobernar desde ese momento, ya que al ser el r\u00e9gimen de la <em>Restauraci\u00f3n<\/em> un sistema parlamentario, era necesario \u00a0que el nuevo gobierno contara con el respaldo de las Cortes y la mayor\u00eda de diputados.<\/p>\n<p style=\"text-align: justify;\">Todos los <strong><em>turnos<\/em><\/strong> se desarrollaron con normalidad y equilibrio en tiempo y forma, excepto el \u201c<em>Gobierno largo de Sagasta<\/em>\u201d (1886-1890).<\/p>\n<p style=\"text-align: justify;\">En 1897 <strong>fue asesinado Antonio C\u00e1novas del Castillo<sup>2\u00ba Presidente asesinado<\/sup><\/strong>, el perge\u00f1ador del sistema turnista, en Mondrag\u00f3n, por un anarquista italiano, Michelle Angiolillo.<\/p>\n<p style=\"text-align: justify;\">Fuera del sistema de turnos, quedaban los partidos antidin\u00e1sticos: por la extrema derecha, estaban los Carlistas o Tradicionalistas, fieles al pretendiente Carlos VII, y por la izquierda, la oposici\u00f3n republicana, el anarquismo y el socialismo.<\/p>\n<p style=\"text-align: justify;\">En Espa\u00f1a, durante la Regencia de Mar\u00eda Cristina, en 1898, \u00a0gobernando el Partido Liberal de Pr\u00e1xedes Mateo Sagasta, se perdieron las posesiones que le quedaban a Espa\u00f1a en Cuba, Puerto Rico, Filipinas y varios archipi\u00e9lagos de Micronesia, posesiones considerables, pero dispersas y a enorme distancia de la metr\u00f3poli, de\u00a0 muy dif\u00edcil y costosa defensa y control, que hubo que malvender a los americanos, o se hubieran perdido sin malvender.<\/p>\n<p style=\"text-align: justify;\">Tambi\u00e9n durante la regencia de Mar\u00eda Cristina, se produjo la victoria de las armas liberales sobre los carlistas, en el alzamiento armado originado por \u00e9stos en Badalona en 1900 \u2013<em>de nuevo los catalanes<\/em>-, que aun habiendo sido derrotados en Montejurra hac\u00eda 14 a\u00f1os en la tercera y \u00faltima guerra, intentaron que este levantamiento se trasladara a otras localidades de Espa\u00f1a, aunque el intento de rebeli\u00f3n fracas\u00f3 r\u00e1pidamente.<\/p>\n<p style=\"text-align: justify;\"><strong>El 26 de febrero de 1901 se declar\u00f3 el \u00a0<\/strong>Estado de guerra en algunas provincias ante la violenta agitaci\u00f3n obrera, mientras continuaba el turnismo, con la ausencia de C\u00e1novas \u2013asesinado-, sustituido por Marcelo Azc\u00e1rraga en el partido liberal-conservador.<\/p>\n<p style=\"text-align: justify;\"><strong>En mayo de 1902 se proclam\u00f3 la mayor\u00eda de edad de Alfonso XIII<\/strong>, d\u00e1ndose por terminada la Regencia de su madre Mar\u00eda Cristina de Habsburgo-Lorena, inici\u00e1ndose el reinado del joven Alfonso, que 29 a\u00f1os m\u00e1s tarde terminar\u00eda con la proclamaci\u00f3n de la Segunda Rep\u00fablica, en 1931. En este primer tercio de siglo XX, se fue produciendo <strong><em>in crescendo<\/em><\/strong> una crisis de la monarqu\u00eda parlamentaria, consecuencia del fracaso en los intentos de renovaci\u00f3n de los dos grandes partidos din\u00e1sticos, el Conservador (originariamente liberal-conservador) y el Liberal (originariamente liberal-fusionista), en que se apoy\u00f3 el sistema turnista de C\u00e1novas.<\/p>\n<p style=\"text-align: center;\"><img loading=\"lazy\" decoding=\"async\" class=\"alignnone wp-image-6349\" src=\"http:\/\/loscordonesquemeatocadadia.com\/es\/wp-content\/uploads\/2019\/04\/Alfonso_XIII_y_Mar\u00eda_Cristina_Regente._1898._Luis_Alvarez_Catal\u00e1-1-194x300.jpg\" alt=\"\" width=\"349\" height=\"542\" \/><\/p>\n<p style=\"text-align: center;\"><em><strong>Alfonso XIII y la reina Mar\u00eda Cristina. Lu\u00eds \u00c1lvarez\u00a0 Catal\u00e1. 230 x 142 cm.\u00a0 Palacio del Senado. Madrid.<\/strong><\/em><\/p>\n<p style=\"text-align: justify;\">Se iban produciendo acontecimientos sociales graves, como consecuencia de la <em>acci\u00f3n pol\u00edtica<\/em> al margen de la sociedad real: el mismo a\u00f1o de la <em>proclamaci\u00f3n<\/em> del joven rey, <strong>se produjo una gran huelga general en Barcelona,<\/strong>\u00a0siguiendo las directrices del Comit\u00e9 anarquista de Londres, la primera en su clase en Europa, siendo proclamado el estado de guerra.<\/p>\n<p style=\"text-align: justify;\">En <strong>1903<\/strong>, Alfonso XIII, encarg\u00f3 la formaci\u00f3n de gobierno al conservador Maura, que tras enfrentarse al rey en diciembre\u00a0de\u00a01904, fue sustituido por Raimundo Fern\u00e1ndez Villaverde, del partido conservador de entonces e integrado en la facci\u00f3n <strong>disidente<\/strong> del mismo, encabezada por Francisco Silvela.<\/p>\n<p style=\"text-align: justify;\">El 23 de junio de 1905 cay\u00f3 el gobierno conservador de Fern\u00e1ndez Villaverde, resultando elegido Presidente\u00a0 el liberal Eugenio Montero. \u00c9ste, viendo la imposibilidad de gobernar, solicit\u00f3 al rey la convocatoria de elecciones generales dos meses y medio despu\u00e9s; el 10 de septiembre de 1905, el Congreso reeligi\u00f3 a Eugenio Montero R\u00edos, que dimiti\u00f3 a los pocos meses, por el <a href=\"https:\/\/es.wikipedia.org\/wiki\/%C2%A1Cu-Cut!\">esc\u00e1ndalo de la revista catalana Cu-Cut<\/a>.<\/p>\n<p style=\"text-align: justify;\">El 31 de mayo de 1906, marchando la comitiva nupcial de Alfonso XIII y Victoria Eugenia de Battemberg, <strong>el<\/strong> anarquista Mateo Morral lanz\u00f3 una bomba en las inmediaciones del cortejo real.<\/p>\n<p style=\"text-align: center;\"><img loading=\"lazy\" decoding=\"async\" class=\"alignnone wp-image-6347\" src=\"http:\/\/loscordonesquemeatocadadia.com\/es\/wp-content\/uploads\/2019\/04\/525px-Anarchist_attack_on_the_King_of_Spain_Alfonso_XIII_1906-300x236.jpg\" alt=\"\" width=\"550\" height=\"433\" srcset=\"https:\/\/loscordonesquemeatocadadia.com\/es\/wp-content\/uploads\/2019\/04\/525px-Anarchist_attack_on_the_King_of_Spain_Alfonso_XIII_1906-300x236.jpg 300w, https:\/\/loscordonesquemeatocadadia.com\/es\/wp-content\/uploads\/2019\/04\/525px-Anarchist_attack_on_the_King_of_Spain_Alfonso_XIII_1906.jpg 525w\" sizes=\"auto, (max-width: 550px) 100vw, 550px\" \/><\/p>\n<p style=\"text-align: center;\"><img loading=\"lazy\" decoding=\"async\" class=\"alignnone size-medium wp-image-6342\" src=\"http:\/\/loscordonesquemeatocadadia.com\/es\/wp-content\/uploads\/2019\/04\/Mateo_morral_1906-211x300.jpg\" alt=\"\" width=\"211\" height=\"300\" srcset=\"https:\/\/loscordonesquemeatocadadia.com\/es\/wp-content\/uploads\/2019\/04\/Mateo_morral_1906-211x300.jpg 211w, https:\/\/loscordonesquemeatocadadia.com\/es\/wp-content\/uploads\/2019\/04\/Mateo_morral_1906.jpg 440w\" sizes=\"auto, (max-width: 211px) 100vw, 211px\" \/><\/p>\n<p style=\"text-align: center;\"><em><strong>Mateo Morral.<\/strong><\/em><\/p>\n<p style=\"text-align: justify;\">En\u00a0<strong>1907<\/strong>\u00a0Maura volvi\u00f3 a la presidencia del gobierno llevando a cabo una intensa acci\u00f3n legislativa, en la que destacaron la <strong>ley electoral<\/strong>, la ley de huelga, la reforma de la administraci\u00f3n local y la modernizaci\u00f3n de la Marina de Guerra, creando el 18 de febrero de 1908 el Instituto <strong>Nacional de Previsi\u00f3n<\/strong>, origen de la futura <strong>\u00a0Seguridad Social<\/strong>.<\/p>\n<p style=\"text-align: justify;\"><strong>Tras una manifestaci\u00f3n multitudinaria en Madrid el 28 <\/strong>de<strong>\u00a0marzo de 1908 <\/strong>contra el Gobierno de Maura<strong>, <\/strong>obtuvieron un se\u00f1alado triunfo los republicanos en las principales ciudades de Espa\u00f1a en las elecciones municipales del <strong>2\u00a0<\/strong>de<strong> mayo<\/strong> (primeras elecciones municipales que se celebraron con arreglo a la Ley Electoral aprobada durante el gobierno de Antonio Maura, que hac\u00eda del voto acto obligatorio).<\/p>\n<p style=\"text-align: justify;\">En\u00a026 de <strong>julio de 1909<\/strong>\u00a0se inici\u00f3 en Barcelona, lo que la historia ha denominado <a href=\"https:\/\/www.elmundo.es\/elmundo\/2009\/07\/26\/barcelona\/1248604054.html\"><strong><em>Semana Tr\u00e1gica<\/em><\/strong><\/a>,<strong>\u00a0<\/strong>que acab\u00f3 con\u00a0<strong>la vida de 104 civiles, tres religiosos y media docena de militares y polic\u00edas, m\u00e1s de 1.700 procesados y 17 condenados a muerte. Fueron ejecutadas cinco personas,\u00a0<\/strong>entre ellas Francesc Ferrer i Gu\u00e0rdia, considerado el responsable de la revuelta. Su muerte, desencaden\u00f3 una importante campa\u00f1a de condenas internacionales que acabar\u00eda con el gobierno de Antonio Maura.<\/p>\n<p style=\"text-align: center;\"><img loading=\"lazy\" decoding=\"async\" class=\"alignnone wp-image-6351\" src=\"http:\/\/loscordonesquemeatocadadia.com\/es\/wp-content\/uploads\/2019\/04\/semana-tragica-300x156.jpg\" alt=\"\" width=\"565\" height=\"294\" srcset=\"https:\/\/loscordonesquemeatocadadia.com\/es\/wp-content\/uploads\/2019\/04\/semana-tragica-300x156.jpg 300w, https:\/\/loscordonesquemeatocadadia.com\/es\/wp-content\/uploads\/2019\/04\/semana-tragica.jpg 312w\" sizes=\"auto, (max-width: 565px) 100vw, 565px\" \/><\/p>\n<p style=\"text-align: center;\"><strong><em>Semana Tr\u00e1gica de Barcelona.<\/em><\/strong><\/p>\n<p style=\"text-align: justify;\">Jos\u00e9 Canalejas, jefe del partido liberal, fue nombrado jefe de gobierno, tras la Semana Tr\u00e1gica de Barcelona y la ca\u00edda de Antonio Maura. Plante\u00f3 en las Cortes la cuesti\u00f3n religiosa, en la llamada <a href=\"https:\/\/confilegal.com\/20180903-en-que-consistia-la-famosa-ley-del-candado-que-impulso-el-asesinado-presidente-del-gobierno-canalejas\/\"><strong><em>Ley del Candado <\/em><\/strong><\/a>-1910- que marcaba de manera precisa las \u00e1reas de influencia de la Iglesia y el Estado.<\/p>\n<p style=\"text-align: justify;\"><strong>En septiembre\u00a0<\/strong>de<strong>\u00a01911 se produjeron <\/strong>huelgas generalizadas en toda Espa\u00f1a, transform\u00e1ndose La Federaci\u00f3n Regional del Trabajo en <strong><em>La Confederaci\u00f3n Nacional del Trabajo<\/em><\/strong> (<strong>CNT<\/strong>), de tendencia anarquista.<\/p>\n<p style=\"text-align: justify;\">La uni\u00f3n de los partidos din\u00e1sticos se rompi\u00f3 entre 1909 y 1913; la campa\u00f1a llevada a cabo por el liberal Segismundo Moret contra el conservador Antonio Maura, ayud\u00e1ndose de la prensa y los republicanos del \u201cBloque de las izquierdas\u201d, para excluir de la vida pol\u00edtica al Partido Conservador, creando un cord\u00f3n sanitario\u00a0 a su alrededor <em>-la cosa no es\u00a0 nueva de ahora-<\/em>, oponi\u00e9ndose a esta t\u00e1ctica de exclusi\u00f3n\u00a0 el l\u00edder liberal <strong><em>Jos\u00e9 Canalejas<\/em><\/strong><em>,<\/em> que quiso formar un gobierno de conciliaci\u00f3n liberal para reconstruir la convivencia\u00a0 y los gobiernos alternativos entre din\u00e1sticos, pero <strong><em>su asesinato<\/em><sup>3er Presidente asesinado<\/sup><\/strong> en 1912, dej\u00f3 su deseo sin realizar.<\/p>\n<p style=\"text-align: justify;\">La autodestrucci\u00f3n del Partido Conservador por ausencia de un l\u00edder reconocido por todos, y la divisi\u00f3n del Liberal por su acercamiento a alguna de las facciones de la izquierda radical, pusieron fin a la convivencia pac\u00edfica de alternancia de partidos din\u00e1sticos, dinamitando el R\u00e9gimen de la <strong><em>Restauraci\u00f3n.<\/em><\/strong><\/p>\n<p style=\"text-align: justify;\"><strong>Antonio Maura<\/strong> -conservador- pens\u00f3 hacerse con el poder, poni\u00e9ndole encima de la mesa a Alfonso XIII un ultim\u00e1tum en diciembre de 1912: o surg\u00eda un Partido Liberal serio y con un l\u00edder indiscutible predispuesto a la alternancia constitucional con el Conservador liderado por \u00e9l, o ser\u00eda necesario otro estilo de Partido Conservador que pudiera disputar el poder a uno Liberal que cada vez se acercaba m\u00e1s a la izquierda. Alfonso XIII y algunos conservadores orillaron\u00a0 a Antonio Maura -que siendo Ministro de la Gobernaci\u00f3n, tambi\u00e9n hab\u00eda defendido <em>sotto vocce<\/em> la incongruencia de la <em>prerrogativa regia<\/em> y el falseamiento de las elecciones-, encargando el rey la formaci\u00f3n de gobierno, primero al liberal conde de Romanones \u2013que dimiti\u00f3 el 27 de octubre de 1913-, y tras \u00e9l, a otro brillante conservador, <strong>Eduardo Dato: <\/strong>la ruptura del Partido Conservador estaba servida.<\/p>\n<p style=\"text-align: justify;\"><strong>Dato<\/strong> era un tecn\u00f3crata, que cre\u00eda que la tendencia que exalta la plenitud del poder del Estado en todos los \u00f3rdenes &#8211;<strong><em>estatismo<\/em><\/strong>&#8211; resolver\u00eda la cuesti\u00f3n social, debido a la <strong><em>prerrogativa regia <\/em><\/strong>-decidir qui\u00e9n deb\u00eda gobernar-, y en qu\u00e9 el <strong><em>di\u00e1logo<\/em><\/strong> con los catalanistas aplacar\u00eda su independentismo (<em>siempre la misma historia<\/em>). Frente a \u00e9l se revolvi\u00f3 <strong><em>Maura<\/em><\/strong>, hombre con rasgos autoritarios y ya manifiestamente contrario al sistema de turnos. Dato y S\u00e1nchez Guerra intentaron restablecer la unidad conservadora, pero no tuvieron \u00e9xito. La imagen de los conservadores era ya la de un partido autodestruido, dividido por concepciones distintas de la sociedad y de la forma de gobernarla.<\/p>\n<p style=\"text-align: justify;\"><strong>El 5\u00a0<\/strong>de<strong>\u00a0agosto\u00a0<\/strong>de<strong>1914.\u00a0<\/strong>El gobierno de Dato declar\u00f3 a Espa\u00f1a neutral en la Primera Guerra, frente a las reticencias de Romanones y Maura.<\/p>\n<p style=\"text-align: justify;\">La crisis de 1917 tambi\u00e9n dividi\u00f3 al Partido Liberal en relaci\u00f3n al turno bipartidista: los favorables, liderados por Garc\u00eda Prieto y Santiago Alba, y los contrarios, fieles al conde de Romanones. As\u00ed, el Partido Liberal, se convirti\u00f3 en un grupo de bandas alrededor de personalidades. De esta manera, a los gobiernos <strong><em>del turno, <\/em><\/strong>siguieron gabinetes de coalici\u00f3n, d\u00e9biles y breves.<\/p>\n<p style=\"text-align: justify;\">Los a\u00f1os siguientes se produjeron nuevas alternancias de poder entre Romanones y Dato, con frecuentes huelgas y crisis institucionales &#8211;<a href=\"https:\/\/es.wikipedia.org\/wiki\/Juntas_de_Defensa\"><strong>Juntas Militares de Defensa<\/strong><\/a>-, produci\u00e9ndose una oleada de emigraci\u00f3n hacia Francia al terminar la guerra mundial en 1918, por la grave crisis agraria, que se prolong\u00f3 hasta 1929, a\u00f1o de la gran crisis econ\u00f3mica mundial.<\/p>\n<p style=\"text-align: center;\"><strong><em>To be continued in part 5.<\/em><\/strong><\/p>\n","protected":false},"excerpt":{"rendered":"<p>Con apenas dos a\u00f1os en el trono, Alfonso XII, y siendo Presidente del Gobierno Antonio C\u00e1novas del Castillo, se aprob\u00f3 la Constituci\u00f3n de 1876, siendo sopesada y aceptada la posibilidad de gobernar en relevo pac\u00edfico los dos grandes partidos din\u00e1sticos alfonsinos. El turnismo, se bas\u00f3 en la creaci\u00f3n de dos grandes partidos, uno de pensamiento [&hellip;]<\/p>\n","protected":false},"author":2,"featured_media":6345,"comment_status":"open","ping_status":"closed","sticky":false,"template":"","format":"standard","meta":{"_mo_disable_npp":"","om_disable_all_campaigns":false,"_monsterinsights_skip_tracking":false,"_monsterinsights_sitenote_active":false,"_monsterinsights_sitenote_note":"","_monsterinsights_sitenote_category":0,"_uf_show_specific_survey":0,"_uf_disable_surveys":false,"footnotes":""},"categories":[1],"tags":[1015,749,1018,1019,1017,1014,1016,1013],"class_list":["post-6254","post","type-post","status-publish","format-standard","has-post-thumbnail","hentry","category-la-emocion-del-arte","tag-alfonso-xiii","tag-antonio-canovas-del-castillo","tag-antonio-maura","tag-eduardo-dato","tag-jose-canalejas","tag-praxedes-mateo-sagasta","tag-semana-tragica-de-barcelona","tag-turnismo"],"aioseo_notices":[],"post_mailing_queue_ids":[],"_links":{"self":[{"href":"https:\/\/loscordonesquemeatocadadia.com\/es\/wp-json\/wp\/v2\/posts\/6254","targetHints":{"allow":["GET"]}}],"collection":[{"href":"https:\/\/loscordonesquemeatocadadia.com\/es\/wp-json\/wp\/v2\/posts"}],"about":[{"href":"https:\/\/loscordonesquemeatocadadia.com\/es\/wp-json\/wp\/v2\/types\/post"}],"author":[{"embeddable":true,"href":"https:\/\/loscordonesquemeatocadadia.com\/es\/wp-json\/wp\/v2\/users\/2"}],"replies":[{"embeddable":true,"href":"https:\/\/loscordonesquemeatocadadia.com\/es\/wp-json\/wp\/v2\/comments?post=6254"}],"version-history":[{"count":10,"href":"https:\/\/loscordonesquemeatocadadia.com\/es\/wp-json\/wp\/v2\/posts\/6254\/revisions"}],"predecessor-version":[{"id":6590,"href":"https:\/\/loscordonesquemeatocadadia.com\/es\/wp-json\/wp\/v2\/posts\/6254\/revisions\/6590"}],"wp:featuredmedia":[{"embeddable":true,"href":"https:\/\/loscordonesquemeatocadadia.com\/es\/wp-json\/wp\/v2\/media\/6345"}],"wp:attachment":[{"href":"https:\/\/loscordonesquemeatocadadia.com\/es\/wp-json\/wp\/v2\/media?parent=6254"}],"wp:term":[{"taxonomy":"category","embeddable":true,"href":"https:\/\/loscordonesquemeatocadadia.com\/es\/wp-json\/wp\/v2\/categories?post=6254"},{"taxonomy":"post_tag","embeddable":true,"href":"https:\/\/loscordonesquemeatocadadia.com\/es\/wp-json\/wp\/v2\/tags?post=6254"}],"curies":[{"name":"wp","href":"https:\/\/api.w.org\/{rel}","templated":true}]}}