{"id":6257,"date":"2019-06-08T09:00:22","date_gmt":"2019-06-08T08:00:22","guid":{"rendered":"http:\/\/loscordonesquemeatocadadia.com\/es\/?p=6257"},"modified":"2020-05-09T17:16:08","modified_gmt":"2020-05-09T16:16:08","slug":"dictaduras-fin-de-la-restauracion-y-proclamacion-de-la-ii-republica-bienio-reformista-parte-5","status":"publish","type":"post","link":"https:\/\/loscordonesquemeatocadadia.com\/es\/2019\/06\/08\/dictaduras-fin-de-la-restauracion-y-proclamacion-de-la-ii-republica-bienio-reformista-parte-5\/","title":{"rendered":"Dictaduras, fin de la Restauraci\u00f3n y proclamaci\u00f3n de la II Rep\u00fablica: Bienio Reformista. Parte 5."},"content":{"rendered":"<audio class=\"wp-audio-shortcode\" id=\"audio-6257-1\" loop autoplay preload=\"auto\" style=\"width: 100%;\" controls=\"controls\"><source type=\"audio\/mpeg\" src=\"http:\/\/loscordonesquemeatocadadia.com\/es\/wp-content\/uploads\/2019\/04\/Musica-de-PIANO-Clasico-Romantico-Mejor-Instrumental-de-Relajacion-Relajarse-estudio-calma-lectura-5.mp3?_=1\" \/><a href=\"http:\/\/loscordonesquemeatocadadia.com\/es\/wp-content\/uploads\/2019\/04\/Musica-de-PIANO-Clasico-Romantico-Mejor-Instrumental-de-Relajacion-Relajarse-estudio-calma-lectura-5.mp3\">http:\/\/loscordonesquemeatocadadia.com\/es\/wp-content\/uploads\/2019\/04\/Musica-de-PIANO-Clasico-Romantico-Mejor-Instrumental-de-Relajacion-Relajarse-estudio-calma-lectura-5.mp3<\/a><\/audio>\n<p style=\"text-align: justify;\"><strong>El<em> 15 de abril de 1920<\/em>, en la Casa del Pueblo en Madrid, una escisi\u00f3n del PSOE, por influencia de la Revoluci\u00f3n Rusa, fund\u00f3 el <em>Partido Comunista Espa\u00f1ol.<\/em><\/strong><!--more--><\/p>\n<p style=\"text-align: justify;\"><strong>El 8 de marzo de 1921 fue asesinado en Madrid, el Presidente del Gobierno Eduardo Dato<sup>4\u00ba Presidente asesinado<\/sup>, por tres asesinos<\/strong> pistoleros contratados en Barcelona, <strong>Mat\u00e9u, Nicol\u00e1u y Casanellas<\/strong>, que no eran los anarquistas que la historia nos ha querido colocar, sino revolucionarios catalanes de alquiler, y pistoleros profesionales, que ven\u00edan del mercado de\u00a0 criminales en el que se convirti\u00f3 Barcelona entre 1918 y 1921; cuatro meses m\u00e1s tarde, el <strong>22<\/strong>\u00a0de\u00a0<strong>julio<\/strong>\u00a0de\u00a0<strong>1921,<\/strong> se produjo el <a href=\"https:\/\/www.despertaferro-ediciones.com\/revistas\/numero\/30-desastre-de-annual\/\"><em><strong>Desastre de Annual<\/strong><\/em><\/a>.<\/p>\n<p style=\"text-align: center;\"><img loading=\"lazy\" decoding=\"async\" class=\"alignnone size-medium wp-image-6366\" src=\"http:\/\/loscordonesquemeatocadadia.com\/es\/wp-content\/uploads\/2019\/04\/dessatre-dae-anual-300x168.jpg\" alt=\"\" width=\"300\" height=\"168\" srcset=\"https:\/\/loscordonesquemeatocadadia.com\/es\/wp-content\/uploads\/2019\/04\/dessatre-dae-anual-300x168.jpg 300w, https:\/\/loscordonesquemeatocadadia.com\/es\/wp-content\/uploads\/2019\/04\/dessatre-dae-anual.jpg 660w\" sizes=\"auto, (max-width: 300px) 100vw, 300px\" \/><img loading=\"lazy\" decoding=\"async\" class=\"alignnone size-medium wp-image-6365\" src=\"http:\/\/loscordonesquemeatocadadia.com\/es\/wp-content\/uploads\/2019\/04\/desastre-2-300x181.jpeg\" alt=\"\" width=\"300\" height=\"181\" srcset=\"https:\/\/loscordonesquemeatocadadia.com\/es\/wp-content\/uploads\/2019\/04\/desastre-2-300x181.jpeg 300w, https:\/\/loscordonesquemeatocadadia.com\/es\/wp-content\/uploads\/2019\/04\/desastre-2-768x463.jpeg 768w, https:\/\/loscordonesquemeatocadadia.com\/es\/wp-content\/uploads\/2019\/04\/desastre-2-1024x617.jpeg 1024w, https:\/\/loscordonesquemeatocadadia.com\/es\/wp-content\/uploads\/2019\/04\/desastre-2.jpeg 1448w\" sizes=\"auto, (max-width: 300px) 100vw, 300px\" \/><\/p>\n<p style=\"text-align: center;\"><em><strong>Annual.<\/strong><\/em><\/p>\n<p style=\"text-align: justify;\">La lucha por el poder se radicaliz\u00f3. Los liberales hicieron en 1922 una campa\u00f1a electoral muy dura para derribar al gobierno<strong> conservador<\/strong>, considerando absolutamente necesaria la reforma de la Constituci\u00f3n y la puesta en marcha de un amplio programa social. El rey ces\u00f3 al gobierno, y llam\u00f3 al liberal\u00a0 Garc\u00eda Prieto, que form\u00f3 uno, compuesto por personas de la familia <strong>liberal <\/strong>y de los<strong> republicanos reformistas<\/strong>. Pero el sistema estaba acabado, ya que era imposible seguir con un R\u00e9gimen basado en la <strong>prerrogativa regia <\/strong>y en <strong>el turno bipartidista<\/strong> con un solo partido; el fin del bipartidismo provoc\u00f3 la crisis de la <strong><em>Restauraci\u00f3n.<\/em><\/strong><\/p>\n<p style=\"text-align: justify;\">La <strong><em>Restauraci\u00f3n<\/em> <\/strong>hab\u00eda llevado consigo una profunda centralizaci\u00f3n administrativa y legal. Al desaparecer, <strong><em>saltaron los agazapados nacionalismos perif\u00e9ricos<\/em><\/strong>: los catalanes con su revoluci\u00f3n burguesa y su identidad cultural, y los vascos, que deseaban dibujar un futuro m\u00e1s confortable tras la p\u00e9rdida de los Fueros en la \u00faltima guerra carlista<em>, <\/em>apareciendo los partidos nacionalistas: el <strong>Partido Nacionalista Vasco<\/strong> (PNV), la <strong>Liga de Catalu\u00f1a<\/strong> y la <strong>Uni\u00f3n Catalanista<\/strong>.<\/p>\n<p style=\"text-align: justify;\">Los movimientos obreros se acercaron al <strong>Partido Socialista Obrero Espa\u00f1ol<\/strong> (PSOE) fundado en 1879, con el objetivo de lograr una participaci\u00f3n electoral democr\u00e1tica aut\u00e9ntica. B\u00e1sicamente estos movimientos fueron la <strong>Uni\u00f3n General de Trabajadores<\/strong> (UGT) \u2013sindicato socialista-, fundado en 1888, los anarquistas de la <strong>Federaci\u00f3n de Trabajadores de la Regi\u00f3n Espa\u00f1ola<\/strong> (FTRE) y los anarcosindicalistas de la <strong>Uni\u00f3n General de Trabajadores<\/strong> (CNT), fundada en 1910.<\/p>\n<p style=\"text-align: justify;\">La monarqu\u00eda reaccion\u00f3 ante estos movimientos sociales con una fuerte represi\u00f3n, en especial contra el anarquismo, con episodios especialmente numerosos y graves en Catalu\u00f1a.<\/p>\n<p style=\"text-align: justify;\">La Iglesia cat\u00f3lica, evolucion\u00f3 desde la inm\u00f3vil intransigencia inicial, hacia la conciliaci\u00f3n relativa; oblig\u00f3 al Estado a cumplir la Constituci\u00f3n \u2013como no-, cuyo art\u00edculo 11 proclamaba la confesionalidad cat\u00f3lica del Estado, reclamando as\u00ed mismo, su derecho al adoctrinamiento religioso en la ense\u00f1anza reconocido por el Concordato, con la supervisi\u00f3n y censura de los contenidos a impartir. Tampoco permiti\u00f3 la Iglesia, la regulaci\u00f3n del matrimonio civil, hasta que \u00a0el Vaticano reconoci\u00f3 al Estado la potestad de regular los efectos civiles del matrimonio.<\/p>\n<p style=\"text-align: justify;\">La sociedad se encontraba dividida <strong>en varias partes<\/strong> muy diferenciadas: la de <em><strong>los<\/strong> <strong>partidos tradicionalistas<\/strong><\/em>, mon\u00e1rquicos, fundados por C\u00e1novas y Sagasta, <strong><em>que viv\u00edan de espaldas a la Espa\u00f1a real<\/em><\/strong>, la de <strong><em>la nueva burgues\u00eda<\/em><\/strong>, la de los republicanos y nacionalistas, que buscaban su lugar en el espacio nacional, y <strong><em>la de los proletarios<\/em><\/strong>, arracimados alrededor del PSOE, sindicados en la UGT, el sindicato anarquista y la CNT.<\/p>\n<p style=\"text-align: center;\"><img loading=\"lazy\" decoding=\"async\" class=\"alignnone wp-image-6356\" src=\"http:\/\/loscordonesquemeatocadadia.com\/es\/wp-content\/uploads\/2019\/04\/img_dictadura_del_primo_de_rivera_resumen_2057_600-300x300.jpg\" alt=\"\" width=\"553\" height=\"553\" srcset=\"https:\/\/loscordonesquemeatocadadia.com\/es\/wp-content\/uploads\/2019\/04\/img_dictadura_del_primo_de_rivera_resumen_2057_600-300x300.jpg 300w, https:\/\/loscordonesquemeatocadadia.com\/es\/wp-content\/uploads\/2019\/04\/img_dictadura_del_primo_de_rivera_resumen_2057_600-150x150.jpg 150w, https:\/\/loscordonesquemeatocadadia.com\/es\/wp-content\/uploads\/2019\/04\/img_dictadura_del_primo_de_rivera_resumen_2057_600.jpg 359w\" sizes=\"auto, (max-width: 553px) 100vw, 553px\" \/><\/p>\n<p style=\"text-align: justify;\">A partir de 1923, se sucedieron acontecimientos importantes que al final desembocaron primero en la dictadura de Primo de Rivera, despu\u00e9s en una dictablanda del general Berenguer y por fin en la Segunda Rep\u00fablica: los militares estaban descontentos con la pol\u00edtica blandengue del Gobierno frente al Protectorado de Marruecos -al margen de lo que mal que se hab\u00eda hecho en Annual-, al que se le pagaron 4 millones de pesetas de las de entonces, por la liberaci\u00f3n de los trescientos y pico militares que llevaban 18 meses prisioneros desde <em>el Desastre<\/em>, el pistolerismo de las calles, el radicalismo de la clase obrera y la constituci\u00f3n en las Cortes de una comisi\u00f3n parlamentaria, en septiembre de 1923, para investigar lo sucedido en Annual, hicieron que el d\u00eda 13 de septiembre de 1923 el capit\u00e1n general de Catalu\u00f1a <strong>Miguel Primo de Rivera<\/strong>, <strong><em>se pronunciara<\/em><\/strong> en Barcelona, siendo inmediatamente reconocido por el rey \u2013que no atendi\u00f3 a los ruegos de los pol\u00edticos gubernamentales ni de los contrarios-, que le encomend\u00f3 la formaci\u00f3n de gobierno, dejando sin vigencia a continuaci\u00f3n la Constituci\u00f3n de 1876: comenzaba una <strong><em>DICTADURA,<\/em><\/strong> <strong>con rey<\/strong>, que durar\u00eda hasta el 28 de enero de 1930, dictadura sustentada por un partido pol\u00edtico \u00daNICO: la <a href=\"https:\/\/es.wikipedia.org\/wiki\/Uni%C3%B3n_Patri%C3%B3tica_(Espa%C3%B1a)\"><em><strong>Uni\u00f3n Patri\u00f3tica<\/strong><\/em>.<\/a><\/p>\n<p><img loading=\"lazy\" decoding=\"async\" class=\"alignnone wp-image-6363 aligncenter\" src=\"http:\/\/loscordonesquemeatocadadia.com\/es\/wp-content\/uploads\/2019\/04\/Bundesarchiv_Bild_102-09411_Primo_de_Rivera_und_der_K\u00f6nig_von_Spanien-200x300.jpg\" alt=\"\" width=\"298\" height=\"447\" srcset=\"https:\/\/loscordonesquemeatocadadia.com\/es\/wp-content\/uploads\/2019\/04\/Bundesarchiv_Bild_102-09411_Primo_de_Rivera_und_der_K\u00f6nig_von_Spanien-200x300.jpg 200w, https:\/\/loscordonesquemeatocadadia.com\/es\/wp-content\/uploads\/2019\/04\/Bundesarchiv_Bild_102-09411_Primo_de_Rivera_und_der_K\u00f6nig_von_Spanien.jpg 220w\" sizes=\"auto, (max-width: 298px) 100vw, 298px\" \/><\/p>\n<p style=\"text-align: center;\"><strong><em>Alfonso XIII y Miguel Primo de Rivera.<\/em><\/strong><\/p>\n<p style=\"text-align: center;\"><img loading=\"lazy\" decoding=\"async\" class=\"alignnone wp-image-6358\" src=\"http:\/\/loscordonesquemeatocadadia.com\/es\/wp-content\/uploads\/2019\/04\/miguel-primo-de-rivera-rey-alfonso-660x330-300x150.jpg\" alt=\"\" width=\"440\" height=\"220\" srcset=\"https:\/\/loscordonesquemeatocadadia.com\/es\/wp-content\/uploads\/2019\/04\/miguel-primo-de-rivera-rey-alfonso-660x330-300x150.jpg 300w, https:\/\/loscordonesquemeatocadadia.com\/es\/wp-content\/uploads\/2019\/04\/miguel-primo-de-rivera-rey-alfonso-660x330.jpg 660w\" sizes=\"auto, (max-width: 440px) 100vw, 440px\" \/><\/p>\n<p style=\"text-align: center;\"><img loading=\"lazy\" decoding=\"async\" class=\"alignnone wp-image-6357\" src=\"http:\/\/loscordonesquemeatocadadia.com\/es\/wp-content\/uploads\/2019\/04\/Logo_Union_Patriotica_Spain.svg_-300x300.png\" alt=\"\" width=\"428\" height=\"428\" srcset=\"https:\/\/loscordonesquemeatocadadia.com\/es\/wp-content\/uploads\/2019\/04\/Logo_Union_Patriotica_Spain.svg_-300x300.png 300w, https:\/\/loscordonesquemeatocadadia.com\/es\/wp-content\/uploads\/2019\/04\/Logo_Union_Patriotica_Spain.svg_-150x150.png 150w, https:\/\/loscordonesquemeatocadadia.com\/es\/wp-content\/uploads\/2019\/04\/Logo_Union_Patriotica_Spain.svg_-768x768.png 768w, https:\/\/loscordonesquemeatocadadia.com\/es\/wp-content\/uploads\/2019\/04\/Logo_Union_Patriotica_Spain.svg_.png 800w\" sizes=\"auto, (max-width: 428px) 100vw, 428px\" \/><\/p>\n<p style=\"text-align: center;\"><strong><em>Emblema de la Uni\u00f3n Patri\u00f3tica.<\/em><\/strong><\/p>\n<p style=\"text-align: justify;\">Hechos destacables de este per\u00edodo pudieran considerarse la sustituci\u00f3n del Directorio militar por uno civil en 1925, el <a href=\"https:\/\/www.despertaferro-ediciones.com\/revistas\/numero\/desperta-ferro-contemporanea-n-o-11-el-desembarco-de-alhucemas-1925\/\"><em><strong>Desembarco de Alhucemas<\/strong><\/em><\/a> \u2013en el mismo a\u00f1o-, que fue una acci\u00f3n militar, que acab\u00f3 con las interminables guerras de Marruecos, la constituci\u00f3n en octubre de 1927 de una Asamblea Nacional legislativa y parlamentaria, cuyos componentes fueron nombrados por el rey, la muerte de la reina madre en febrero de 1929 y por fin, la dimisi\u00f3n presentada por Primo de Rivera el 28 de enero de 1930, terminando as\u00ed ese per\u00edodo de esa dictadura.<\/p>\n<p style=\"text-align: center;\"><img loading=\"lazy\" decoding=\"async\" class=\"alignnone wp-image-6359\" src=\"http:\/\/loscordonesquemeatocadadia.com\/es\/wp-content\/uploads\/2019\/04\/Sin-t\u00edtulo-2-300x215.jpg\" alt=\"\" width=\"414\" height=\"297\" srcset=\"https:\/\/loscordonesquemeatocadadia.com\/es\/wp-content\/uploads\/2019\/04\/Sin-t\u00edtulo-2-300x215.jpg 300w, https:\/\/loscordonesquemeatocadadia.com\/es\/wp-content\/uploads\/2019\/04\/Sin-t\u00edtulo-2.jpg 674w\" sizes=\"auto, (max-width: 414px) 100vw, 414px\" \/><\/p>\n<p style=\"text-align: center;\"><em><strong>Desembarco en Playa Ixdain. Alhucemas.<\/strong><\/em><\/p>\n<p style=\"text-align: justify;\">El rey pidi\u00f3 al general D\u00e1maso Berenguer la formaci\u00f3n de un gobierno, que lleg\u00f3 con la intenci\u00f3n de volver al sistema parlamentario y a la Constituci\u00f3n de 1876: <strong><em>LA DICTABLANDA<\/em><\/strong>.<\/p>\n<p style=\"text-align: justify;\">Ese mismo a\u00f1o se llev\u00f3 a cabo el <strong><em>Pacto de San Sebasti\u00e1n <\/em><\/strong>entre los <strong><em>nacionalistas vascos y catalanes y los socialistas para actuar contra la monarqu\u00eda<\/em><\/strong>, en el d\u00eda a d\u00eda, y especialmente en las elecciones.<\/p>\n<p style=\"text-align: justify;\">Al a\u00f1o siguiente -1931-, el general Berenguer fue sustituido por el almirante Juan Bautista Aznar-Caba\u00f1as, convoc\u00e1ndose para el 5 y 12 de abril \u2013primera y segunda vuelta- elecciones municipales. Aunque la suma del n\u00famero de concejales obtenidos por los mon\u00e1rquicos fue muy superior al de los logrados por los republicanos, la mayor\u00eda de las alcald\u00edas de las ciudades importantes fueron ganadas por los republicanos, y los pol\u00edticos mon\u00e1rquicos, los miembros del gobierno \u2013excepto dos-, los consejeros de palacio y los dos generales con mayor capacidad de mando en ese momento, Berenguer y Sanjurjo, consideraron que el resultado hab\u00eda sido una especie de plebiscito, implicando un apoyo indudable a la rep\u00fablica y una repudia clara a la monarqu\u00eda.<\/p>\n<p style=\"text-align: justify;\">El hecho de que la victoria republicana hubiera sido urbana, pudo contribuir a esa sensaci\u00f3n de derrota, pero lo que m\u00e1s influy\u00f3, fue la creencia de que los republicanos tomar\u00edan la calle, arrastrando \u00a0a los espa\u00f1oles a un sangriento enfrentamiento.<\/p>\n<p style=\"text-align: justify;\"><em><strong>Durante la noche del 12 al 13 de abril, el general Sanjurjo, a la saz\u00f3n al mando de la Guardia Civil, puso de manifiesto que no contendr\u00eda un levantamiento de los republicanos contra la monarqu\u00eda.<\/strong><\/em> \u00a0Enterados los republicanos de esta posici\u00f3n de la Guardia Civil, rechazaron \u00a0el ofrecimiento de Romanones y Maura -con el consentimiento del rey- de unas elecciones a cortes constituyentes.<\/p>\n<p style=\"text-align: justify;\">Los republicanos, conscientes del miedo del adversario y de la debilidad institucional, no s\u00f3lo rechazaron la propuesta, sino que exigieron la marcha del rey antes de terminar el catorce de abril, convocando manifestaciones violentas organizadas, cuya finalidad era meter miedo en el cuerpo a los mon\u00e1rquicos: <strong>el 14 de abril de 1931<\/strong>, Alfonso XIII, deprimido por la muerte de su madre y recordando el final de los Romanov, no deseando adem\u00e1s una guerra civil, se march\u00f3, permitiendo que se proclamara la Segunda Rep\u00fablica.\u00a0 \u00a0Fue en coche hasta Cartagena, en donde embarc\u00f3 en el <em>Principe Alfonso<\/em> rumbo al exilio.<\/p>\n<p><img loading=\"lazy\" decoding=\"async\" class=\"alignnone size-medium wp-image-6364 aligncenter\" src=\"http:\/\/loscordonesquemeatocadadia.com\/es\/wp-content\/uploads\/2019\/04\/buqueguerra-Principe-alfonso-300x216.jpg\" alt=\"\" width=\"300\" height=\"216\" \/><\/p>\n<p style=\"text-align: center;\"><em><strong>Buque de guerra\u00a0 Pr\u00edncipe Alfonso.<\/strong><\/em><\/p>\n<p style=\"text-align: justify;\">Tras la marcha del monarca , el presidente del comit\u00e9 revolucionario, Alcal\u00e1 Zamora, proclam\u00f3 desde un balc\u00f3n de la Puerta del Sol a las 19,00 horas, el nacimiento de\u00a0 la II Rep\u00fablica, ante la algarab\u00eda del pueblo madrile\u00f1o;<span style=\"font-size: 16.0pt; background: white;\">\u00a0&#8220;<\/span><em style=\"font-variant-ligatures: normal; font-variant-caps: normal; orphans: 2; widows: 2; -webkit-text-stroke-width: 0px; text-decoration-style: initial; text-decoration-color: initial; word-spacing: 0px;\">Las elecciones del domingo han tenido un complemento grandioso con el requerimiento que ayer hizo la opini\u00f3n p\u00fablica para que el r\u00e9gimen mon\u00e1rquico desaparezca y la implantaci\u00f3n en el d\u00eda de hoy de la Rep\u00fablica por un acto de voluntad soberana, de iniciativa del pa\u00eds sin el menor trastorno, completando aquella empresa de tal manera, que el mundo entero sentir\u00e1 y admirar\u00e1 la conducta de Espa\u00f1a, ya puesta en otras manos con un orden ejemplar<\/em><span style=\"font-variant-ligatures: normal; font-variant-caps: normal; orphans: 2; widows: 2; -webkit-text-stroke-width: 0px; text-decoration-style: initial; text-decoration-color: initial; float: none; word-spacing: 0px;\">&#8220;, declar\u00f3 Alcal\u00e1 Zamora.<\/span><\/p>\n<p style=\"text-align: center;\"><img loading=\"lazy\" decoding=\"async\" class=\"alignnone wp-image-6360\" src=\"http:\/\/loscordonesquemeatocadadia.com\/es\/wp-content\/uploads\/2019\/04\/13a1-triunforepublica-219x300.jpg\" alt=\"\" width=\"502\" height=\"688\" srcset=\"https:\/\/loscordonesquemeatocadadia.com\/es\/wp-content\/uploads\/2019\/04\/13a1-triunforepublica-219x300.jpg 219w, https:\/\/loscordonesquemeatocadadia.com\/es\/wp-content\/uploads\/2019\/04\/13a1-triunforepublica.jpg 454w\" sizes=\"auto, (max-width: 502px) 100vw, 502px\" \/><\/p>\n<p><img loading=\"lazy\" decoding=\"async\" class=\"alignnone wp-image-6361 aligncenter\" src=\"http:\/\/loscordonesquemeatocadadia.com\/es\/wp-content\/uploads\/2019\/04\/alcala-y-aza\u00f1a.jpg\" alt=\"\" width=\"400\" height=\"236\" \/><\/p>\n<p style=\"text-align: center;\"><strong><em>Niceto Alcal\u00e1 Zamora Presidente de la Rep\u00fablica y Manuel Aza\u00f1a Presidente del Gobierno.<\/em><\/strong><\/p>\n<p style=\"text-align: justify;\">De manera inmediata se form\u00f3 un\u00a0<strong>Gobierno Provisional<\/strong>\u00a0presidido por Niceto Alcal\u00e1 Zamora\u00a0y formado por\u00a0<strong>republicanos de izquierda y derecha, socialistas y nacionalistas<\/strong>,\u00a0 que deber\u00eda dirigir el pa\u00eds hasta unas nueva Cortes Constituyentes, que crearan una nueva Constituci\u00f3n que pudiera sustanciar y sustentar el nuevo r\u00e9gimen, comenzando de este modo lo que se denomin\u00f3\u00a0 <strong>BIENIO REFORMISTA<\/strong>\u00a0 O <strong>SOCIAL-AZA\u00d1ISTA<\/strong> (1931-1933).<\/p>\n<p style=\"text-align: justify;\">El nuevo gobierno tuvo que responder desde un principio al\u00a0ansia popular y general de reformas. Inici\u00f3 reformas\u00a0laborales, emprendi\u00f3 la reforma\u00a0militar, tom\u00f3 las primeras medidas para la reforma\u00a0agraria, cambi\u00f3 la ley\u00a0educativa\u00a0y puso en marcha el <strong>Estatuto provisional de\u00a0autonom\u00eda de Catalu\u00f1a<\/strong> (siempre las mismas estrellas en la peli).<\/p>\n<p style=\"text-align: justify;\">El ambiente social se encresp\u00f3 por las huelgas frecuentes y agresivas generadas por la CNT anarquista y los enfrentamientos entre la Iglesia y el nuevo gobierno. El sector m\u00e1s conservador de la Iglesia, defend\u00eda sus derechos constitucionales, lo que supuso \u00a0todo tipo de dificultades al nuevo ejecutivo, especialmente en la implantaci\u00f3n del nuevo sistema educativo. El anticlericalismo surgi\u00f3 con fuerza y en mayo de 1931, iglesias y conventos fueron asaltados y quemados. Los cat\u00f3licos se pusieron en contra desde el primer momento al nuevo r\u00e9gimen republicano.<\/p>\n<p style=\"text-align: justify;\">En junio de 1931, tuvieron lugar las elecciones a Cortes Constituyentes, siendo el resultado de una clara mayor\u00eda para la coalici\u00f3n republicano-socialista. La nueva Constituci\u00f3n, aprobada en diciembre de 1931, plasm\u00f3 la ideolog\u00eda de esta mayor\u00eda, siendo sus principios m\u00e1s importantes:<\/p>\n<p style=\"text-align: justify;\">La declaraci\u00f3n del nuevo estado espa\u00f1ol como una <strong>&#8220;Rep\u00fablica democr\u00e1tica de trabajadores de todas clases&#8221;.<\/strong><\/p>\n<p style=\"text-align: justify;\"><span style=\"color: #0000ff;\"><strong>La obtenci\u00f3n del derecho a voto para las<\/strong><strong> mujeres<\/strong>: sufragio universal para todos.<\/span><\/p>\n<p style=\"text-align: justify;\"><strong>El establecimiento de nuevos <\/strong>derechos civiles y la ampliaci\u00f3n de algunos existentes, en cuanto a la legalizaci\u00f3n del divorcio y la equiparaci\u00f3n de hijos leg\u00edtimos e ileg\u00edtimos.<\/p>\n<p style=\"text-align: justify;\">Establecimiento\u00a0 del derecho a la educaci\u00f3n,\u00a0 y la organizaci\u00f3n de los poderes del Estado con un <strong>Legislativo<\/strong> unicameral, un<strong> Ejecutivo<\/strong> con un Presidente \u2013Niceto Alcal\u00e1 Zamora- con escasos poderes y un Jefe de Gobierno \u2013Manuel Aza\u00f1a- que deb\u00eda someter sus decisiones a las Cortes, siguiendo el <strong>Judicial<\/strong> como hasta entonces. en\u00a0 mano de los tribunales.<\/p>\n<p style=\"text-align: justify;\"><span style=\"color: #0000ff;\">Y es en este momento de nuestra historia cuando se decreta el derecho de las regiones a establecer\u00a0<strong>Estatutos de Autonom\u00eda.<\/strong><\/span><\/p>\n<p style=\"text-align: justify;\">Se defini\u00f3 a Espa\u00f1a como un estado laico, separando\u00a0 la Iglesia del Estado y anulando de los Presupuestos las partidas para el culto, prohibiendo a la Iglesia ejercer en la educaci\u00f3n.<\/p>\n<p style=\"text-align: justify;\">El colectivo militar fue tambi\u00e9n objeto de reformas importantes <a href=\"https:\/\/es.wikipedia.org\/wiki\/Reforma_militar_de_Manuel_Aza%C3%B1a\"><strong>\u2013Ley de marzo de 1932<\/strong><\/a>-, especialmente las relativas a la ense\u00f1anza militar <em>&#8211;<span style=\"color: #0000ff;\">debate cadetes con estudios universitarios o no- <\/span><\/em><span style=\"color: #000000;\">(la historia se repite)<\/span>, al retiro de numerosos oficiales generales que durante seis meses no tuvieran destino (aprovechando esta circunstancia para retirar a los no incondicionales a la Rep\u00fablica) y de oficiales <em>particulares<\/em>, que adem\u00e1s perder\u00edan su pensi\u00f3n si eran hallados culpables de <em>difamaci\u00f3n<\/em>; SIC: <em>ser\u00eda intolerable para la Rep\u00fablica el tener que pagar a sus \u201cenemigos\u201d<\/em> (Manuel Aza\u00f1a).<\/p>\n<p style=\"text-align: justify;\">Hubo dos Gobiernos Provisionales, el primero presidido por Alcal\u00e1 Zamora 14 abril 1931 a 14 octubre 1931, el segundo, presidido por Aza\u00f1a desde 14 octubre de 1931 a 16 de diciembre 1931. El tercero, primero no provisional de este Bienio Reformista, fue presidido tambi\u00e9n por Manuel Aza\u00f1a desde el 16 de diciembre de 1931 al 12 de\u00a0 junio de 1933. A\u00fan hubo tres gobiernos m\u00e1s hasta las elecciones de finales de 1933: uno -el cuarto- presidido por Manuel Aza\u00f1a D\u00edaz de Acci\u00f3n Reublicana, el quinto, presidido por Alejandro Lerroux del Partido Republicano Radical, y el sexto y \u00faltimo por Diego Mart\u00ednez Barrios, tambi\u00e9n del PRR.<\/p>\n<p style=\"text-align: center;\"><strong><em>To be continued in part 6.<\/em><\/strong><\/p>\n","protected":false},"excerpt":{"rendered":"<p>El 15 de abril de 1920, en la Casa del Pueblo en Madrid, una escisi\u00f3n del PSOE, por influencia de la Revoluci\u00f3n Rusa, fund\u00f3 el Partido Comunista Espa\u00f1ol.<\/p>\n","protected":false},"author":2,"featured_media":6317,"comment_status":"open","ping_status":"closed","sticky":false,"template":"","format":"standard","meta":{"_mo_disable_npp":"","om_disable_all_campaigns":false,"_monsterinsights_skip_tracking":false,"_monsterinsights_sitenote_active":false,"_monsterinsights_sitenote_note":"","_monsterinsights_sitenote_category":0,"_uf_show_specific_survey":0,"_uf_disable_surveys":false,"footnotes":""},"categories":[22],"tags":[1033,1034,1029,1032,1031,1030,1010],"class_list":["post-6257","post","type-post","status-publish","format-standard","has-post-thumbnail","hentry","category-historia","tag-azana","tag-bienio-reformista","tag-desastre-de-annual","tag-desembarco-de-alhucemas","tag-dictablanda-de-damaso-berenguer","tag-dictadura-de-primo-de-rivera","tag-ii-republica"],"aioseo_notices":[],"post_mailing_queue_ids":[],"_links":{"self":[{"href":"https:\/\/loscordonesquemeatocadadia.com\/es\/wp-json\/wp\/v2\/posts\/6257","targetHints":{"allow":["GET"]}}],"collection":[{"href":"https:\/\/loscordonesquemeatocadadia.com\/es\/wp-json\/wp\/v2\/posts"}],"about":[{"href":"https:\/\/loscordonesquemeatocadadia.com\/es\/wp-json\/wp\/v2\/types\/post"}],"author":[{"embeddable":true,"href":"https:\/\/loscordonesquemeatocadadia.com\/es\/wp-json\/wp\/v2\/users\/2"}],"replies":[{"embeddable":true,"href":"https:\/\/loscordonesquemeatocadadia.com\/es\/wp-json\/wp\/v2\/comments?post=6257"}],"version-history":[{"count":16,"href":"https:\/\/loscordonesquemeatocadadia.com\/es\/wp-json\/wp\/v2\/posts\/6257\/revisions"}],"predecessor-version":[{"id":6601,"href":"https:\/\/loscordonesquemeatocadadia.com\/es\/wp-json\/wp\/v2\/posts\/6257\/revisions\/6601"}],"wp:featuredmedia":[{"embeddable":true,"href":"https:\/\/loscordonesquemeatocadadia.com\/es\/wp-json\/wp\/v2\/media\/6317"}],"wp:attachment":[{"href":"https:\/\/loscordonesquemeatocadadia.com\/es\/wp-json\/wp\/v2\/media?parent=6257"}],"wp:term":[{"taxonomy":"category","embeddable":true,"href":"https:\/\/loscordonesquemeatocadadia.com\/es\/wp-json\/wp\/v2\/categories?post=6257"},{"taxonomy":"post_tag","embeddable":true,"href":"https:\/\/loscordonesquemeatocadadia.com\/es\/wp-json\/wp\/v2\/tags?post=6257"}],"curies":[{"name":"wp","href":"https:\/\/api.w.org\/{rel}","templated":true}]}}