{"id":6518,"date":"2019-11-30T09:00:21","date_gmt":"2019-11-30T08:00:21","guid":{"rendered":"http:\/\/loscordonesquemeatocadadia.com\/es\/?p=6518"},"modified":"2019-12-01T08:36:02","modified_gmt":"2019-12-01T07:36:02","slug":"exposicion-en-el-museo-del-prado-fra-angelico-y-los-inicios-del-renacimiento-en-florencia","status":"publish","type":"post","link":"https:\/\/loscordonesquemeatocadadia.com\/es\/2019\/11\/30\/exposicion-en-el-museo-del-prado-fra-angelico-y-los-inicios-del-renacimiento-en-florencia\/","title":{"rendered":"EXPOSICI\u00d3N EN EL MUSEO DEL PRADO. FRA ANG\u00c9LICO Y LOS INICIOS DEL RENACIMIENTO EN FLORENCIA."},"content":{"rendered":"<audio class=\"wp-audio-shortcode\" id=\"audio-6518-1\" loop autoplay preload=\"auto\" style=\"width: 100%;\" controls=\"controls\"><source type=\"audio\/mpeg\" src=\"http:\/\/loscordonesquemeatocadadia.com\/es\/wp-content\/uploads\/2019\/11\/Pyotr-Ilyich-Tchaikovsky-Hymn-of-the-Cherubim.mp3?_=1\" \/><a href=\"http:\/\/loscordonesquemeatocadadia.com\/es\/wp-content\/uploads\/2019\/11\/Pyotr-Ilyich-Tchaikovsky-Hymn-of-the-Cherubim.mp3\">http:\/\/loscordonesquemeatocadadia.com\/es\/wp-content\/uploads\/2019\/11\/Pyotr-Ilyich-Tchaikovsky-Hymn-of-the-Cherubim.mp3<\/a><\/audio>\n<p style=\"text-align: justify;\">Esta exposici\u00f3n realz\u00f3 el valor art\u00edstico del <strong><em>Primer Renacimiento<\/em><\/strong> florentino, entre los a\u00f1os 1420 y 1430 aproximadamente, haciendo especial \u00e9nfasis en <strong><em>Fra Ang\u00e9lico<\/em><\/strong>, uno de los grandes maestros de este per\u00edodo, pudi\u00e9ndose apreciar su participaci\u00f3n en ese tiempo en las artes de Florencia, y su relaci\u00f3n con otros grandes maestros: Ghiberti -que le esculp\u00eda figuras para que \u00e9l las pintara posteriormente-, siendo influenciado al igual que Masaccio, por Donatello y Brunelleschi. Fra Ang\u00e9lico, Masaccio, Uccello y Lippi, construyeron una nueva forma de manifestar el arte occidental que domin\u00f3 la filosof\u00eda del mismo hasta la edad moderna.<!--more--><\/p>\n<p style=\"text-align: justify;\">La muestra, en la que participaron m\u00e1s de 40 prestadores de Europa y Am\u00e9rica, gravit\u00f3 alrededor de <strong><em>La ANUNCIACI\u00d3N Y LA VIRGEN DE LA GRANADA, <\/em><\/strong>obras del mencionado artista y hoy propiedad del Museo del Prado. Junto a ellas, otras 40 obras de Fra Angelico, y de otros pintores coet\u00e1neos como Masaccio, Masolino o Filippo Lippi, y de escultores como Donatello o Ghiberti, hasta un total de 82 obras, estuvieron expuestas en el Museo del Prado hasta el 15 de septiembre de 2019.<\/p>\n<p style=\"text-align: justify;\">Entre los retablos que pint\u00f3 para su convento de Fiesole en sus primeros a\u00f1os, estaba el de <strong><em>la Anunciaci\u00f3n<\/em><\/strong> del Museo del Prado, eje de la exposici\u00f3n, en la que se demuestra su activa participaci\u00f3n en el renacimiento de las artes que se produjo en Florencia.<\/p>\n<p style=\"text-align: justify;\">Datada sobre 1426,\u00a0<strong><em>LA ANUNCIACI\u00d3N<\/em><\/strong> es uno de los tres retablos, pintado para la iglesia del convento de santo Domingo de Fiesole, de estilo renacentista, realizado en temple sobre tabla, en el que <span style=\"color: #ff0000;\"><strong><em>se utiliza la perspectiva<\/em><\/strong><\/span> para organizar el espacio, y en el que se abandonan los arcos g\u00f3ticos y los dorados totales en los cielos, sustituy\u00e9ndolos por formas ortogonales y b\u00f3vedas azules estrelladas. La escena principal de la tabla, es mostrada bajo el p\u00f3rtico de m\u00e1rmol, abierto con arcos de medio punto, que descansan sobre finas columnas blancas, y b\u00f3vedas de arista de color azul celeste sembradas de peque\u00f1as estrellas de oro. En la fachada del p\u00f3rtico hay un medall\u00f3n con la figura de Dios Padre en grisalla. Al fondo del p\u00f3rtico, un cub\u00edculo con un banco.<\/p>\n<p style=\"text-align: justify;\">La Virgen est\u00e1 situada a la derecha, y ante la llegada del \u00e1ngel, parece haber dejado de leer mientras recibe un haz de luz desde donde est\u00e1 situado el Padre, a la izquierda de la parte superior. Tanto ella como el \u00e1ngel, son rubios, de piel blanca y manos finas. La Virgen lleva una t\u00fanica de color rosado y un manto azul. El <em><span style=\"color: #ff0000;\"><strong>\u00e1ngel<\/strong> \u00a0<\/span><\/em>va vestido con un traje de color rosa con franjas de oro ce\u00f1ido a la cintura, que cae en grandes pliegues hasta los pies. A la izquierda, est\u00e1 representada la expulsi\u00f3n de Ad\u00e1n y Eva de un jard\u00edn <em>hortus conclusus <\/em>que representa el Para\u00edso, vigilados por otro <span style=\"color: #ff0000;\"><strong><em>\u00e1ngel<\/em>.<\/strong><\/span><\/p>\n<p style=\"text-align: justify;\">En la parte inferior, una <em>predela<\/em> narra cinco escenas de la vida de la Virgen: <strong><em>Nacimiento y Desposorios con San Jos\u00e9<\/em><\/strong>, <strong><em>Visitaci\u00f3n a su prima Isabel<\/em><\/strong>, <strong><em>Nacimiento de Jes\u00fas<\/em><\/strong>, <strong><em>Presentaci\u00f3n del Ni\u00f1o en el Templo<\/em><\/strong> y <strong><em>La Dormici\u00f3n de la Virgen con Cristo recogiendo su alma<\/em><\/strong>.<\/p>\n<p style=\"text-align: justify;\">Este retablo lleg\u00f3 a Espa\u00f1a en 1611, al ser vendida por los frailes dominicos de Fiesole al pr\u00edncipe Mario <strong><em>Farnese<\/em><\/strong> para pagar el coste del nuevo campanario de su iglesia, siendo enviado posteriormente como regalo de este noble al Duque de Lerma -valido de Felipe III-, siendo la primera pintura del artista en abandonar Italia, mientras que la <strong><em>Virgen de la granada<\/em><\/strong>\u00a0fue adquirida por el <em><strong>XIV duque de Alba<\/strong><\/em>\u00a0 -Carlos Miguel Fitz-James Stuart y Silva- en 1817, cuando se estaba redescubriendo el valor art\u00edstico del primer Renacimiento florentino.<\/p>\n<p style=\"text-align: justify;\">Tras la destituci\u00f3n y persecuci\u00f3n de Lerma -gestionadas por su hijo, el duque de Osuna-, la obra se traslad\u00f3 al Convento de las Descalzas Reales de Madrid, donde a mediados del siglo XIX lo descubri\u00f3 <strong><em>Federico de Madrazo<\/em><\/strong>, quien consigui\u00f3 la autorizaci\u00f3n del marido de Isabel II, el rey consorte Francisco de As\u00eds, para trasladarlo al Prado como donaci\u00f3n real, a cambio de otra Anunciaci\u00f3n pintada por el propio Madrazo para las Descalzas Reales.<\/p>\n<p style=\"text-align: center;\"><img loading=\"lazy\" decoding=\"async\" class=\"alignnone wp-image-6800\" src=\"http:\/\/loscordonesquemeatocadadia.com\/es\/wp-content\/uploads\/2019\/07\/ANUNCIACI\u00d3N-1-300x294.jpg\" alt=\"\" width=\"718\" height=\"704\" srcset=\"https:\/\/loscordonesquemeatocadadia.com\/es\/wp-content\/uploads\/2019\/07\/ANUNCIACI\u00d3N-1-300x294.jpg 300w, https:\/\/loscordonesquemeatocadadia.com\/es\/wp-content\/uploads\/2019\/07\/ANUNCIACI\u00d3N-1-768x754.jpg 768w, https:\/\/loscordonesquemeatocadadia.com\/es\/wp-content\/uploads\/2019\/07\/ANUNCIACI\u00d3N-1-1024x1005.jpg 1024w, https:\/\/loscordonesquemeatocadadia.com\/es\/wp-content\/uploads\/2019\/07\/ANUNCIACI\u00d3N-1.jpg 1121w\" sizes=\"auto, (max-width: 718px) 100vw, 718px\" \/><\/p>\n<p style=\"text-align: center;\"><strong><em>Fra Ang\u00e9lico. La Anunciaci\u00f3n.1425-14266. Temple y oro sobre tabla. 190,3 x 191,5 cm. Museo del Prado. Madrid.<\/em><\/strong><\/p>\n<p style=\"text-align: justify;\">La restauraci\u00f3n de la obra en 2018 ha devuelto a la obra toda su grandeza original, pareciendo haber salido del taller de Fra Ang\u00e9lico hace rea\u00f1mente poco tiempo.<\/p>\n<p style=\"text-align: justify;\">La <strong><em>VIRGEN DE LA GRANADA<\/em><\/strong>, fue adquirida en 2016 por el Estado espa\u00f1ol -como comprador principal asociado-, a la Casa de Alba, que la manten\u00eda en el palacio de Liria, desde que el XIV duque de Alba de Tormes la adquiriese en Florencia en 1817. El cuadro fue comprado por el Estado espa\u00f1ol -10 millones-, el Museo del Prado -4- y la Fundaci\u00f3n Amigos del Museo del Prado -4- ascendiendo su precio total a 18 millones de euros.<\/p>\n<p style=\"text-align: center;\"><img loading=\"lazy\" decoding=\"async\" class=\"alignnone wp-image-6810\" src=\"http:\/\/loscordonesquemeatocadadia.com\/es\/wp-content\/uploads\/2019\/07\/n_fraangelico_prado1-GRANADA-204x300.jpg\" alt=\"\" width=\"380\" height=\"559\" srcset=\"https:\/\/loscordonesquemeatocadadia.com\/es\/wp-content\/uploads\/2019\/07\/n_fraangelico_prado1-GRANADA-204x300.jpg 204w, https:\/\/loscordonesquemeatocadadia.com\/es\/wp-content\/uploads\/2019\/07\/n_fraangelico_prado1-GRANADA-768x1128.jpg 768w, https:\/\/loscordonesquemeatocadadia.com\/es\/wp-content\/uploads\/2019\/07\/n_fraangelico_prado1-GRANADA-697x1024.jpg 697w, https:\/\/loscordonesquemeatocadadia.com\/es\/wp-content\/uploads\/2019\/07\/n_fraangelico_prado1-GRANADA.jpg 944w\" sizes=\"auto, (max-width: 380px) 100vw, 380px\" \/><\/p>\n<p style=\"text-align: center;\"><strong><em>Fra Ang\u00e9lico. La Virgen de la Granada.1426. Temple sobre tabla. 87 x 59 cm. Museo del Prado. Madrid.<\/em><\/strong><\/p>\n<p style=\"text-align: justify;\">Esta operaci\u00f3n de compra incluy\u00f3, adem\u00e1s, la donaci\u00f3n por la Casa de Alba de una predela del propio Fra Ang\u00e9lico, en la que est\u00e1 representada una escena del <strong><em>entierro de San Antonio Abad<\/em><\/strong>, por lo que el Museo del Prado cuenta con tres obras del artista italiano.<\/p>\n<p style=\"text-align: center;\"><img loading=\"lazy\" decoding=\"async\" class=\"alignnone wp-image-6803\" src=\"http:\/\/loscordonesquemeatocadadia.com\/es\/wp-content\/uploads\/2019\/07\/fra_angelico_funeral_de_san_antonio_abad_hacia_1426_1430_museo_del_prado-300x200.jpg\" alt=\"\" width=\"524\" height=\"349\" srcset=\"https:\/\/loscordonesquemeatocadadia.com\/es\/wp-content\/uploads\/2019\/07\/fra_angelico_funeral_de_san_antonio_abad_hacia_1426_1430_museo_del_prado-300x200.jpg 300w, https:\/\/loscordonesquemeatocadadia.com\/es\/wp-content\/uploads\/2019\/07\/fra_angelico_funeral_de_san_antonio_abad_hacia_1426_1430_museo_del_prado-768x513.jpg 768w, https:\/\/loscordonesquemeatocadadia.com\/es\/wp-content\/uploads\/2019\/07\/fra_angelico_funeral_de_san_antonio_abad_hacia_1426_1430_museo_del_prado.jpg 982w\" sizes=\"auto, (max-width: 524px) 100vw, 524px\" \/><\/p>\n<p style=\"text-align: center;\"><strong><em>Fra Ang\u00e9lico. Funeral de san Antonio Abad. Predela en temple sobre tabla de madera de chopo. 1426 \u2013 1430. Museo del Prado.<\/em><\/strong><\/p>\n<p style=\"text-align: justify;\">Aunque no est\u00e1n en esta exposici\u00f3n, es de se\u00f1alar la existencia en Espa\u00f1a de 2 obras m\u00e1s del artista formado en Florencia:<\/p>\n<p style=\"text-align: justify;\">En el Museo Thyssen-Bornemisza de Madrid est\u00e1 <strong><em>La Virgen de la Humildad<\/em><\/strong>, actualmente cedida y expuesta al Museo Nacional de Arte de Catalu\u00f1a de Barcelona.<\/p>\n<p style=\"text-align: center;\"><img loading=\"lazy\" decoding=\"async\" class=\"alignnone wp-image-6797\" src=\"http:\/\/loscordonesquemeatocadadia.com\/es\/wp-content\/uploads\/2019\/07\/270px-Virgen_humildad-fra_angelico-149x300.jpg\" alt=\"\" width=\"338\" height=\"681\" srcset=\"https:\/\/loscordonesquemeatocadadia.com\/es\/wp-content\/uploads\/2019\/07\/270px-Virgen_humildad-fra_angelico-149x300.jpg 149w, https:\/\/loscordonesquemeatocadadia.com\/es\/wp-content\/uploads\/2019\/07\/270px-Virgen_humildad-fra_angelico.jpg 270w\" sizes=\"auto, (max-width: 338px) 100vw, 338px\" \/><\/p>\n<p style=\"text-align: center;\"><strong><em>Fra Ang\u00e9lico. La Virgen de la Humildad.<\/em><\/strong><strong><em>1419-1420. Temple y oro sobre tabla. 75 x 207 cm. Museo Thyssen-Bornemisza. Madrid. Cedido a MNAC.<\/em><\/strong><\/p>\n<p>&nbsp;<\/p>\n<p style=\"text-align: justify;\">En la sala del Tesoro de la catedral de Toledo, se conserva un <strong><em>Crucifijo con figuras de santos<\/em><\/strong>, del pintor de Fiesole.<\/p>\n<p style=\"text-align: center;\"><img loading=\"lazy\" decoding=\"async\" class=\"alignnone wp-image-6812\" src=\"http:\/\/loscordonesquemeatocadadia.com\/es\/wp-content\/uploads\/2019\/07\/TOLEDO.CATEDRAL-.SACRISTIA-LA-CRUSZ-DE-FRA-ANGELICO-195x300.jpg\" alt=\"\" width=\"303\" height=\"466\" srcset=\"https:\/\/loscordonesquemeatocadadia.com\/es\/wp-content\/uploads\/2019\/07\/TOLEDO.CATEDRAL-.SACRISTIA-LA-CRUSZ-DE-FRA-ANGELICO-195x300.jpg 195w, https:\/\/loscordonesquemeatocadadia.com\/es\/wp-content\/uploads\/2019\/07\/TOLEDO.CATEDRAL-.SACRISTIA-LA-CRUSZ-DE-FRA-ANGELICO.jpg 252w\" sizes=\"auto, (max-width: 303px) 100vw, 303px\" \/><\/p>\n<p style=\"text-align: center;\"><strong><em>Fra Ang\u00e9lico. Cruz de madera pintada por ambos lados, regalo de Benito Mussolini al Estado espa\u00f1ol.<\/em><\/strong><\/p>\n<p style=\"text-align: justify;\">Siguiendo con la exposici\u00f3n del Prado, caben destacar:<\/p>\n<p style=\"text-align: center;\"><img loading=\"lazy\" decoding=\"async\" class=\"alignnone wp-image-6819\" src=\"http:\/\/loscordonesquemeatocadadia.com\/es\/wp-content\/uploads\/2019\/07\/Fra-Angelico-Historias-de-los-padres-del-desierto.-Museo-del-Prado-1207x420-300x104.jpg\" alt=\"\" width=\"675\" height=\"234\" srcset=\"https:\/\/loscordonesquemeatocadadia.com\/es\/wp-content\/uploads\/2019\/07\/Fra-Angelico-Historias-de-los-padres-del-desierto.-Museo-del-Prado-1207x420-300x104.jpg 300w, https:\/\/loscordonesquemeatocadadia.com\/es\/wp-content\/uploads\/2019\/07\/Fra-Angelico-Historias-de-los-padres-del-desierto.-Museo-del-Prado-1207x420-768x267.jpg 768w, https:\/\/loscordonesquemeatocadadia.com\/es\/wp-content\/uploads\/2019\/07\/Fra-Angelico-Historias-de-los-padres-del-desierto.-Museo-del-Prado-1207x420-1024x356.jpg 1024w, https:\/\/loscordonesquemeatocadadia.com\/es\/wp-content\/uploads\/2019\/07\/Fra-Angelico-Historias-de-los-padres-del-desierto.-Museo-del-Prado-1207x420.jpg 1207w\" sizes=\"auto, (max-width: 675px) 100vw, 675px\" \/><\/p>\n<p style=\"text-align: center;\"><strong><em>Fra Ang\u00e9lico. Historias de los padres del desierto.1419-1420. Temple y oro sobre tabla. 75 x 207 cm. Galler\u00eda degli Uffizi. Florencia.<\/em><\/strong><\/p>\n<p style=\"text-align: center;\"><img loading=\"lazy\" decoding=\"async\" class=\"alignnone wp-image-6805\" src=\"http:\/\/loscordonesquemeatocadadia.com\/es\/wp-content\/uploads\/2019\/07\/Fra-Angelico-La-Coronaci\u00f3n-de-la-Virgen-y-la-Adoraci\u00f3n-del-Ni\u00f1o-con-seis-\u00e1ngeles.-Museo-del-Pr-173x300.jpg\" alt=\"\" width=\"503\" height=\"872\" \/><\/p>\n<p style=\"text-align: center;\"><strong><em>Fra Ang\u00e9lico. La Coronaci\u00f3n de la Virgen y la Adoraci\u00f3n del Ni\u00f1o con seis <\/em><\/strong><strong><em><span style=\"color: #ff0000;\">\u00e1ngeles<\/span>.<\/em><\/strong><strong><em> 1429. Temple y oro sobre tabla. 77 x 43 cm. Polo Museale della Toscana. Museo de san Marco. Florencia.<\/em><\/strong><\/p>\n<p style=\"text-align: center;\"><img loading=\"lazy\" decoding=\"async\" class=\"alignnone wp-image-6806\" src=\"http:\/\/loscordonesquemeatocadadia.com\/es\/wp-content\/uploads\/2019\/07\/Fra-Angelico-La-Virgen-y-el-Ni\u00f1o-con-cuatro-\u00e1ngeles.-Museo-del-Prado-189x300.jpg\" alt=\"\" width=\"401\" height=\"637\" srcset=\"https:\/\/loscordonesquemeatocadadia.com\/es\/wp-content\/uploads\/2019\/07\/Fra-Angelico-La-Virgen-y-el-Ni\u00f1o-con-cuatro-\u00e1ngeles.-Museo-del-Prado-189x300.jpg 189w, https:\/\/loscordonesquemeatocadadia.com\/es\/wp-content\/uploads\/2019\/07\/Fra-Angelico-La-Virgen-y-el-Ni\u00f1o-con-cuatro-\u00e1ngeles.-Museo-del-Prado-768x1220.jpg 768w, https:\/\/loscordonesquemeatocadadia.com\/es\/wp-content\/uploads\/2019\/07\/Fra-Angelico-La-Virgen-y-el-Ni\u00f1o-con-cuatro-\u00e1ngeles.-Museo-del-Prado-644x1024.jpg 644w\" sizes=\"auto, (max-width: 401px) 100vw, 401px\" \/><\/p>\n<p style=\"text-align: center;\"><strong><em>Fra Ang\u00e9lico. <\/em><\/strong><strong><em>La Virgen y el Ni\u00f1o con cuatro <\/em><\/strong><span style=\"color: #ff0000;\"><strong><em>\u00e1ngeles<\/em><\/strong><\/span><strong><em>. 1417 \u2013 1419. Temple y oro sobre tabla, 81 x 51 cm. Museo Estatal del Hermitage.<\/em><\/strong> <strong><em>San Petersburgo. Rusia.<\/em><\/strong><\/p>\n<p style=\"text-align: center;\"><img loading=\"lazy\" decoding=\"async\" class=\"alignnone wp-image-6813\" src=\"http:\/\/loscordonesquemeatocadadia.com\/es\/wp-content\/uploads\/2019\/07\/Fra-Angelico-Dieciocho-beatos-dominicos.-Museo-del-Prado-215x300.jpg\" alt=\"\" width=\"442\" height=\"614\" \/><\/p>\n<p style=\"text-align: center;\"><strong><em>Fra Ang\u00e9lico. <\/em><\/strong><strong><em>Dieciocho beatos dominicos. Tablas del retablo mayor de San Domenico en Fi\u00e9sole. 1419 y 1421 \u2013 1422. Temple, plata y oro sobre tabla. 31,8 x 21,9 cm. The National Gallery<\/em><\/strong><em>. <\/em><strong><em>Londres.<\/em><\/strong><\/p>\n<p style=\"text-align: justify;\">En la Florencia del Renacimiento hac\u00edan frecuentes representaciones teatrales en las calles, concibiendo los artistas sus composiciones como si estuvieran dirigiendo a actores en la escena. A veces, se utilizaban pinturas como telones de fondo de determinadas ceremonias.<\/p>\n<p style=\"text-align: justify;\">Por ejemplo,<strong><em> El relicario de la Coronaci\u00f3n de la Virgen<\/em><\/strong> que pint\u00f3 Fra Ang\u00e9lico, se llevaba hasta el altar mayor de Santa Mar\u00eda Novella en las grandes festividades. <strong><em>El gran grupo de la Crucifixi\u00f3n en siluetas<\/em><\/strong> lo realiz\u00f3 para una organizaci\u00f3n juvenil en la que se recitaban las plegarias ante \u00e9l. En los \u00faltimos a\u00f1os de la d\u00e9cada de 1430, Fra Ang\u00e9lico pint\u00f3 al fresco escenas similares en las celdas del reformista convento dominico de San Marco.<\/p>\n<p><img loading=\"lazy\" decoding=\"async\" class=\"alignnone wp-image-6804 aligncenter\" src=\"http:\/\/loscordonesquemeatocadadia.com\/es\/wp-content\/uploads\/2019\/07\/Fra-Angelico-exposici\u00f3n-La-Virgen-de-la-granada-Donatello.-Museo-del-Prado-199x300.jpg\" alt=\"\" width=\"377\" height=\"568\" srcset=\"https:\/\/loscordonesquemeatocadadia.com\/es\/wp-content\/uploads\/2019\/07\/Fra-Angelico-exposici\u00f3n-La-Virgen-de-la-granada-Donatello.-Museo-del-Prado-199x300.jpg 199w, https:\/\/loscordonesquemeatocadadia.com\/es\/wp-content\/uploads\/2019\/07\/Fra-Angelico-exposici\u00f3n-La-Virgen-de-la-granada-Donatello.-Museo-del-Prado-768x1156.jpg 768w, https:\/\/loscordonesquemeatocadadia.com\/es\/wp-content\/uploads\/2019\/07\/Fra-Angelico-exposici\u00f3n-La-Virgen-de-la-granada-Donatello.-Museo-del-Prado-680x1024.jpg 680w\" sizes=\"auto, (max-width: 377px) 100vw, 377px\" \/><\/p>\n<p style=\"text-align: center;\"><strong><em>Donatello. La Virgen de la granada. 1420.1425. Terracota policromada. 90 x 64 x 28 cm. Musei Civici Fiorentini, Museo Stefano Bardini. Florencia.<\/em><\/strong><\/p>\n<p style=\"text-align: center;\"><img loading=\"lazy\" decoding=\"async\" class=\"alignnone wp-image-6798\" src=\"http:\/\/loscordonesquemeatocadadia.com\/es\/wp-content\/uploads\/2019\/07\/375px-Masaccio_san_paolo_pisa-167x300.jpg\" alt=\"\" width=\"331\" height=\"595\" srcset=\"https:\/\/loscordonesquemeatocadadia.com\/es\/wp-content\/uploads\/2019\/07\/375px-Masaccio_san_paolo_pisa-167x300.jpg 167w, https:\/\/loscordonesquemeatocadadia.com\/es\/wp-content\/uploads\/2019\/07\/375px-Masaccio_san_paolo_pisa.jpg 375w\" sizes=\"auto, (max-width: 331px) 100vw, 331px\" \/><\/p>\n<p style=\"text-align: center;\"><strong><em>Masaccio. San Pablo. 1426. Temple sobre tabla. 51 x 30 cm. Museo nazionale de san Mateo. Pisa. Italia.<\/em><\/strong><\/p>\n<p style=\"text-align: center;\"><img loading=\"lazy\" decoding=\"async\" class=\"alignnone wp-image-6823\" src=\"http:\/\/loscordonesquemeatocadadia.com\/es\/wp-content\/uploads\/2019\/07\/Robert-Campin-La-Anunciaci\u00f3n-1-274x300.jpg\" alt=\"\" width=\"520\" height=\"571\" \/><\/p>\n<p style=\"text-align: center;\"><strong><em>Robert Campin. La Anunciaci\u00f3n.1420-1425. \u00d3leo sobre tabla de madera de roble. 76 x 70 cm. Museo del Prado. Madrid.<\/em><\/strong><\/p>\n<p style=\"text-align: center;\"><strong><em><img loading=\"lazy\" decoding=\"async\" class=\"alignnone wp-image-6814\" src=\"http:\/\/loscordonesquemeatocadadia.com\/es\/wp-content\/uploads\/2019\/07\/Paolo-Ucello-la-anunciaci\u00f3n-218x300.jpg\" alt=\"\" width=\"394\" height=\"540\" \/>\u00a0<\/em><\/strong><\/p>\n<p style=\"text-align: center;\"><strong><em>Paolo Uccello. La Anunciaci\u00f3n. 1420-1425. Temple y oro sobre tabla. 65 x 48 cm. Ashmolean Museum. Oxford. UK.<\/em><\/strong><\/p>\n<p>&nbsp;<\/p>\n<p style=\"text-align: center;\"><strong><em><img loading=\"lazy\" decoding=\"async\" class=\"alignnone wp-image-6822\" src=\"http:\/\/loscordonesquemeatocadadia.com\/es\/wp-content\/uploads\/2019\/07\/Lorenzo_Monaco_-_la-virgen-y-el-ni\u00f1o-entronizados-con-6-\u00e1ngeles-1-185x300.jpg\" alt=\"\" width=\"428\" height=\"694\" srcset=\"https:\/\/loscordonesquemeatocadadia.com\/es\/wp-content\/uploads\/2019\/07\/Lorenzo_Monaco_-_la-virgen-y-el-ni\u00f1o-entronizados-con-6-\u00e1ngeles-1-185x300.jpg 185w, https:\/\/loscordonesquemeatocadadia.com\/es\/wp-content\/uploads\/2019\/07\/Lorenzo_Monaco_-_la-virgen-y-el-ni\u00f1o-entronizados-con-6-\u00e1ngeles-1.jpg 850w\" sizes=\"auto, (max-width: 428px) 100vw, 428px\" \/>\u00a0<\/em><\/strong><\/p>\n<p style=\"text-align: center;\"><strong><em>Lorenzo\u00a0 M\u00f3naco. La Virgen y El Ni\u00f1o entronizados con 6 <span style=\"color: #ff0000;\">\u00e1ngeles<\/span>. 1415-1420. Temple y oro sobre tabla. 19,1 x 30 cm. Museo Thyssen-Bornemisza. Madrid.<\/em><\/strong><\/p>\n<p style=\"text-align: center;\"><img loading=\"lazy\" decoding=\"async\" class=\"alignnone wp-image-6815\" src=\"http:\/\/loscordonesquemeatocadadia.com\/es\/wp-content\/uploads\/2019\/07\/Pedro-Berruguete-Cristo-en-la-Cruz-220x300.jpg\" alt=\"\" width=\"438\" height=\"597\" srcset=\"https:\/\/loscordonesquemeatocadadia.com\/es\/wp-content\/uploads\/2019\/07\/Pedro-Berruguete-Cristo-en-la-Cruz-220x300.jpg 220w, https:\/\/loscordonesquemeatocadadia.com\/es\/wp-content\/uploads\/2019\/07\/Pedro-Berruguete-Cristo-en-la-Cruz.jpg 570w\" sizes=\"auto, (max-width: 438px) 100vw, 438px\" \/><\/p>\n<p style=\"text-align: center;\"><strong><em>\u00a0<\/em><\/strong><strong><em>Pedro Berruguete. Cristo en la cruz. 1493-1498. \u00d3leo sobre tabla. 186 x 131 cm. Diputaci\u00f3n de Segovia. Segovia.<\/em><\/strong><\/p>\n<p style=\"text-align: center;\"><strong><em>\u00bfY qui\u00e9n son los <span style=\"color: #ff0000;\">\u00e1ngeles<\/span> que aparecen tan frecuentemente en todas las obras del Renacimiento?<\/em><\/strong><\/p>\n","protected":false},"excerpt":{"rendered":"<p>Esta exposici\u00f3n realz\u00f3 el valor art\u00edstico del Primer Renacimiento florentino, entre los a\u00f1os 1420 y 1430 aproximadamente, haciendo especial \u00e9nfasis en Fra Ang\u00e9lico, uno de los grandes maestros de este per\u00edodo, pudi\u00e9ndose apreciar su participaci\u00f3n en ese tiempo en las artes de Florencia, y su relaci\u00f3n con otros grandes maestros: Ghiberti -que le esculp\u00eda figuras [&hellip;]<\/p>\n","protected":false},"author":2,"featured_media":6745,"comment_status":"open","ping_status":"closed","sticky":false,"template":"","format":"standard","meta":{"_mo_disable_npp":"","om_disable_all_campaigns":false,"_monsterinsights_skip_tracking":false,"_monsterinsights_sitenote_active":false,"_monsterinsights_sitenote_note":"","_monsterinsights_sitenote_category":0,"_uf_show_specific_survey":0,"_uf_disable_surveys":false,"footnotes":""},"categories":[1],"tags":[1084,1088,1072,1085,1083,1086,1087],"class_list":["post-6518","post","type-post","status-publish","format-standard","has-post-thumbnail","hentry","category-la-emocion-del-arte","tag-berruguete","tag-donatello","tag-fra-angelico","tag-lorenzo-monaco","tag-masaccio","tag-paolo-ucello","tag-robert-campin"],"aioseo_notices":[],"post_mailing_queue_ids":[],"_links":{"self":[{"href":"https:\/\/loscordonesquemeatocadadia.com\/es\/wp-json\/wp\/v2\/posts\/6518","targetHints":{"allow":["GET"]}}],"collection":[{"href":"https:\/\/loscordonesquemeatocadadia.com\/es\/wp-json\/wp\/v2\/posts"}],"about":[{"href":"https:\/\/loscordonesquemeatocadadia.com\/es\/wp-json\/wp\/v2\/types\/post"}],"author":[{"embeddable":true,"href":"https:\/\/loscordonesquemeatocadadia.com\/es\/wp-json\/wp\/v2\/users\/2"}],"replies":[{"embeddable":true,"href":"https:\/\/loscordonesquemeatocadadia.com\/es\/wp-json\/wp\/v2\/comments?post=6518"}],"version-history":[{"count":17,"href":"https:\/\/loscordonesquemeatocadadia.com\/es\/wp-json\/wp\/v2\/posts\/6518\/revisions"}],"predecessor-version":[{"id":7935,"href":"https:\/\/loscordonesquemeatocadadia.com\/es\/wp-json\/wp\/v2\/posts\/6518\/revisions\/7935"}],"wp:featuredmedia":[{"embeddable":true,"href":"https:\/\/loscordonesquemeatocadadia.com\/es\/wp-json\/wp\/v2\/media\/6745"}],"wp:attachment":[{"href":"https:\/\/loscordonesquemeatocadadia.com\/es\/wp-json\/wp\/v2\/media?parent=6518"}],"wp:term":[{"taxonomy":"category","embeddable":true,"href":"https:\/\/loscordonesquemeatocadadia.com\/es\/wp-json\/wp\/v2\/categories?post=6518"},{"taxonomy":"post_tag","embeddable":true,"href":"https:\/\/loscordonesquemeatocadadia.com\/es\/wp-json\/wp\/v2\/tags?post=6518"}],"curies":[{"name":"wp","href":"https:\/\/api.w.org\/{rel}","templated":true}]}}