{"id":7018,"date":"2019-11-02T09:00:46","date_gmt":"2019-11-02T08:00:46","guid":{"rendered":"http:\/\/loscordonesquemeatocadadia.com\/es\/?p=7018"},"modified":"2019-10-25T13:11:13","modified_gmt":"2019-10-25T12:11:13","slug":"la-bohemia-de-paris-de-principios-del-xix-parte-2","status":"publish","type":"post","link":"https:\/\/loscordonesquemeatocadadia.com\/es\/2019\/11\/02\/la-bohemia-de-paris-de-principios-del-xix-parte-2\/","title":{"rendered":"La bohemia de Par\u00eds de principios del XIX. Parte 2."},"content":{"rendered":"<audio class=\"wp-audio-shortcode\" id=\"audio-7018-1\" loop autoplay preload=\"auto\" style=\"width: 100%;\" controls=\"controls\"><source type=\"audio\/mpeg\" src=\"http:\/\/loscordonesquemeatocadadia.com\/es\/wp-content\/uploads\/2019\/09\/2-Luciano-Pavarotti-O-soave-fanciulla-better-quality.mp3?_=1\" \/><a href=\"http:\/\/loscordonesquemeatocadadia.com\/es\/wp-content\/uploads\/2019\/09\/2-Luciano-Pavarotti-O-soave-fanciulla-better-quality.mp3\">http:\/\/loscordonesquemeatocadadia.com\/es\/wp-content\/uploads\/2019\/09\/2-Luciano-Pavarotti-O-soave-fanciulla-better-quality.mp3<\/a><\/audio>\n<p style=\"text-align: justify;\">Mim\u00ed acudi\u00f3 a la taberna para hablar con Marcello y comentarle la situaci\u00f3n por la que pasaba su relaci\u00f3n con Rodolfo. Apareci\u00f3 nerviosa, p\u00e1lida y con una terrible tos, dirigi\u00e9ndose directamente a Marcello, que al verla llegar tan alterada, par\u00f3 su trabajo, pregunt\u00e1ndole que era lo que ocurr\u00eda. <!--more-->Entre sollozos, le confes\u00f3 que su amigo Rodolfo la atormentaba y que ya hab\u00eda llegado al l\u00edmite de lo que pod\u00eda soportar. Estaba muy preocupada porque Rodolfo la rehu\u00eda y se mor\u00eda de celos, habi\u00e9ndose agriado mucho su car\u00e1cter, hasta el punto de gritarle a cada instante <em>que ya no la quer\u00eda y que se buscara otro amante.<\/em><\/p>\n<p style=\"text-align: center;\"><img loading=\"lazy\" decoding=\"async\" class=\"alignnone size-medium wp-image-7021\" src=\"http:\/\/loscordonesquemeatocadadia.com\/es\/wp-content\/uploads\/2019\/09\/3-1-300x170.jpg\" alt=\"\" width=\"300\" height=\"170\" srcset=\"https:\/\/loscordonesquemeatocadadia.com\/es\/wp-content\/uploads\/2019\/09\/3-1-300x170.jpg 300w, https:\/\/loscordonesquemeatocadadia.com\/es\/wp-content\/uploads\/2019\/09\/3-1-768x435.jpg 768w, https:\/\/loscordonesquemeatocadadia.com\/es\/wp-content\/uploads\/2019\/09\/3-1.jpg 866w\" sizes=\"auto, (max-width: 300px) 100vw, 300px\" \/><\/p>\n<p style=\"text-align: justify;\">Marcello le habl\u00f3, buscando empatizar, de su relaci\u00f3n con Musetta, que marchaba de manera diferente y quiz\u00e1 mejor, porque ambos viv\u00edan en libertad -aunque no era as\u00ed- y le coment\u00f3 que esa noche su Rodolfo estaba en la taberna.<\/p>\n<p style=\"text-align: justify;\">Rodolfo, que esa noche hab\u00eda estado bebiendo en la taberna, se hab\u00eda quedado dormido en una mesa, despert\u00e1ndose en ese momento, saliendo al g\u00e9lido amanecer parisino para espabilarse un poco de la resaca. Vi\u00e9ndole Mim\u00ed, pero sin ser vista, se escondi\u00f3\u00a0 tras la puerta de un almac\u00e9n\u00a0 en donde se guardaban sillas y mesas.<\/p>\n<p style=\"text-align: justify;\">Al entrar, Rodolfo se par\u00f3 delante de Marcello, y sin ser preguntado, motu proprio, le relat\u00f3 con cara de preocupaci\u00f3n que Mim\u00ed se hab\u00eda vuelto una coqueta insufrible y que adem\u00e1s\u00a0 estaba muy enferma,\u00a0 y aun reconociendo que todav\u00eda la amaba, se sent\u00eda obligado a romper la relaci\u00f3n, al no poder costear los gastos de la enfermedad.<\/p>\n<p style=\"text-align: justify;\">Marcello le acab\u00f3 preguntando si era celoso, admiti\u00e9ndolo Rodolfo, pero de forma ambigua. Al final, acab\u00f3 reconociendo su verdadera pena: Mim\u00ec est\u00e1 muy enferma y sent\u00eda que \u00e9l era el culpable del mal que la estaba matando, manifestando su preocupaci\u00f3n, porqu\u00e9 sab\u00eda que el amor no bastaba para salvarla.<\/p>\n<p style=\"text-align: justify;\">Al o\u00edr los comentarios de Rodolfo sobre su verdadero estado de salud, Mim\u00ed no pudo evitar los sollozos y la tos, lo que delat\u00f3 su presencia, saliendo de su escondite y uni\u00e9ndose a los dos amigos. Su amado trat\u00f3 de tranquilizarla, asegur\u00e1ndole que hab\u00eda exagerado, pero Mim\u00ed ya totalmente desconsolada y sin poder controlar su tos, le dijo que quer\u00eda separarse de \u00e9l desde ese mismo momento, entendiendo el punto de vista de Rodolfo. \u00c9ste trat\u00f3 de convencerla para que se dieran un tiempo juntos, por lo menos hasta la llegada de la primavera.<\/p>\n<p style=\"text-align: justify;\">Simult\u00e1neamente Musetta, ya acabada su clase, se re\u00eda alegremente, frivolizando de forma no muy conveniente con el camarero, reproch\u00e1ndole Marcello desde lejos y a voces, sus coqueteos. Ambos, se despidieron cruz\u00e1ndose desagradables voces.<\/p>\n<p style=\"text-align: justify;\">Al fin lleg\u00f3 la primavera, y tanto Rodolfo como Marcello ya se hab\u00edan separado de sus respectivas parejas. Viviendo de nuevo los cuatro en la buhardilla del barrio latino, Rodolfo y Marcello, intentaban en vano concentrarse en sus trabajos, mientras lamentaban haberse separado de ellas.<\/p>\n<p style=\"text-align: justify;\">Pronto llegaron los otros dos amigos intentando hacer olvidar las penas amatorias de los dos primeros con bromas, vino y chanzas. De repente, llamaron a la puerta y apareci\u00f3 Musetta muy agitada, anunciando que detr\u00e1s de ella sub\u00eda Mim\u00ed muy d\u00e9bil, enferma, y casi sin fuerzas para subir la escalera.<\/p>\n<p style=\"text-align: justify;\">Salieron en tromba a recoger y ayudar a Mim\u00ed, tom\u00e1ndola Rodolfo en sus brazos y deposit\u00e1ndola en su cama al llegar a la buhardilla. Musetta relat\u00f3 que la hab\u00eda encontrado en la calle en un deplorable estado, pidi\u00e9ndole a Marcello que fuera a empe\u00f1ar lo que tuviera en ese momento disponible, para poder llamar a un m\u00e9dico, comprar medicinas y algo que le pudiera hacer entrar en calor a la enferma.<\/p>\n<p style=\"text-align: justify;\">Nadie pareci\u00f3 tener algo de valor que pudiera vender o empe\u00f1ar, a excepci\u00f3n de Colline, que se despidi\u00f3 de su abrigo con solemnidad y emoci\u00f3n, antes de d\u00e1rselo a Alexandre y a Colline que salieron corriendo, abrigo en ristre.<\/p>\n<p style=\"text-align: justify;\">Las dos parejas, quiz\u00e1 influenciadas por el dolor y la tristeza, parecieron reconciliarse, recordando los momentos de felicidad vividos. Viendo la g\u00e9lida temperatura de las manos de Mim\u00ed, Mussetta y Marcello salieron a buscar un manguito para calentarlas.<\/p>\n<p style=\"text-align: justify;\">Una vez solos, Mim\u00ed y Rodolfo evocaron el primer encuentro, la vela apagada, la llave perdida&#8230;hasta que un ataque de tos les devolvi\u00f3 a la triste realidad. La llegada de Musetta con un manguito para que las manos de Mim\u00ec se calentaran hizo sentir a todos que comenzaba el inicio del fin de Mim\u00ed.<\/p>\n<p style=\"text-align: center;\"><img loading=\"lazy\" decoding=\"async\" class=\"alignnone wp-image-6992\" src=\"http:\/\/loscordonesquemeatocadadia.com\/es\/wp-content\/uploads\/2019\/09\/final-300x132.jpg\" alt=\"\" width=\"598\" height=\"263\" srcset=\"https:\/\/loscordonesquemeatocadadia.com\/es\/wp-content\/uploads\/2019\/09\/final-300x132.jpg 300w, https:\/\/loscordonesquemeatocadadia.com\/es\/wp-content\/uploads\/2019\/09\/final-768x339.jpg 768w, https:\/\/loscordonesquemeatocadadia.com\/es\/wp-content\/uploads\/2019\/09\/final.jpg 773w\" sizes=\"auto, (max-width: 598px) 100vw, 598px\" \/><\/p>\n<p style=\"text-align: justify;\">Al rato regresaron los otros dos amigos y Mim\u00ed pareci\u00f3 adormecerse. Hab\u00edan avisado a un m\u00e9dico que viv\u00eda por la zona, que les hab\u00eda contestado que ir\u00eda enseguida. Musetta rezaba con recogimiento y fervor para que Mim\u00ec se restableciera, pero pronto se dieron cuenta todos, a excepci\u00f3n de Rodolfo, que ella parec\u00eda no respirar, mientras su rostro hab\u00eda cambiado de un rictus de angustia a uno de serenidad absoluta.<\/p>\n<p style=\"text-align: justify;\">Se acercaron a ella y se dieron cuenta de que acababa de expirar. Al advertir que los amigos le miraban de un modo extra\u00f1o, Rodolfo se dio cuenta de la muerte de su amada, llorando y gritando con desesperaci\u00f3n el nombre de Mim\u00ed, mientras abrazaba su cuerpo sin vida.<\/p>\n<p>&nbsp;<\/p>\n<p style=\"text-align: justify;\"><strong>Esta es la historia, que, junto a la m\u00fasica de Giacomo Puccini, dieron vida a la \u00f3pera <em>LA BOH\u00c8ME<\/em>.<\/strong><\/p>\n<p style=\"text-align: justify;\"><strong>\u201c<em>La boh\u00e8me<\/em>\u201d<\/strong> es la cuarta del total de 12 \u00f3peras compuestas por Puccini, considerada por muchos analistas como su obra maestra, que fue representada por \u00faltima vez en el Teatro Real de Madrid en enero de 2018.<\/p>\n<p style=\"text-align: justify;\">Despu\u00e9s del \u00e9xito de su anterior producci\u00f3n l\u00edrica <em>\u201cManon Lescaut\u201d<\/em>, estrenada en 1893, Giacomo Puccini, decidi\u00f3 continuar su senda de creaci\u00f3n oper\u00edstica con una historia de Giovanni Verga titulada \u201cLa loba\u201d.<\/p>\n<p style=\"text-align: justify;\">Simult\u00e1neamente, Puccini qued\u00f3 impresionado con la novela <em>Escenas de la vida bohemia<\/em> de Henry Murger, decidiendo componer una nueva \u00f3pera sobre un libreto basado en esa obra literaria que dar\u00eda lugar a \u201c<em>La boh\u00e8me<\/em>\u201d. Para ponerla en marcha, Puccini llam\u00f3 a los libretistas Luigi Illica y Giusuppe Giacosa, que ya hab\u00edan trabajado para \u00e9l en <em>\u201cManon Lescaut<\/em>\u201d y que lo har\u00edan posteriormente tambi\u00e9n en \u201c<em>Tosca\u201d<\/em> y <em>\u201cMadama Butterfly\u201d<\/em>.<\/p>\n<p style=\"text-align: justify;\">El estreno de <em>\u201cLa boh\u00e8me\u201d <\/em>tuvo lugar el uno de febrero de 1896 en el Teatro Regio de Tur\u00edn, bajo la batuta de Arturo Toscanini. A pesar de la fr\u00eda acogida del estreno, al poco tiempo la cr\u00edtica fue consciente de encontrarse ante una de las m\u00e1ximas creaciones del g\u00e9nero l\u00edrico.<\/p>\n<p style=\"text-align: justify;\">Otro compositor Ruggero Leoncavallo, tambi\u00e9n trabaj\u00f3 en una \u00f3pera sobre el mismo tema de Henry Murger, teniendo su <em>Boh\u00e8me <\/em>un \u00e9xito mucho menor, casi intrascendente.<\/p>\n<p style=\"text-align: center;\"><img loading=\"lazy\" decoding=\"async\" class=\"alignnone wp-image-6991\" src=\"http:\/\/loscordonesquemeatocadadia.com\/es\/wp-content\/uploads\/2019\/09\/Boheme-poster1-212x300.jpg\" alt=\"\" width=\"595\" height=\"838\" \/><\/p>\n<p style=\"text-align: center;\"><em><strong>P\u00f3ster original de 1896 de\u00a0La Boh\u00e8me\u00a0por Adolfo Hohenstein.<\/strong><\/em><\/p>\n<p style=\"text-align: justify;\">\u00d3pera <a href=\"https:\/\/es.wikipedia.org\/wiki\/Verismo\"><strong><em>verista<\/em> <\/strong><\/a>en cuatro actos con los siguientes personajes<\/p>\n<p style=\"text-align: justify;\">Rodolfo, poeta.- tenor l\u00edrico.<\/p>\n<p style=\"text-align: justify;\">Marcello, pintor.- bar\u00edtono<\/p>\n<p style=\"text-align: justify;\">Colline, fil\u00f3sofo.- bajo<\/p>\n<p style=\"text-align: justify;\">Beno\u00eet, casero,- bajo<\/p>\n<p style=\"text-align: justify;\">Mim\u00ed, modista.- soprano l\u00edrica<\/p>\n<p style=\"text-align: justify;\">Musetta, coqueta.- soprano ligera<\/p>\n<p style=\"text-align: justify;\">Schaunard, m\u00fasico.- bar\u00edtono bajo<\/p>\n<p style=\"text-align: justify;\">Alcindoro, tutor de Musetta.- bajo<\/p>\n<p style=\"text-align: justify;\">Estudiantes, militares, camareros, ni\u00f1os, vendedores\u2026<\/p>\n<p style=\"text-align: justify;\">\n","protected":false},"excerpt":{"rendered":"<p>Mim\u00ed acudi\u00f3 a la taberna para hablar con Marcello y comentarle la situaci\u00f3n por la que pasaba su relaci\u00f3n con Rodolfo. Apareci\u00f3 nerviosa, p\u00e1lida y con una terrible tos, dirigi\u00e9ndose directamente a Marcello, que al verla llegar tan alterada, par\u00f3 su trabajo, pregunt\u00e1ndole que era lo que ocurr\u00eda.<\/p>\n","protected":false},"author":2,"featured_media":7005,"comment_status":"open","ping_status":"closed","sticky":false,"template":"","format":"standard","meta":{"_mo_disable_npp":"","om_disable_all_campaigns":false,"_monsterinsights_skip_tracking":false,"_monsterinsights_sitenote_active":false,"_monsterinsights_sitenote_note":"","_monsterinsights_sitenote_category":0,"_uf_show_specific_survey":0,"_uf_disable_surveys":false,"footnotes":""},"categories":[1],"tags":[],"class_list":["post-7018","post","type-post","status-publish","format-standard","has-post-thumbnail","hentry","category-la-emocion-del-arte"],"aioseo_notices":[],"post_mailing_queue_ids":[],"_links":{"self":[{"href":"https:\/\/loscordonesquemeatocadadia.com\/es\/wp-json\/wp\/v2\/posts\/7018","targetHints":{"allow":["GET"]}}],"collection":[{"href":"https:\/\/loscordonesquemeatocadadia.com\/es\/wp-json\/wp\/v2\/posts"}],"about":[{"href":"https:\/\/loscordonesquemeatocadadia.com\/es\/wp-json\/wp\/v2\/types\/post"}],"author":[{"embeddable":true,"href":"https:\/\/loscordonesquemeatocadadia.com\/es\/wp-json\/wp\/v2\/users\/2"}],"replies":[{"embeddable":true,"href":"https:\/\/loscordonesquemeatocadadia.com\/es\/wp-json\/wp\/v2\/comments?post=7018"}],"version-history":[{"count":6,"href":"https:\/\/loscordonesquemeatocadadia.com\/es\/wp-json\/wp\/v2\/posts\/7018\/revisions"}],"predecessor-version":[{"id":7185,"href":"https:\/\/loscordonesquemeatocadadia.com\/es\/wp-json\/wp\/v2\/posts\/7018\/revisions\/7185"}],"wp:featuredmedia":[{"embeddable":true,"href":"https:\/\/loscordonesquemeatocadadia.com\/es\/wp-json\/wp\/v2\/media\/7005"}],"wp:attachment":[{"href":"https:\/\/loscordonesquemeatocadadia.com\/es\/wp-json\/wp\/v2\/media?parent=7018"}],"wp:term":[{"taxonomy":"category","embeddable":true,"href":"https:\/\/loscordonesquemeatocadadia.com\/es\/wp-json\/wp\/v2\/categories?post=7018"},{"taxonomy":"post_tag","embeddable":true,"href":"https:\/\/loscordonesquemeatocadadia.com\/es\/wp-json\/wp\/v2\/tags?post=7018"}],"curies":[{"name":"wp","href":"https:\/\/api.w.org\/{rel}","templated":true}]}}