{"id":7350,"date":"2021-03-27T09:00:21","date_gmt":"2021-03-27T08:00:21","guid":{"rendered":"http:\/\/loscordonesquemeatocadadia.com\/es\/?p=7350"},"modified":"2021-03-28T13:49:50","modified_gmt":"2021-03-28T12:49:50","slug":"navarra-y-sus-monarcas-y-casas-reinantes-mientras-fue-reino-parte-6","status":"publish","type":"post","link":"https:\/\/loscordonesquemeatocadadia.com\/es\/2021\/03\/27\/navarra-y-sus-monarcas-y-casas-reinantes-mientras-fue-reino-parte-6\/","title":{"rendered":"NAVARRA Y SUS MONARCAS; CASAS REINANTES MIENTRAS FUE REINO. Parte 6."},"content":{"rendered":"<audio class=\"wp-audio-shortcode\" id=\"audio-7350-1\" loop autoplay preload=\"auto\" style=\"width: 100%;\" controls=\"controls\"><source type=\"audio\/mpeg\" src=\"http:\/\/loscordonesquemeatocadadia.com\/es\/wp-content\/uploads\/2020\/03\/YA-NO-QUIERO-TENER-FE-Juan-del-Encina-1468-1529.mp3?_=1\" \/><a href=\"http:\/\/loscordonesquemeatocadadia.com\/es\/wp-content\/uploads\/2020\/03\/YA-NO-QUIERO-TENER-FE-Juan-del-Encina-1468-1529.mp3\">http:\/\/loscordonesquemeatocadadia.com\/es\/wp-content\/uploads\/2020\/03\/YA-NO-QUIERO-TENER-FE-Juan-del-Encina-1468-1529.mp3<\/a><\/audio>\n<p style=\"text-align: justify;\">Al morir la reina <em><b>Blanca I<\/b><\/em>, su viudo, el rey de Arag\u00f3n <em><strong>Juan II<\/strong><\/em>, usurp\u00f3 el trono navarro, alegando entre otras razones el testamento de la reina, en el que recomendaba a su hijo <em><b>Carlos<\/b><\/em> <em><b>Pr\u00edncipe de Viana<\/b><\/em> que no se hiciese coronar rey de Navarra sin el consentimiento de su padre, buscando con esta cl\u00e1usula testamentaria que no se enfrentaran padre e hijo, pero consiguiendo lo contrario.<!--more--><\/p>\n<p style=\"text-align: justify;\"><em><strong>Carlos, Pr\u00edncipe de Viana<\/strong><\/em>, aunque hab\u00eda heredado el car\u00e1cter pac\u00edfico y sosegado de su madre y de su abuelo materno <strong><em>Carlos III el Noble,<\/em><\/strong> y su inter\u00e9s por mantener Navarra apartada de las garras aragonesas y francesas, coronas con ambici\u00f3n secular sobre ese reino, se vio forzado como consecuencia de esta usurpaci\u00f3n a iniciar hostilidades contra su padre, lo que supuso una guerra civil. Carlos, cont\u00f3 con el apoyo de <strong><em>Lu\u00eds de Beaumont<\/em><\/strong> y sus <em><strong>beaumonteses<\/strong>,<\/em> y del <em><strong>condestable castellano \u00c1lvaro de Luna<\/strong><\/em>, y <em><strong>Juan II,<\/strong><\/em> con la lealtad del bando nobiliario de<strong><em> Agramont<\/em> <\/strong>y sus <em><strong>agramonteses<\/strong>,<\/em> siendo apoyados ambos respectivamente por los <strong><em>o\u00f1acinos <\/em><\/strong>y los <em><strong>gamboinos<\/strong>, <\/em>ya que tanto los <strong><em><a href=\"http:\/\/aunamendi.eusko-ikaskuntza.eus\/eu\/agramonteses-y-beamonteses\/ar-6738\/\">agramonteses como los beaumonteses<\/a><\/em><\/strong> ten\u00edan alianzas con esos bandos de las tierras vascas occidentales, que hasta comienzos del siglo XIII pertenecieron al reino de Navarra: los <em>beaumonteses<\/em> con los <em>o\u00f1acinos*<\/em> y los <em>agramonteses<\/em> con los <em>gamboinos*<\/em>.<\/p>\n<p style=\"text-align: justify;\">*Los\u00a0<strong><em>gambo\u00ednos<\/em><\/strong>\u00a0eran partidarios del linaje guipuzcoano de<strong> Gamboa<\/strong>, rama de la casa alavesa de Guevara.<\/p>\n<p style=\"text-align: justify;\">*Los\u00a0<strong><em>o\u00f1acinos<\/em><\/strong>\u00a0eran los partidarios del linaje guipuzcoano de\u00a0<strong>O\u00f1az<\/strong>.<\/p>\n<p style=\"text-align: justify;\">Estos dos linajes estuvieron enfrentados en la Edad Media en las llamadas <em><a href=\"https:\/\/es.wikipedia.org\/wiki\/Guerras_de_bandos\"><strong>Guerras de bandos<\/strong><\/a>.<\/em><\/p>\n<p style=\"text-align: center;\"><img loading=\"lazy\" decoding=\"async\" class=\"alignnone wp-image-8639\" src=\"http:\/\/loscordonesquemeatocadadia.com\/es\/wp-content\/uploads\/2020\/03\/la-pacificacion-de-los-bandos-en-el-banco-de-vizcaya-de-la-plaza-de-espana-de-sevilla-cc-carlosvdehabsburgo-300x200.jpg\" alt=\"\" width=\"624\" height=\"416\" srcset=\"https:\/\/loscordonesquemeatocadadia.com\/es\/wp-content\/uploads\/2020\/03\/la-pacificacion-de-los-bandos-en-el-banco-de-vizcaya-de-la-plaza-de-espana-de-sevilla-cc-carlosvdehabsburgo-300x200.jpg 300w, https:\/\/loscordonesquemeatocadadia.com\/es\/wp-content\/uploads\/2020\/03\/la-pacificacion-de-los-bandos-en-el-banco-de-vizcaya-de-la-plaza-de-espana-de-sevilla-cc-carlosvdehabsburgo-768x511.jpg 768w, https:\/\/loscordonesquemeatocadadia.com\/es\/wp-content\/uploads\/2020\/03\/la-pacificacion-de-los-bandos-en-el-banco-de-vizcaya-de-la-plaza-de-espana-de-sevilla-cc-carlosvdehabsburgo.jpg 992w\" sizes=\"auto, (max-width: 624px) 100vw, 624px\" \/><\/p>\n<p style=\"text-align: center;\"><strong><em>La pacificaci\u00f3n de los bandos en el banco de Vizcaya de la Plaza de Espa\u00f1a de Sevilla. Carlos I de Espa\u00f1a.<\/em><\/strong><\/p>\n<p style=\"text-align: justify;\">Buscando apoyos militares para resolver el conflicto a su favor, <em><strong>Juan II<\/strong><\/em> se cas\u00f3 en segundas nupcias con <strong><em>Juana Enr\u00edquez Fern\u00e1ndez de C\u00f3rdoba<\/em><\/strong>, hija del almirante de Castilla, matrimonio del que naci\u00f3 el futuro <strong><em>Fernando el Cat\u00f3lico, <\/em><\/strong>31 a\u00f1os despu\u00e9s del nacimiento de su hermanastro <strong><em>Carlos de Viana<\/em><\/strong>.<\/p>\n<p style=\"text-align: justify;\">Padre e hijo iniciaron la Guerra Civil de Navarra que comenz\u00f3 en 1451 y termin\u00f3 -moment\u00e1neamente- el 22 de noviembre de 1464 con la Concordia de Tarragona, firmada entre Juan II y los l\u00edderes beaumonteses, por la que fue reconocido rey de Navarra tres a\u00f1os despu\u00e9s de morir Carlos y ya tambi\u00e9n fallecida su hermana Blanca -la siguiente en el derecho a la sucesi\u00f3n- en prisi\u00f3n, dos a\u00f1os despu\u00e9s de Carlos.<\/p>\n<p style=\"text-align: justify;\">Carlos y su padre se enfrentaron por primera vez el 23 de octubre de 1451 en la batalla de<strong> Aibar<\/strong>, donde <b><i>el Pr\u00edncipe de Viana <\/i><\/b>fue derrotado, desheredado y desterrado, quedando Navarra en manos de\u00a0<strong>Juan de Beaumont<\/strong>. <em>Carlos de Viana<\/em> se lanz\u00f3 a la b\u00fasqueda de aliados por Europa, aunque s\u00f3lo obtuvo vagas promesas. Volvi\u00f3 a Arag\u00f3n pensando que al haber heredado ya su padre la corona de Arag\u00f3n, a la muerte de su hermano <strong><em>Alfonso V<\/em><\/strong> <strong><em>el Magn\u00e1nimo<\/em><\/strong>, podr\u00eda reconciliarse con \u00e9l y ser nombrado heredero de Arag\u00f3n y rey de Navarra.<\/p>\n<p style=\"text-align: center;\"><img loading=\"lazy\" decoding=\"async\" class=\"alignnone wp-image-8655\" src=\"http:\/\/loscordonesquemeatocadadia.com\/es\/wp-content\/uploads\/2020\/03\/carlos-300x168.jpg\" alt=\"\" width=\"523\" height=\"293\" srcset=\"https:\/\/loscordonesquemeatocadadia.com\/es\/wp-content\/uploads\/2020\/03\/carlos-300x168.jpg 300w, https:\/\/loscordonesquemeatocadadia.com\/es\/wp-content\/uploads\/2020\/03\/carlos-1024x573.jpg 1024w, https:\/\/loscordonesquemeatocadadia.com\/es\/wp-content\/uploads\/2020\/03\/carlos-768x430.jpg 768w, https:\/\/loscordonesquemeatocadadia.com\/es\/wp-content\/uploads\/2020\/03\/carlos-953x536.jpg 953w, https:\/\/loscordonesquemeatocadadia.com\/es\/wp-content\/uploads\/2020\/03\/carlos.jpg 1036w\" sizes=\"auto, (max-width: 523px) 100vw, 523px\" \/><\/p>\n<p style=\"text-align: center;\"><em><strong>Carlos, Pr\u00edncipe de Viana.<\/strong><\/em><\/p>\n<p style=\"text-align: justify;\">En 1455, Juan II <strong>deshered\u00f3 a su hijo Carlos<\/strong>, heredero legal al trono de Navarra, e hizo lo propio con su segunda hija Blanca. Forz\u00f3 a que su hija menor <strong><em>Leonor<\/em><\/strong>, con 31 a\u00f1os, y su marido <strong><em>Gast\u00f3n de <span style=\"color: #ff0000;\">Foix<\/span><\/em><\/strong>\u00a0 fueran proclamados herederos al trono de Navarra.<\/p>\n<p style=\"text-align: justify;\"><strong><em>Enrique IV de Castilla<\/em><\/strong> ofreci\u00f3 al pr\u00edncipe de Viana la mano de su hermanastra <strong><em>Isabel <\/em><\/strong>-m\u00e1s tarde <strong><em>la Cat\u00f3lica<\/em><\/strong>-, ofrecimiento que\u00a0 Carlos no acept\u00f3, marchando a Barcelona en marzo de 1460, en donde fue recibido en olor de multitudes. Su padre <strong><em>Juan II de Arag\u00f3n,<\/em><\/strong> march\u00f3 hacia Barcelona tambi\u00e9n, con su otro hijo,\u00a0<strong>el infante Fernando<\/strong> y con su esposa <em><strong>Juana Enr\u00edquez<\/strong><\/em>, para poner de manifiesto qui\u00e9n era el aut\u00e9ntico soberano. <em><strong>Juan II<\/strong> <\/em>orden\u00f3 el arresto de su hijo <em><strong>Carlos<\/strong><\/em> y de sus principales colaboradores y su posterior encierro en L\u00e9rida. La prisi\u00f3n de Carlos provoc\u00f3 que la mayor parte de los se\u00f1ores catalanes y la Diputaci\u00f3n del General salieran en defensa del pr\u00edncipe navarro y que la insurrecci\u00f3n se extendiera por toda Catalu\u00f1a.<\/p>\n<p style=\"text-align: center;\"><img loading=\"lazy\" decoding=\"async\" class=\"alignnone wp-image-8651\" src=\"http:\/\/loscordonesquemeatocadadia.com\/es\/wp-content\/uploads\/2020\/03\/La_prisi\u00f3n_del_Pr\u00edncipe_de_Viana_-_Tom\u00e1s_Mu\u00f1oz_Lucena-300x203.jpg\" alt=\"\" width=\"471\" height=\"319\" srcset=\"https:\/\/loscordonesquemeatocadadia.com\/es\/wp-content\/uploads\/2020\/03\/La_prisi\u00f3n_del_Pr\u00edncipe_de_Viana_-_Tom\u00e1s_Mu\u00f1oz_Lucena-300x203.jpg 300w, https:\/\/loscordonesquemeatocadadia.com\/es\/wp-content\/uploads\/2020\/03\/La_prisi\u00f3n_del_Pr\u00edncipe_de_Viana_-_Tom\u00e1s_Mu\u00f1oz_Lucena-1024x691.jpg 1024w, https:\/\/loscordonesquemeatocadadia.com\/es\/wp-content\/uploads\/2020\/03\/La_prisi\u00f3n_del_Pr\u00edncipe_de_Viana_-_Tom\u00e1s_Mu\u00f1oz_Lucena-768x518.jpg 768w, https:\/\/loscordonesquemeatocadadia.com\/es\/wp-content\/uploads\/2020\/03\/La_prisi\u00f3n_del_Pr\u00edncipe_de_Viana_-_Tom\u00e1s_Mu\u00f1oz_Lucena.jpg 1200w\" sizes=\"auto, (max-width: 471px) 100vw, 471px\" \/><\/p>\n<p style=\"text-align: center;\"><strong><em>Tom\u00e1s Mu\u00f1oz Lucena. La prisi\u00f3n del Pr\u00edncipe de Viana. 1888. \u00d3leo sobre lienzo. 98 x\u00a0 145,5 cm. <span class=\"firma\">Museo de Bellas Artes de C\u00f3rdoba.<\/span><\/em><\/strong><\/p>\n<p style=\"text-align: justify;\">Las voces en favor de nombrar heredero a <strong><em>Carlos<\/em><\/strong> tambi\u00e9n resonaban en <strong>Mallorca, Valencia, Sicilia y Cerde\u00f1a<\/strong>, e incluso, se vivieron varias incursiones de rebeldes catalanes en Arag\u00f3n. Procurando atajar la rebeli\u00f3n, Juan II accedi\u00f3 a liberar a su hijo en marzo de 1461 y a concederle la lugartenencia general de Catalu\u00f1a, as\u00ed como a reconocerle heredero\u00a0 de <span style=\"color: #ff0000;\"><strong><em>ese<\/em><\/strong><\/span> territorio.<\/p>\n<p style=\"text-align: justify;\">Tras entrar triunfante nuevamente en\u00a0<strong>Barcelona<\/strong>, Carlos de Viana se reuni\u00f3 con la Diputaci\u00f3n del General para escuchar las exigencias que esta instituci\u00f3n quer\u00eda hacer llegar a Juan II, exigencias que adquir\u00edan la categor\u00eda de insolencia en el caso de la principal: <em>quedaba prohibida la entrada del Rey en el principado sin el permiso de las autoridades.<\/em> Para el pueblo catal\u00e1n, el pr\u00edncipe era un mito, en quien se aunaban las virtudes del santo y las del caballero, y <em>por el cual, era alegre y liviana cosa el ofrendar la vida<\/em>.<\/p>\n<p style=\"text-align: justify;\">Cuando padre e hijo se dispon\u00edan a reanudar las hostilidades, se produjo la sorprendente muerte de <em>Carlos de Viana<\/em>, a los 40 a\u00f1os, el 23 de septiembre de 1461; su madrastra, <strong><em>Juana Enr\u00edquez <\/em><\/strong>fue acusada de haberle envenenado, y su padre de haberle mandado asesinar, aunque realmente la salud del pr\u00edncipe nunca hab\u00eda sido buena, padeciendo tuberculosis, que se agrav\u00f3 desde su encarcelamiento en una celda h\u00fameda, sin ropa adecuada y mal alimentado.<\/p>\n<p style=\"text-align: justify;\">La desaparici\u00f3n de Carlos reforz\u00f3 la autoridad de su padre en\u00a0<strong>Catalu\u00f1a<\/strong>\u00a0y allan\u00f3 el ascenso al trono de su hermanastro <em><strong>Fernando<\/strong><\/em>,<\/p>\n<p style=\"text-align: justify;\">En abril de 1462 -un a\u00f1o despu\u00e9s de morir Carlos de Viana- Juan II firm\u00f3 con su hija menor <strong><em>Leonor\u00a0<\/em><\/strong> y su yerno <em><strong>Gast\u00f3n de <span style=\"color: #ff0000;\">Foix<\/span><\/strong><\/em>\u00a0 -casados en 1441- el <strong><em>Tratado de Olite<\/em><\/strong>, por el que se reconoc\u00eda <em><strong>rey de Navarra a Juan II<\/strong><\/em>, al que suceder\u00eda <em><strong>Leonor<\/strong><\/em>, siendo <em>conveniente y necesaria<\/em> la desaparici\u00f3n previa de la <em>\u201cleg\u00edtima\u201d<\/em> heredera, tras la muerte de Carlos el a\u00f1o anterior, su hermana <em><strong>Blanca<\/strong><\/em>, que fue entregada a <em>Leonor y Gast\u00f3n<\/em> y encerrada en la torre Moncada, donde falleci\u00f3 dos a\u00f1os despu\u00e9s, en 1464, ejerciendo Leonor la lugartenencia del reino.<\/p>\n<p style=\"text-align: center;\"><img loading=\"lazy\" decoding=\"async\" class=\"alignnone size-medium wp-image-8621\" src=\"http:\/\/loscordonesquemeatocadadia.com\/es\/wp-content\/uploads\/2020\/03\/leonor-I-234x300.jpg\" alt=\"\" width=\"234\" height=\"300\" srcset=\"https:\/\/loscordonesquemeatocadadia.com\/es\/wp-content\/uploads\/2020\/03\/leonor-I-234x300.jpg 234w, https:\/\/loscordonesquemeatocadadia.com\/es\/wp-content\/uploads\/2020\/03\/leonor-I.jpg 285w\" sizes=\"auto, (max-width: 234px) 100vw, 234px\" \/><\/p>\n<p style=\"text-align: center;\"><em><strong>Leonor I.<\/strong><\/em><\/p>\n<p style=\"text-align: justify;\">Al a\u00f1o siguiente, Leonor firm\u00f3 una tregua con los <em>beaumonteses,\u00a0<\/em>pasando a intentar pugnar por el trono navarro, apoy\u00e1ndose en los mismos, utilizando su padre a los agramonteses.<\/p>\n<p style=\"text-align: justify;\">En 1468 Juan II mand\u00f3 asesinar al obispo de Pamplona, Nicol\u00e1s de Ch\u00e1varri, primer consejero de su hija Leonor, destituyendo a la misma del cargo de lugarteniente, nombrando heredero de la corona navarra a su <em>nieto\u00a0 <strong>Gast\u00f3n V<\/strong> <span style=\"color: #ff0000;\"><strong>de Foix<\/strong><\/span><\/em> -hijo de <em><strong>Leonor <\/strong><strong>y Gast\u00f3n<\/strong><\/em>\u00a0<em><strong> IV<\/strong> <\/em>de Foix-. El marido de Leonor mur\u00ed\u00f3\u00a0 en 1472 y\u00a0 su hijo <em><strong>Gast\u00f3n V<\/strong>,<\/em> ya nombrado heredero, falleci\u00f3 tambi\u00e9n en un torneo celebrado en Libourne en1470, debiendo designar de nuevo para el cargo a <strong><em>Leonor<\/em><\/strong> en 1471, y ya <em>sine die<\/em>.<\/p>\n<p style=\"text-align: center;\"><img loading=\"lazy\" decoding=\"async\" class=\"alignnone wp-image-8640\" src=\"http:\/\/loscordonesquemeatocadadia.com\/es\/wp-content\/uploads\/2020\/03\/Libourne1071550muertedelPrincipedeViana-Gast\u00f3n-de-Foix-II-hijo-300x210.jpg\" alt=\"\" width=\"529\" height=\"370\" srcset=\"https:\/\/loscordonesquemeatocadadia.com\/es\/wp-content\/uploads\/2020\/03\/Libourne1071550muertedelPrincipedeViana-Gast\u00f3n-de-Foix-II-hijo-300x210.jpg 300w, https:\/\/loscordonesquemeatocadadia.com\/es\/wp-content\/uploads\/2020\/03\/Libourne1071550muertedelPrincipedeViana-Gast\u00f3n-de-Foix-II-hijo.jpg 401w\" sizes=\"auto, (max-width: 529px) 100vw, 529px\" \/><\/p>\n<p style=\"text-align: center;\"><strong><em>Tormeo de Libourne en 1470.<\/em><\/strong><\/p>\n<p style=\"text-align: justify;\">Gast\u00f3n IV de Foix, colaborador fiel de Juan II, para ayudar a su suegro en Barcelona durante los desencuentros entre Carlos Pr\u00edncipe de Viana y su padre, ret\u00f3 a los caballeros de Barcelona que quisieran, a celebrar una justa con \u00e9l, con la \u00fanica condici\u00f3n de que previamente deber\u00edan coger una manzana de oro, de las que hab\u00eda mandado colocar en un pino\u00a0 en el paseo del Borne. Fueron 7 y con todos combati\u00f3 y a todos venci\u00f3. Desde entonces, se hizo llamar <em>e<\/em><i>l caballero de las manzanas de oro<\/i>.<\/p>\n<p style=\"text-align: justify;\">Muerto Gast\u00f3n IV de Foix, y viendo Leonor -que no era a\u00fan titular de la corona-, que Francia, Castilla y naturalmente Arag\u00f3n, acosaban el reino de Navarra,\u00a0 busc\u00f3 apoyo en los agramonteses, ya que Fernando de Arag\u00f3n se hab\u00eda atra\u00eddo a los beaumonteses. En enero de 1479 muri\u00f3 <strong><em>Juan II<\/em><\/strong>, siendo jurada reina <strong><em>Leonor<\/em><em> I<\/em><\/strong> el 28 del mismo mes en Tudela, <strong><em>en donde muri\u00f3 quince d\u00edas m\u00e1s tarde.<\/em><\/strong><\/p>\n<p style=\"text-align: justify;\">La guerra civil prosigui\u00f3 tras la muerte de Carlos y los desencuentros entre unos y otros continuaron aun despu\u00e9s de la muerte de su padre Juan II, que muri\u00f3 en 1479, sobrevivi\u00e9ndole por parte de la descendencia habida con <strong><em>Blanca I de Navarra<\/em><\/strong>, s\u00f3lo su hija menor <em><strong>Leonor.<\/strong><\/em><\/p>\n<p style=\"text-align: justify;\">En su testamento, Leonor, reivindic\u00f3 todos los t\u00edtulos de su hermano Carlos, seg\u00fan lo dispuesto por su madre <strong><em>Blanca I<\/em><\/strong>. Dispuso asimismo que el heredero fuera su nieto <strong><em>Francisco I de<span style=\"background-color: #ffffff; color: #ff0000;\"> Foix,<\/span> Febo<\/em><\/strong> -su hijo <strong><em>Gast\u00f3n,<\/em><\/strong> casado con <strong><em>Madeleine de Valois<\/em><\/strong> hab\u00eda muerto-, recomend\u00e1ndole que se sometiera a la protecci\u00f3n del rey de Francia, <strong><em>Lu\u00eds XI el Prudente <\/em><\/strong>-hermano de<strong><em> Madeleine<\/em><\/strong>-.<\/p>\n<p style=\"text-align: center;\"><img loading=\"lazy\" decoding=\"async\" class=\"alignnone wp-image-8650\" src=\"http:\/\/loscordonesquemeatocadadia.com\/es\/wp-content\/uploads\/2020\/03\/Francisco_I_de_Navarra-FEBO-224x300.jpg\" alt=\"\" width=\"325\" height=\"435\" srcset=\"https:\/\/loscordonesquemeatocadadia.com\/es\/wp-content\/uploads\/2020\/03\/Francisco_I_de_Navarra-FEBO-224x300.jpg 224w, https:\/\/loscordonesquemeatocadadia.com\/es\/wp-content\/uploads\/2020\/03\/Francisco_I_de_Navarra-FEBO.jpg 736w\" sizes=\"auto, (max-width: 325px) 100vw, 325px\" \/><\/p>\n<p style=\"text-align: center;\"><em><strong>Francisco I de Foix, FEBO.<\/strong><\/em><\/p>\n<h2 style=\"text-align: justify;\"><span style=\"color: #ff0000;\"><em style=\"font-weight: bold;\">TERMIN\u00d3 AS\u00cd LA CASA<\/em> <strong><em>\u00c8VRAUX <\/em><\/strong>en <strong><em>NAVARRA, COMENZANDO LA CA<\/em><\/strong><\/span><span style=\"color: #ff0000;\"><strong><em>SA DE FOIX.<\/em><\/strong><\/span><\/h2>\n<p style=\"text-align: justify;\">El <em>nieto<\/em> de <strong><em>Juan II de Arag\u00f3n<\/em><\/strong>, <em><strong>Gast\u00f3n V de Foix<\/strong><\/em>, hijo primog\u00e9nito de <em>Leonor de Navarra y Gast\u00f3n IV de Foix<\/em>, casado con <em><strong>Madeleine de Francia<\/strong><\/em> hab\u00eda muerto en 1472, heredando la corona de Navarra el hijo de ambos <strong><em>Francisco I de Foix, FEBO.<\/em><\/strong><\/p>\n<p style=\"text-align: center;\"><img loading=\"lazy\" decoding=\"async\" class=\"alignnone wp-image-8642\" src=\"http:\/\/loscordonesquemeatocadadia.com\/es\/wp-content\/uploads\/2020\/03\/MadeleinedeFranceregentedeNavarramadreCatherineI.jpg\" alt=\"\" width=\"320\" height=\"470\" \/><\/p>\n<p style=\"text-align: center;\"><em><strong>Madeleine de Valois.<\/strong><\/em><\/p>\n<p style=\"text-align: justify;\">Durante el reinado de <strong><em>Francisco I de Foix, Febo<\/em><\/strong> (1479-1483) ejerci\u00f3 la regencia su madre Madeleine de Francia, hermana del rey franc\u00e9s <strong><em>Lu\u00eds XI el Prudente<\/em><\/strong>. Madeleine consigui\u00f3 al inicio de su regencia, que los agramonteses y los beaumonteses firmaran la paz de <strong><em>Aoiz<\/em><\/strong>, pero s\u00f3lo fue un espejismo, aunque qued\u00f3 para la eternidad <strong><em>el escudo de Aoiz<\/em><\/strong>, con las dos bander\u00edas unidas, simbolizadas por espadas que quedan debajo de la corona real.<\/p>\n<p style=\"text-align: center;\"><img loading=\"lazy\" decoding=\"async\" class=\"alignnone wp-image-8646\" src=\"http:\/\/loscordonesquemeatocadadia.com\/es\/wp-content\/uploads\/2020\/03\/1200px-Escudo_de_Aoiz.svg_-237x300.png\" alt=\"\" width=\"348\" height=\"442\" srcset=\"https:\/\/loscordonesquemeatocadadia.com\/es\/wp-content\/uploads\/2020\/03\/1200px-Escudo_de_Aoiz.svg_-237x300.png 237w, https:\/\/loscordonesquemeatocadadia.com\/es\/wp-content\/uploads\/2020\/03\/1200px-Escudo_de_Aoiz.svg_-808x1024.png 808w, https:\/\/loscordonesquemeatocadadia.com\/es\/wp-content\/uploads\/2020\/03\/1200px-Escudo_de_Aoiz.svg_-768x973.png 768w, https:\/\/loscordonesquemeatocadadia.com\/es\/wp-content\/uploads\/2020\/03\/1200px-Escudo_de_Aoiz.svg_.png 1200w\" sizes=\"auto, (max-width: 348px) 100vw, 348px\" \/><\/p>\n<p style=\"text-align: center;\"><em><strong>Escudo de Aoiz.<\/strong><\/em><\/p>\n<p style=\"text-align: justify;\">La muerte de <em><strong>Francisco I<\/strong> <strong>Febo <\/strong><\/em>en1483, convirti\u00f3 a su hermana <strong><em>Catalina I de Foix<\/em><\/strong> en reina de Navarra, continuando su abuela<em><strong> Madeleine <\/strong><\/em>con la regencia los primeros a\u00f1os. Hubo fuertes presiones del rey <strong><em>Fernando II de Arag\u00f3n<\/em><\/strong> <strong><em>el Cat\u00f3lico<\/em><\/strong> para acordar la boda de <strong><em>Catalina<\/em><\/strong> <strong><em>I<\/em><\/strong> con <strong><em>Juan,<\/em><\/strong> pr\u00edncipe de Asturias, hijo de los <strong><em>Reyes Cat\u00f3licos,<\/em><\/strong> reci\u00e9n nacido.<\/p>\n<p style=\"text-align: center;\"><img loading=\"lazy\" decoding=\"async\" class=\"alignnone wp-image-8648\" src=\"http:\/\/loscordonesquemeatocadadia.com\/es\/wp-content\/uploads\/2020\/03\/catalina-I.jpg\" alt=\"\" width=\"311\" height=\"387\" \/><\/p>\n<p style=\"text-align: center;\"><strong><em>Catalina I de Foix.<\/em><\/strong><\/p>\n<p style=\"text-align: justify;\">Al fin, <strong><em>Catalina<\/em><\/strong> se cas\u00f3 en 1484 con <strong><em>Juan III de <span style=\"color: #ff0000;\">Albret<\/span> <\/em><\/strong>(1469-1516) -con el benepl\u00e1cito del rey de Francia-, hijo de <em>Catalina de Rohan<\/em> -biznieta de <strong><em>Carlos II el Malo de Navarra<\/em><\/strong>&#8211; y de <em>Alano de Albret<\/em>, siendo Juan III, el \u00faltimo rey consorte de Navarra.<\/p>\n<p style=\"text-align: center;\"><img loading=\"lazy\" decoding=\"async\" class=\"alignnone size-medium wp-image-8647\" src=\"http:\/\/loscordonesquemeatocadadia.com\/es\/wp-content\/uploads\/2020\/03\/acta-de-coronacic3b3n-de-catalina-de-foix-y-juan-iii-de-albret-230x300.jpg\" alt=\"\" width=\"230\" height=\"300\" srcset=\"https:\/\/loscordonesquemeatocadadia.com\/es\/wp-content\/uploads\/2020\/03\/acta-de-coronacic3b3n-de-catalina-de-foix-y-juan-iii-de-albret-230x300.jpg 230w, https:\/\/loscordonesquemeatocadadia.com\/es\/wp-content\/uploads\/2020\/03\/acta-de-coronacic3b3n-de-catalina-de-foix-y-juan-iii-de-albret-785x1024.jpg 785w, https:\/\/loscordonesquemeatocadadia.com\/es\/wp-content\/uploads\/2020\/03\/acta-de-coronacic3b3n-de-catalina-de-foix-y-juan-iii-de-albret-768x1002.jpg 768w, https:\/\/loscordonesquemeatocadadia.com\/es\/wp-content\/uploads\/2020\/03\/acta-de-coronacic3b3n-de-catalina-de-foix-y-juan-iii-de-albret.jpg 1037w\" sizes=\"auto, (max-width: 230px) 100vw, 230px\" \/><\/p>\n<p style=\"text-align: center;\"><em><strong>Acta de coronaci\u00f3n de\u00a0 Catalina I y Juan de Albret.<\/strong><\/em><\/p>\n<p style=\"text-align: justify;\">En 1504 muri\u00f3<strong><em> Isabel la Cat\u00f3lica reina propietaria de Castilla <\/em><\/strong>y en 1506,<strong><em> Felipe I el Hermoso de Borgo\u00f1<\/em><\/strong><strong><em>a, <\/em><\/strong>marido de<strong><em> Juana I de Castilla la Loca, <\/em><\/strong>no siendo decretada la mayor\u00eda de edad de\u00a0<em><strong>Carlos I<\/strong><\/em> hasta 1515, disponiendo as\u00ed <strong><em>Fernando II de Arag\u00f3n el Cat\u00f3lico\u00a0 <\/em><\/strong>de una d\u00e9cada para manejar Castilla a su antojo aun sin ser rey, aumentando el acoso secular de Castilla -ven\u00eda de su sangre aragonesa ese deseo- sobre Navarra. La guerra civil de Navarra continuaba, sin que apenas nadie ya recordara el porqu\u00e9 de su comienzo, que hab\u00eda sido el enfrentamiento din\u00e1stico entre el Rey Juan II de Arag\u00f3n y su hijo Carlos Pr\u00edncipe de Viana.<\/p>\n<p style=\"text-align: center;\"><img loading=\"lazy\" decoding=\"async\" class=\"alignnone size-medium wp-image-8649\" src=\"http:\/\/loscordonesquemeatocadadia.com\/es\/wp-content\/uploads\/2020\/03\/FerdinandIIA-194x300.jpg\" alt=\"\" width=\"194\" height=\"300\" srcset=\"https:\/\/loscordonesquemeatocadadia.com\/es\/wp-content\/uploads\/2020\/03\/FerdinandIIA-194x300.jpg 194w, https:\/\/loscordonesquemeatocadadia.com\/es\/wp-content\/uploads\/2020\/03\/FerdinandIIA.jpg 200w\" sizes=\"auto, (max-width: 194px) 100vw, 194px\" \/><\/p>\n<p style=\"text-align: center;\"><em><strong>Fernando el Cat\u00f3lico.<\/strong><\/em><\/p>\n<p style=\"text-align: justify;\">Los beaumonteses, liderados por Lu\u00eds de Beaumont, condestable de Navarra y <strong><em>conde de Ler\u00edn<\/em><\/strong>\u00a0fueron seducidos por <strong><em>Fernando II de Arag\u00f3n<\/em><\/strong> para apoyar a Castilla, siendo los agramonteses\u00a0 fieles a los reyes de Navarra, apoyados por el rey de Francia.<\/p>\n<p style=\"text-align: justify;\">La guerra civil asolaba el reino, enfrent\u00e1ndose directamente el rey <strong><em>Juan III de <span style=\"color: #ff0000;\">Albret<\/span><\/em><\/strong> con el de Beaumont, conde de Ler\u00edn, al que embarg\u00f3 todas sus posesiones, marchando \u00e9ste, exiliado a Castilla, donde el rey Fernando le recompens\u00f3 con el marquesado de Hu\u00e9scar y la Puebla de Don Fadrique. El de Ler\u00edn continu\u00f3 acosando a pueblos y ciudades navarras, en uno de cuyos sitios -Viana- muri\u00f3 C\u00e9sar Borgia, que hab\u00eda sido acogido en Navarra por su cu\u00f1ado <strong><em>Juan III de Albret<\/em><\/strong>, al ser perseguido por el sucesor de su padre <strong><em>Alejandro VI <\/em><\/strong><em>Borgia<strong>, Pio III &#8211;<\/strong><\/em><em>Francesco Nanni Todeschini Piccolomini<\/em>e-.<\/p>\n<p style=\"text-align: center;\"><img loading=\"lazy\" decoding=\"async\" class=\"alignnone size-medium wp-image-8644\" src=\"http:\/\/loscordonesquemeatocadadia.com\/es\/wp-content\/uploads\/2020\/03\/Pope_Alexander_Vi-227x300.jpg\" alt=\"\" width=\"227\" height=\"300\" srcset=\"https:\/\/loscordonesquemeatocadadia.com\/es\/wp-content\/uploads\/2020\/03\/Pope_Alexander_Vi-227x300.jpg 227w, https:\/\/loscordonesquemeatocadadia.com\/es\/wp-content\/uploads\/2020\/03\/Pope_Alexander_Vi-775x1024.jpg 775w, https:\/\/loscordonesquemeatocadadia.com\/es\/wp-content\/uploads\/2020\/03\/Pope_Alexander_Vi-768x1015.jpg 768w, https:\/\/loscordonesquemeatocadadia.com\/es\/wp-content\/uploads\/2020\/03\/Pope_Alexander_Vi.jpg 780w\" sizes=\"auto, (max-width: 227px) 100vw, 227px\" \/><img loading=\"lazy\" decoding=\"async\" class=\"alignnone size-medium wp-image-8643\" src=\"http:\/\/loscordonesquemeatocadadia.com\/es\/wp-content\/uploads\/2020\/03\/PiusIII-232x300.jpg\" alt=\"\" width=\"232\" height=\"300\" srcset=\"https:\/\/loscordonesquemeatocadadia.com\/es\/wp-content\/uploads\/2020\/03\/PiusIII-232x300.jpg 232w, https:\/\/loscordonesquemeatocadadia.com\/es\/wp-content\/uploads\/2020\/03\/PiusIII.jpg 245w\" sizes=\"auto, (max-width: 232px) 100vw, 232px\" \/><\/p>\n<p style=\"text-align: center;\"><em><strong>To be continued in part 7.<\/strong><\/em><\/p>\n","protected":false},"excerpt":{"rendered":"<p>Al morir la reina Blanca I, su viudo, el rey de Arag\u00f3n Juan II, usurp\u00f3 el trono navarro, alegando entre otras razones el testamento de la reina, en el que recomendaba a su hijo Carlos Pr\u00edncipe de Viana que no se hiciese coronar rey de Navarra sin el consentimiento de su padre, buscando con esta [&hellip;]<\/p>\n","protected":false},"author":2,"featured_media":8652,"comment_status":"open","ping_status":"closed","sticky":false,"template":"","format":"standard","meta":{"_mo_disable_npp":"","om_disable_all_campaigns":false,"_monsterinsights_skip_tracking":false,"_monsterinsights_sitenote_active":false,"_monsterinsights_sitenote_note":"","_monsterinsights_sitenote_category":0,"_uf_show_specific_survey":0,"_uf_disable_surveys":false,"footnotes":""},"categories":[22,1,46],"tags":[1306,1302,1305,1278,1300,1307,1299,1297,1280,1304,1301,1295,1298,1303],"class_list":["post-7350","post","type-post","status-publish","format-standard","has-post-thumbnail","hentry","category-historia","category-la-emocion-del-arte","category-politica","tag-agramonteses","tag-alejandro-vi","tag-beaunonteses","tag-carlos-principe-de-viana","tag-catalina-i","tag-conde-de-lerin","tag-francisco-i-de-foix-febo","tag-gaston-iv-de-foix","tag-juan-ii-de-aragon","tag-juan-iii-de-albret","tag-leonor-i","tag-leonor-i-de-navarra","tag-magdalena-de-valois","tag-pio-iii"],"aioseo_notices":[],"post_mailing_queue_ids":[],"_links":{"self":[{"href":"https:\/\/loscordonesquemeatocadadia.com\/es\/wp-json\/wp\/v2\/posts\/7350","targetHints":{"allow":["GET"]}}],"collection":[{"href":"https:\/\/loscordonesquemeatocadadia.com\/es\/wp-json\/wp\/v2\/posts"}],"about":[{"href":"https:\/\/loscordonesquemeatocadadia.com\/es\/wp-json\/wp\/v2\/types\/post"}],"author":[{"embeddable":true,"href":"https:\/\/loscordonesquemeatocadadia.com\/es\/wp-json\/wp\/v2\/users\/2"}],"replies":[{"embeddable":true,"href":"https:\/\/loscordonesquemeatocadadia.com\/es\/wp-json\/wp\/v2\/comments?post=7350"}],"version-history":[{"count":13,"href":"https:\/\/loscordonesquemeatocadadia.com\/es\/wp-json\/wp\/v2\/posts\/7350\/revisions"}],"predecessor-version":[{"id":11009,"href":"https:\/\/loscordonesquemeatocadadia.com\/es\/wp-json\/wp\/v2\/posts\/7350\/revisions\/11009"}],"wp:featuredmedia":[{"embeddable":true,"href":"https:\/\/loscordonesquemeatocadadia.com\/es\/wp-json\/wp\/v2\/media\/8652"}],"wp:attachment":[{"href":"https:\/\/loscordonesquemeatocadadia.com\/es\/wp-json\/wp\/v2\/media?parent=7350"}],"wp:term":[{"taxonomy":"category","embeddable":true,"href":"https:\/\/loscordonesquemeatocadadia.com\/es\/wp-json\/wp\/v2\/categories?post=7350"},{"taxonomy":"post_tag","embeddable":true,"href":"https:\/\/loscordonesquemeatocadadia.com\/es\/wp-json\/wp\/v2\/tags?post=7350"}],"curies":[{"name":"wp","href":"https:\/\/api.w.org\/{rel}","templated":true}]}}