{"id":8848,"date":"2020-12-05T09:00:32","date_gmt":"2020-12-05T08:00:32","guid":{"rendered":"http:\/\/loscordonesquemeatocadadia.com\/es\/?p=8848"},"modified":"2020-12-06T09:54:54","modified_gmt":"2020-12-06T08:54:54","slug":"el-cardenal-infante-borbon-mal-tratado-por-el-rey-parte-2","status":"publish","type":"post","link":"https:\/\/loscordonesquemeatocadadia.com\/es\/2020\/12\/05\/el-cardenal-infante-borbon-mal-tratado-por-el-rey-parte-2\/","title":{"rendered":"El Cardenal Infante Borb\u00f3n mal tratado por el rey. Parte 2."},"content":{"rendered":"<audio class=\"wp-audio-shortcode\" id=\"audio-8848-1\" loop autoplay preload=\"auto\" style=\"width: 100%;\" controls=\"controls\"><source type=\"audio\/mpeg\" src=\"http:\/\/loscordonesquemeatocadadia.com\/es\/wp-content\/uploads\/2020\/11\/Luigi-Boccherini-STABAT-MATER-soprano-Eva-Drizgova-Jirusova-conductor-Paolo-Gatto1.mp3?_=1\" \/><a href=\"http:\/\/loscordonesquemeatocadadia.com\/es\/wp-content\/uploads\/2020\/11\/Luigi-Boccherini-STABAT-MATER-soprano-Eva-Drizgova-Jirusova-conductor-Paolo-Gatto1.mp3\">http:\/\/loscordonesquemeatocadadia.com\/es\/wp-content\/uploads\/2020\/11\/Luigi-Boccherini-STABAT-MATER-soprano-Eva-Drizgova-Jirusova-conductor-Paolo-Gatto1.mp3<\/a><\/audio>\n<p style=\"text-align: justify;\">Los dos hermanos, <em><strong>Carlos III<\/strong><\/em> y el Infante <strong><em>Lu\u00eds Antonio<\/em><\/strong> se llevaron bien, compartiendo su afici\u00f3n por el arte, la conversaci\u00f3n y la caza, reuni\u00e9ndose frecuentemente para que Carlos hablara de sus experiencias en Italia. Al a\u00f1o de llegar a Espa\u00f1a, muri\u00f3 la reina <strong><em>Mar\u00eda Amalia de Sajonia<\/em><\/strong> que hab\u00eda dado al matrimonio 11 hijos, y Carlos, que hab\u00eda practicado la monogamia y que amaba profundamente a su mujer, decidi\u00f3 no volverse a casar.<!--more--><\/p>\n<p style=\"text-align: justify;\">Distinto era el caso del Infante Lu\u00eds Antonio, que hab\u00eda renunciado a sus cargos eclesi\u00e1sticos y cumplido con lo requerido por su familia, como cuidador y acompa\u00f1ante primero en La Granja de su madre y hermana, luego de Fernando VI viudo, y ahora con Carlos, deseando desde hac\u00eda alg\u00fan tiempo formar su propia familia, por lo que pidi\u00f3 permiso al monarca para contraer matrimonio, pero era un asunto con el que su hermano no se sent\u00eda c\u00f3modo, y le daba largas y capotazos cada vez que el Infante sacaba el tema, por el asunto de la futura descendencia que pudiera disputar la corona a sus hijos.<\/p>\n<p style=\"text-align: justify;\"><strong><em>Lu\u00eds Antonio<\/em><\/strong> compr\u00f3 en 1761 a su hermano<em> Felipe, duque de Parma<\/em>, el condado de Chinch\u00f3n del que fue titular con el ordinal XIII, y el se\u00f1or\u00edo de Boadilla, en donde se construy\u00f3 un palacio dise\u00f1ado por <em>Ventura Rodr\u00edguez<\/em>. En los siguientes quince a\u00f1os, el palacio de Boadilla acab\u00f3 convirti\u00e9ndose en una peque\u00f1a corte ilustrada con la presencia de los artistas m\u00e1s importantes del momento.<\/p>\n<p style=\"text-align: center;\"><img loading=\"lazy\" decoding=\"async\" class=\"alignnone wp-image-8908\" src=\"http:\/\/loscordonesquemeatocadadia.com\/es\/wp-content\/uploads\/2020\/04\/Sin-t\u00edtulo-300x145.jpg\" alt=\"\" width=\"478\" height=\"231\" srcset=\"https:\/\/loscordonesquemeatocadadia.com\/es\/wp-content\/uploads\/2020\/04\/Sin-t\u00edtulo-300x145.jpg 300w, https:\/\/loscordonesquemeatocadadia.com\/es\/wp-content\/uploads\/2020\/04\/Sin-t\u00edtulo-1024x494.jpg 1024w, https:\/\/loscordonesquemeatocadadia.com\/es\/wp-content\/uploads\/2020\/04\/Sin-t\u00edtulo-768x371.jpg 768w, https:\/\/loscordonesquemeatocadadia.com\/es\/wp-content\/uploads\/2020\/04\/Sin-t\u00edtulo.jpg 1212w\" sizes=\"auto, (max-width: 478px) 100vw, 478px\" \/><\/p>\n<p style=\"text-align: center;\"><img loading=\"lazy\" decoding=\"async\" class=\"alignnone wp-image-8913\" src=\"http:\/\/loscordonesquemeatocadadia.com\/es\/wp-content\/uploads\/2020\/04\/054_fachada-principal-BOadilla-300x126.jpg\" alt=\"\" width=\"631\" height=\"265\" srcset=\"https:\/\/loscordonesquemeatocadadia.com\/es\/wp-content\/uploads\/2020\/04\/054_fachada-principal-BOadilla-300x126.jpg 300w, https:\/\/loscordonesquemeatocadadia.com\/es\/wp-content\/uploads\/2020\/04\/054_fachada-principal-BOadilla-1024x431.jpg 1024w, https:\/\/loscordonesquemeatocadadia.com\/es\/wp-content\/uploads\/2020\/04\/054_fachada-principal-BOadilla-768x324.jpg 768w, https:\/\/loscordonesquemeatocadadia.com\/es\/wp-content\/uploads\/2020\/04\/054_fachada-principal-BOadilla.jpg 1170w\" sizes=\"auto, (max-width: 631px) 100vw, 631px\" \/><\/p>\n<p style=\"text-align: center;\"><em><strong>Palacio de Boadilla del Monte.<\/strong><\/em><\/p>\n<p style=\"text-align: center;\"><img loading=\"lazy\" decoding=\"async\" class=\"alignnone wp-image-8911\" src=\"http:\/\/loscordonesquemeatocadadia.com\/es\/wp-content\/uploads\/2020\/04\/Ventura-rodriguez-y-el-infante-254x300.jpg\" alt=\"\" width=\"521\" height=\"615\" srcset=\"https:\/\/loscordonesquemeatocadadia.com\/es\/wp-content\/uploads\/2020\/04\/Ventura-rodriguez-y-el-infante-254x300.jpg 254w, https:\/\/loscordonesquemeatocadadia.com\/es\/wp-content\/uploads\/2020\/04\/Ventura-rodriguez-y-el-infante.jpg 699w\" sizes=\"auto, (max-width: 521px) 100vw, 521px\" \/><\/p>\n<p style=\"text-align: center;\"><strong><em>El Infante Lu\u00eds Antonio y el arquitecto Ventura Rodr\u00edguez.<\/em><\/strong><\/p>\n<p style=\"text-align: justify;\">El Infante tuvo algunas aventuras amorosas que se convirtieron en esc\u00e1ndalo para su hermano el rey, que le recriminaba sus relaciones con plebeyas. Luis Antonio utilizaba estos momentos de reprensi\u00f3n, para reivindicar su derecho al matrimonio, que acabar\u00eda, puntualizaba en cada ocasi\u00f3n, con este tipo de aventuras.<\/p>\n<p style=\"text-align: justify;\">Carlos III ya no encontraba argumentos para negar su consentimiento a que se casara, pero antes de dar el permiso, y para proteger los intereses de sus hijos, dict\u00f3 unas disposiciones sobre matrimonios <strong><em>desiguales y su descendencia<\/em><\/strong>, recogidas en la <strong><em>Real Pragm\u00e1tica de 1776<\/em><\/strong>, en la que lo primero que <em>se\u00f1alaba era que ning\u00fan Infante podr\u00eda contraer matrimonio sin permiso del rey o perder\u00eda los derechos sucesorios. Si el matrimonio fuera con persona desigual, \u00e9sta y sus descendientes quedar\u00edan privados de los t\u00edtulos, honores y prerrogativas que le conceden las leyes de este reino. Tampoco podr\u00edan utilizar los apellidos y armas de la Casa, de cuya sucesi\u00f3n quedaran privados.<\/em><\/p>\n<p style=\"text-align: justify;\">Despu\u00e9s de muchas presiones del Infante, y asegurado Carlos de que Luis Antonio y su descendencia quedar\u00edan apartados de la sucesi\u00f3n para siempre, le concedi\u00f3 por fin permiso para casarse, expresando algunas condiciones adicionales con un pr\u00f3logo malvado:<\/p>\n<p style=\"text-align: justify;\"><em>&#8220;No permitiendo las circunstancias actuales el proporcionar matrimonio al Infante don Luis mi hermano con persona igual a su alta esfera\u2026 vengo a concederle permiso para que pueda contraer matrimonio de conciencia, esto es, con persona desigual, seg\u00fan \u00e9l me lo ha pedido\u2026&#8221;<\/em>.<\/p>\n<p style=\"text-align: justify;\">El Infante don Luis Antonio no discuti\u00f3 los t\u00e9rminos de la pragm\u00e1tica, ni siquiera se sinti\u00f3 humillado por las condiciones de su hermano; \u00e9l deseaba a toda costa formar una familia -ya casi ten\u00eda 50 a\u00f1os-. Eligi\u00f3 a <strong><em>Mar\u00eda Teresa de Vallabriga y Rozas<\/em><\/strong>, joven zaragozana de 17 a\u00f1os, y al rey no le pareci\u00f3 mal la elecci\u00f3n, pero entonces le expuso las condiciones adicionales: que la boda deber\u00eda celebrarse lejos de la corte, sin asistencia de nadie de la familia real. Que el matrimonio deber\u00eda vivir a no menos de veinte leguas de la corte, a la que don Luis podr\u00eda acercarse, pero sin su familia. Que el Infante s\u00f3lo podr\u00eda utilizar el t\u00edtulo de Conde de Chinch\u00f3n -no el de Infante de Espa\u00f1a-, y los hijos que tuviera el matrimonio no podr\u00edan utilizar el apellido Borb\u00f3n en primer lugar, sino el materno.<\/p>\n<p style=\"text-align: justify;\">El Infante, aunque molesto con este tratamiento, se sinti\u00f3 al mismo tiempo feliz por su boda. El 27 de junio de 1776 se cas\u00f3 en Ol\u00edas del Rey, en la capilla del castillo de la Duquesa de Fernandina -hoy Ayuntamiento-. De all\u00ed se trasladaron a Velada, en Toledo, donde los marqueses de Altamira les hab\u00edan prestado su palacio hasta que encontraran residencia. Despu\u00e9s, ir\u00edan a vivir al palacio de Villena en Cadalso de los Vidrios -Madrid-, en el que naci\u00f3 su primer hijo, <strong><em>Luis Mar\u00eda*<\/em><\/strong>, en mayo de 1777.<\/p>\n<p style=\"text-align: center;\"><img loading=\"lazy\" decoding=\"async\" class=\"alignnone wp-image-8897\" src=\"http:\/\/loscordonesquemeatocadadia.com\/es\/wp-content\/uploads\/2020\/04\/castillo-de-la-Duqesa-de-Fernadina-olias-300x157.png\" alt=\"\" width=\"474\" height=\"248\" srcset=\"https:\/\/loscordonesquemeatocadadia.com\/es\/wp-content\/uploads\/2020\/04\/castillo-de-la-Duqesa-de-Fernadina-olias-300x157.png 300w, https:\/\/loscordonesquemeatocadadia.com\/es\/wp-content\/uploads\/2020\/04\/castillo-de-la-Duqesa-de-Fernadina-olias-768x403.png 768w, https:\/\/loscordonesquemeatocadadia.com\/es\/wp-content\/uploads\/2020\/04\/castillo-de-la-Duqesa-de-Fernadina-olias.png 807w\" sizes=\"auto, (max-width: 474px) 100vw, 474px\" \/><\/p>\n<p style=\"text-align: center;\"><em><strong>Castillo de la Duqesa de Fernadina . Olias del Rey.<\/strong><\/em><\/p>\n<p><img loading=\"lazy\" decoding=\"async\" class=\"wp-image-8910 aligncenter\" src=\"http:\/\/loscordonesquemeatocadadia.com\/es\/wp-content\/uploads\/2020\/04\/Velada-Ruinas-del-Palacio-Marqueses-de-Velada-DavidDaguerro-300x209.jpg\" alt=\"\" width=\"442\" height=\"308\" srcset=\"https:\/\/loscordonesquemeatocadadia.com\/es\/wp-content\/uploads\/2020\/04\/Velada-Ruinas-del-Palacio-Marqueses-de-Velada-DavidDaguerro-300x209.jpg 300w, https:\/\/loscordonesquemeatocadadia.com\/es\/wp-content\/uploads\/2020\/04\/Velada-Ruinas-del-Palacio-Marqueses-de-Velada-DavidDaguerro.jpg 750w\" sizes=\"auto, (max-width: 442px) 100vw, 442px\" \/><\/p>\n<p style=\"text-align: center;\"><em><strong>Ruinas del Palacio de Velada en Toledo.<\/strong><\/em><\/p>\n<p style=\"text-align: center;\"><img loading=\"lazy\" decoding=\"async\" class=\"alignnone wp-image-8905\" src=\"http:\/\/loscordonesquemeatocadadia.com\/es\/wp-content\/uploads\/2020\/04\/palacio-de-villena-en-cadalso-de-los-Vidrios.jpg\" alt=\"\" width=\"409\" height=\"306\" \/><\/p>\n<p style=\"text-align: center;\"><em><strong>Palacio de\u00a0 Villena en Cadalso de los Vidrios. Madrid.<\/strong><\/em><\/p>\n<p style=\"text-align: justify;\">*Este primer hijo <strong><em>Lu\u00eds Mar\u00eda<\/em><\/strong>, que recuper\u00f3<em><strong> mucho m\u00e1s tarde<\/strong> <\/em>el orden natural de sus apellidos, <strong><em>Lu\u00eds Mar\u00eda de Borb\u00f3n Vallabriga, <\/em><\/strong>fue cardenal, arzobispo de las archidi\u00f3cesis de Toledo y Sevilla y m\u00e1s tarde Regente de Espa\u00f1a del 8 de marzo de 1813 a 10 de mayo de 1814, por ser el \u00fanico miembro de la Familia Real que permaneci\u00f3 en Espa\u00f1a durante la invasi\u00f3n francesa, hasta el regreso de su sobrino nieto <strong><em>el Fel\u00f3n<\/em><\/strong>, Fernando VII. Tambi\u00e9n presidi\u00f3 el Juramento de las Cortes de C\u00e1diz en 1810, formando parte de ellas.<\/p>\n<p style=\"text-align: center;\"><img loading=\"lazy\" decoding=\"async\" class=\"alignnone wp-image-8898\" src=\"http:\/\/loscordonesquemeatocadadia.com\/es\/wp-content\/uploads\/2020\/04\/El_juramento_de_las_Cortes_de_C\u00e1diz_en_1810-300x256.jpg\" alt=\"\" width=\"525\" height=\"448\" srcset=\"https:\/\/loscordonesquemeatocadadia.com\/es\/wp-content\/uploads\/2020\/04\/El_juramento_de_las_Cortes_de_C\u00e1diz_en_1810-300x256.jpg 300w, https:\/\/loscordonesquemeatocadadia.com\/es\/wp-content\/uploads\/2020\/04\/El_juramento_de_las_Cortes_de_C\u00e1diz_en_1810.jpg 702w\" sizes=\"auto, (max-width: 525px) 100vw, 525px\" \/><\/p>\n<p style=\"text-align: center;\"><strong><em>Jos\u00e9 Casado de Alisal. El cardenal Lu\u00eds de Borb\u00f3n Vallabriga, presidiendo el juramento de las Cortes de C\u00e1diz de 1810. 1863. \u00d3leo sobre tela. 311 x 377 cm. Palacio de las Cortes. Madrid.<\/em><\/strong><\/p>\n<p style=\"text-align: justify;\">Un a\u00f1o despu\u00e9s el matrimonio fij\u00f3 su residencia en Arenas de San Pedro, donde construyeron el Palacio de la Mosquera, y por su afici\u00f3n a las artes, lo llen\u00f3 de obras de gran valor al igual que el de Boadilla, rode\u00e1ndose de los artistas punteros del pa\u00eds, entre otros <strong><em>Luigi Boccherini <\/em><\/strong>que all\u00ed compuso en 1781 su deliciosa y primera versi\u00f3n de <strong><em>Stabat Mater<\/em><\/strong> para soprano y quinteto de cuerda.<em>\u00a0<\/em>En noviembre de 1780 naci\u00f3 su segunda hija <strong><em>Mar\u00eda Teresa Josefa<\/em><\/strong> y tres a\u00f1os despu\u00e9s la tercera <strong><em>Mar\u00eda Luisa Fernanda<\/em><\/strong>, ambas en Velada, pues la madre hab\u00eda dado a luz a su segundo hijo en Arenas y hab\u00eda muerto tras el parto, neg\u00e1ndose a tener m\u00e1s hijos all\u00ed. Todos los hijos, siguiendo las \u00f3rdenes de su hermano el rey, fueron inscritos con el primer apellido de la madre <strong><em>Vallabriga<\/em><\/strong> y el segundo <strong><em>Borb\u00f3n.<\/em><\/strong><\/p>\n<p style=\"text-align: center;\"><img loading=\"lazy\" decoding=\"async\" class=\"alignnone wp-image-8904\" src=\"http:\/\/loscordonesquemeatocadadia.com\/es\/wp-content\/uploads\/2020\/04\/palacio-de-la-mosquera-300x225.jpg\" alt=\"\" width=\"339\" height=\"254\" srcset=\"https:\/\/loscordonesquemeatocadadia.com\/es\/wp-content\/uploads\/2020\/04\/palacio-de-la-mosquera-300x225.jpg 300w, https:\/\/loscordonesquemeatocadadia.com\/es\/wp-content\/uploads\/2020\/04\/palacio-de-la-mosquera-1024x768.jpg 1024w, https:\/\/loscordonesquemeatocadadia.com\/es\/wp-content\/uploads\/2020\/04\/palacio-de-la-mosquera-768x576.jpg 768w, https:\/\/loscordonesquemeatocadadia.com\/es\/wp-content\/uploads\/2020\/04\/palacio-de-la-mosquera.jpg 1080w\" sizes=\"auto, (max-width: 339px) 100vw, 339px\" \/><img loading=\"lazy\" decoding=\"async\" class=\"alignnone wp-image-8903\" src=\"http:\/\/loscordonesquemeatocadadia.com\/es\/wp-content\/uploads\/2020\/04\/mosquera-300x201.jpg\" alt=\"\" width=\"381\" height=\"255\" srcset=\"https:\/\/loscordonesquemeatocadadia.com\/es\/wp-content\/uploads\/2020\/04\/mosquera-300x201.jpg 300w, https:\/\/loscordonesquemeatocadadia.com\/es\/wp-content\/uploads\/2020\/04\/mosquera-1024x685.jpg 1024w, https:\/\/loscordonesquemeatocadadia.com\/es\/wp-content\/uploads\/2020\/04\/mosquera-768x514.jpg 768w, https:\/\/loscordonesquemeatocadadia.com\/es\/wp-content\/uploads\/2020\/04\/mosquera-1536x1028.jpg 1536w, https:\/\/loscordonesquemeatocadadia.com\/es\/wp-content\/uploads\/2020\/04\/mosquera-2048x1371.jpg 2048w\" sizes=\"auto, (max-width: 381px) 100vw, 381px\" \/><\/p>\n<p style=\"text-align: center;\"><em><strong>Palacio de la Mosquera en Arenas de San Pedro.<\/strong><\/em><\/p>\n<p style=\"text-align: justify;\">El Infante <em><strong>Lu\u00eds Antonio <\/strong><\/em>pasaba su vida entre la caza, los libros, sus aficiones art\u00edsticas y cient\u00edficas, y alguna visita espor\u00e1dica a la corte, a visitar a su hermano el rey, solo, naturalmente. En aquella \u00e9poca conoci\u00f3 al todav\u00eda poco c\u00e9lebre Francisco de Goya, con el que entabl\u00f3 una buena amistad, y al que invit\u00f3 a pasar en su casa largas temporadas, encarg\u00e1ndole numerosos cuadros de \u00e9l y su familia. El Infante impresionado por el arte de Goya, lo promocion\u00f3 entre la clase aristocr\u00e1tica, llegando a ser <em>pintor de c\u00e1mara<\/em> de la corte de su sobrino Carlos IV.<\/p>\n<p style=\"text-align: center;\"><img loading=\"lazy\" decoding=\"async\" class=\"alignnone wp-image-8917\" src=\"http:\/\/loscordonesquemeatocadadia.com\/es\/wp-content\/uploads\/2020\/04\/La_familia_del_infante_don_Luis-1-300x228.png\" alt=\"\" width=\"539\" height=\"410\" srcset=\"https:\/\/loscordonesquemeatocadadia.com\/es\/wp-content\/uploads\/2020\/04\/La_familia_del_infante_don_Luis-1-300x228.png 300w, https:\/\/loscordonesquemeatocadadia.com\/es\/wp-content\/uploads\/2020\/04\/La_familia_del_infante_don_Luis-1-768x584.png 768w, https:\/\/loscordonesquemeatocadadia.com\/es\/wp-content\/uploads\/2020\/04\/La_familia_del_infante_don_Luis-1.png 850w\" sizes=\"auto, (max-width: 539px) 100vw, 539px\" \/><\/p>\n<p style=\"text-align: center;\"><strong><em>Francisco de Goya. La familia del Infante D.\u00a0 Lu\u00eds Antononio de Borb\u00f3n. 1784. \u00d3leo sobre lienzo.\u00a0 248\u00a0 x 330 cm. Fundaci\u00f3n Magnani-Roca. Parma. Patrimonio Nacional.<\/em><\/strong><\/p>\n<p style=\"text-align: justify;\">La vida del Infante en los planos intelectual y cient\u00edfico fue satisfactoria, pero en el sentimental no lo fue tanto, ya que su mujer, de fuerte car\u00e1cter y disgustada por las humillaciones recibidas de la corte y de la vida alejada de la capital, convirti\u00f3 el matrimonio, tan deseado por el Infante, en algo nada agradable. No se hab\u00eda casado enamorada, y se lleg\u00f3 a rumorear la existencia de amor\u00edos con su secretario. Con el tiempo, el ambiente familiar fue enrareci\u00e9ndose y acab\u00f3 en constantes altercados dom\u00e9sticos. El secretario Francisco del Campo fue trasladado a Madrid mientras en la casa del Infante reinaba el desorden, del que se culpaba a su mujer. El confesor de don Luis, Fray Urbano de Arcos, escribi\u00f3 al ministro Floridablanca: <em>es muy regular que su Alteza le haya precisado hacer las bajezas que acostumbra, c\u00f3mo pedir perd\u00f3n de rodillas, con los dem\u00e1s. Que, con harto dolor m\u00edo, he presenciado otras veces\u2026 <\/em><\/p>\n<p style=\"text-align: justify;\">En 1785 el Infante se desplaz\u00f3 a la Corte para asistir a las bodas de su sobrino el Infante Gabriel -hijo de Carlos III- y la Infanta Carlota Joaquina -hija de Carlos IV-, con la princesa portuguesa Mariana Victoria de Braganza y con Juan -futuro Juan VI de Portugal y Emperador de Brasil- respectivamente.<\/p>\n<p style=\"text-align: center;\"><img loading=\"lazy\" decoding=\"async\" class=\"alignnone wp-image-8895\" src=\"http:\/\/loscordonesquemeatocadadia.com\/es\/wp-content\/uploads\/2020\/04\/230px-Mengs_-_Gabriel_of_Bourbon_1752-1788_-_Museo_del_Prado.jpg\" alt=\"\" width=\"390\" height=\"473\" \/><\/p>\n<p style=\"text-align: center;\"><strong><em>Anton Raphael Mengs. Infante Gabriel de Borb\u00f3n y Sajonia. 1767. \u00d3leo sobre lienzo. 82 x 69 cm. Palacio Real. Madrid.<\/em><\/strong><\/p>\n<p><img loading=\"lazy\" decoding=\"async\" class=\"alignnone wp-image-8919 aligncenter\" src=\"http:\/\/loscordonesquemeatocadadia.com\/es\/wp-content\/uploads\/2020\/04\/581px-Maella_-_Infanta_Carlota_Joaquina_Prado-194x300.jpg\" alt=\"\" width=\"507\" height=\"788\" \/><\/p>\n<p style=\"text-align: center;\"><em><strong>Manuel Salvador Maella. Retrato de\u00a0 Carlota Joaquina de Borb\u00f3n reina de Portugal y princesa de Espa\u00f1a. 1785. \u00d3leo sobre lienzo. 177 x 116 cm. Museo del Prado.<\/strong><\/em><\/p>\n<p style=\"text-align: justify;\">No encontr\u00e1ndose bien desde hac\u00eda tiempo, al regresar a su alejada casa cay\u00f3 gravemente enfermo, y sintiendo que se mor\u00eda, pidi\u00f3 al rey poder trasladarse a su palacio de Boadilla -a menos de 20 leguas de la Corte-, alegando la bondad del clima, pero la verdadera raz\u00f3n era que, quer\u00eda volver a ver el palacio que \u00e9l hab\u00eda mandado construir, y morir all\u00ed. El rey le permiti\u00f3 trasladarse, pero sin su familia, traslado al que el Infante renunci\u00f3, por desear estar con su mujer e hijos en sus \u00faltimos momentos, rogando al rey que cuidara de ellos a su muerte, a lo que Carlos III contest\u00f3 <strong><em>aceptando <\/em><\/strong>lo solicitado, pero la carta\u00a0 con la aceptaci\u00f3n lleg\u00f3 tras la muerte del Infante.<\/p>\n<p style=\"text-align: center;\"><img loading=\"lazy\" decoding=\"async\" class=\"alignnone wp-image-8916\" src=\"http:\/\/loscordonesquemeatocadadia.com\/es\/wp-content\/uploads\/2020\/04\/DonLuisdeBorb\u00f3n-PalacioReal-PatrimonioNacional-ColecSueca-287x300.jpg\" alt=\"\" width=\"317\" height=\"331\" srcset=\"https:\/\/loscordonesquemeatocadadia.com\/es\/wp-content\/uploads\/2020\/04\/DonLuisdeBorb\u00f3n-PalacioReal-PatrimonioNacional-ColecSueca-287x300.jpg 287w, https:\/\/loscordonesquemeatocadadia.com\/es\/wp-content\/uploads\/2020\/04\/DonLuisdeBorb\u00f3n-PalacioReal-PatrimonioNacional-ColecSueca.jpg 336w\" sizes=\"auto, (max-width: 317px) 100vw, 317px\" \/><\/p>\n<p style=\"text-align: center;\"><strong><em>Francisco de Goya. El Infante D.\u00a0 Lu\u00eds Antonio de Borb\u00f3n. 1783. \u00d3leo sobre lienzo.\u00a0 49\u00a0 x\u00a0 40 cm. Colecci\u00f3n Duques de Sueca.\u00a0 Palacio de la Mosquera. Arenas de San Pedro.<\/em><\/strong><\/p>\n<p style=\"text-align: justify;\">El 7 de agosto de 1785, muri\u00f3 el Infante y tras estar 5 d\u00edas el cad\u00e1ver de cuerpo presente, esperando -quiz\u00e1- la visita de su hermano, que no se produjo, recibiendose adem\u00e1s la negativa real sobre la posibilidad de que se diera cumplimiento al \u00faltimo deseo del Infante, de ser enterrado en el palacio de Boadilla, ordenando que fuera sepultado en el Santuario de San Pedro de Alc\u00e1ntara en Arenas de San Pedro, disponiendo as\u00ed mismo el rey, que la viuda permaneciera viviendo en esa localidad.<\/p>\n<p style=\"text-align: justify;\">Se decret\u00f3 luto en la corte por tres meses, pero el rey no fue a visitar a su hermano en el lecho de muerte, ni asisti\u00f3 a su entierro. De esta manera Carlos III intentaba olvidar a su hermano m\u00e1s amado y tambi\u00e9n al m\u00e1s temido, pensando que en alg\u00fan momento hubiera podido revindicar la corona para \u00e9l o sus descendientes, cosa que el Infante <strong><em>Lu\u00eds Antonio<\/em><\/strong> nunca hizo.<\/p>\n<p style=\"text-align: justify;\">El hijo de Carlos III, Carlos IV, ya Rey de Espa\u00f1a, en 1800, firm\u00f3 un decreto con las instrucciones necesarias para que el f\u00e9retro del Infante fuera trasladado al Pante\u00f3n de Infantes del Monasterio de El Escorial, lugar que le correspond\u00eda por derecho de nacimiento, donde fue enterrado con los honores reglamentarios.<\/p>\n<p><strong>M\u00fasica: <em>Luigi Boccherini STABAT MATER. Soprano Eva D\u0159\u00edzgov\u00e1 &#8211; Jiru\u0161ov\u00e1.<\/em><\/strong><\/p>\n<p style=\"text-align: center;\"><strong><em>To be continued in part 3 and last.<\/em><\/strong><\/p>\n","protected":false},"excerpt":{"rendered":"<p>Los dos hermanos, Carlos III y el Infante Lu\u00eds Antonio se llevaron bien, compartiendo su afici\u00f3n por el arte, la conversaci\u00f3n y la caza, reuni\u00e9ndose frecuentemente para que Carlos hablara de sus experiencias en Italia. Al a\u00f1o de llegar a Espa\u00f1a, muri\u00f3 la reina Mar\u00eda Amalia de Sajonia que hab\u00eda dado al matrimonio 11 hijos, [&hellip;]<\/p>\n","protected":false},"author":2,"featured_media":8907,"comment_status":"open","ping_status":"closed","sticky":false,"template":"","format":"standard","meta":{"_mo_disable_npp":"","om_disable_all_campaigns":false,"_monsterinsights_skip_tracking":false,"_monsterinsights_sitenote_active":false,"_monsterinsights_sitenote_note":"","_monsterinsights_sitenote_category":0,"_uf_show_specific_survey":0,"_uf_disable_surveys":false,"footnotes":""},"categories":[47,48,22,46],"tags":[209,1378,1386,1381,1387,1385],"class_list":["post-8848","post","type-post","status-publish","format-standard","has-post-thumbnail","hentry","category-arquitectura","category-escultura","category-historia","category-politica","tag-carlos-iii","tag-luis-antonio-de-borbon-y-farnesio-infante-de-espana","tag-luis-maria-vallabriga-y-borbon","tag-maria-amalia-de-sajonia","tag-maria-luisa-vallabriga-y-borbon","tag-maria-teresa-de-vallabriga-y-rozas"],"aioseo_notices":[],"post_mailing_queue_ids":[],"_links":{"self":[{"href":"https:\/\/loscordonesquemeatocadadia.com\/es\/wp-json\/wp\/v2\/posts\/8848","targetHints":{"allow":["GET"]}}],"collection":[{"href":"https:\/\/loscordonesquemeatocadadia.com\/es\/wp-json\/wp\/v2\/posts"}],"about":[{"href":"https:\/\/loscordonesquemeatocadadia.com\/es\/wp-json\/wp\/v2\/types\/post"}],"author":[{"embeddable":true,"href":"https:\/\/loscordonesquemeatocadadia.com\/es\/wp-json\/wp\/v2\/users\/2"}],"replies":[{"embeddable":true,"href":"https:\/\/loscordonesquemeatocadadia.com\/es\/wp-json\/wp\/v2\/comments?post=8848"}],"version-history":[{"count":17,"href":"https:\/\/loscordonesquemeatocadadia.com\/es\/wp-json\/wp\/v2\/posts\/8848\/revisions"}],"predecessor-version":[{"id":9924,"href":"https:\/\/loscordonesquemeatocadadia.com\/es\/wp-json\/wp\/v2\/posts\/8848\/revisions\/9924"}],"wp:featuredmedia":[{"embeddable":true,"href":"https:\/\/loscordonesquemeatocadadia.com\/es\/wp-json\/wp\/v2\/media\/8907"}],"wp:attachment":[{"href":"https:\/\/loscordonesquemeatocadadia.com\/es\/wp-json\/wp\/v2\/media?parent=8848"}],"wp:term":[{"taxonomy":"category","embeddable":true,"href":"https:\/\/loscordonesquemeatocadadia.com\/es\/wp-json\/wp\/v2\/categories?post=8848"},{"taxonomy":"post_tag","embeddable":true,"href":"https:\/\/loscordonesquemeatocadadia.com\/es\/wp-json\/wp\/v2\/tags?post=8848"}],"curies":[{"name":"wp","href":"https:\/\/api.w.org\/{rel}","templated":true}]}}