{"id":893,"date":"2016-10-15T08:30:16","date_gmt":"2016-10-15T07:30:16","guid":{"rendered":"http:\/\/loscordonesquemeatocadadia.com\/es\/?p=893"},"modified":"2016-10-15T08:30:16","modified_gmt":"2016-10-15T07:30:16","slug":"los-terrores-en-francia-parte-2","status":"publish","type":"post","link":"https:\/\/loscordonesquemeatocadadia.com\/es\/2016\/10\/15\/los-terrores-en-francia-parte-2\/","title":{"rendered":"LOS TERRORES EN FRANCIA. PARTE 2"},"content":{"rendered":"<p style=\"text-align: justify;\">El Presidente franc\u00e9s dijo tras lo de Niza: <em>el enemigo ataca pero nosotros tenemos la libertad. No cederemos al terrorismo y haremos un bloque todos para vencerlo. <\/em>Se prorrog\u00f3 el estado de excepci\u00f3n tres meses. \u00bfHabr\u00e1 que ponerlo <strong><em>eterno<\/em><\/strong>? \u00bfUn bloque dijo&#8230;,?: se supone que nacional. Car\u00e1cter no le falta a esa gran naci\u00f3n; Putin no ha sido\u00a0recibido por Hollande, por\u00a0llevar a cabo\u00a0bombardeos\u00a0sobre los rebeldes de Siria,\u00a0a pesar de sus reiteradas peticiones y del bloque internacional liderado por EEUU.<!--more--><\/p>\n<p style=\"text-align: justify;\">La derecha extrema francesa lanza proclamas contra la inmigraci\u00f3n, sin pensar lo que la misma ha supuesto de bueno para ese pa\u00eds. No se sabe si la representante de la derecha extrema francesa, de car\u00e1cter tan atrabiliario, quiere la dictadura para s\u00ed\u00a0 misma o la rep\u00fablica democr\u00e1tica para los franceses, o si quiere hacer\u00a0 una nueva revoluci\u00f3n para ella o heredar lo que queda de la de 1789. La poblaci\u00f3n francesa se va inclinando a la derecha extrema, debido al mal tratamiento que esta posici\u00f3n pol\u00edtica da a los inmigrantes, y si esta opci\u00f3n ganara, puede que propusiera una nueva estupidez como la de Cameron y su brexit. Adem\u00e1s, se producir\u00eda una gran crisis interna, con escalada de ataques y vulneraci\u00f3n de los derechos, por parte de la ciudadan\u00eda de origen franc\u00e9s, contra los de origen musulm\u00e1n sean franceses o no, o simplemente y ya puestos, contra los que tengan otra piel. Llegar\u00e1 el fascismo, y la extrema derecha machacar\u00e1 a cualquier persona con pinta de musulm\u00e1n. Francia tiene seis millones de personas de origen musulm\u00e1n,\u00a0 una gran mayor\u00eda en exclusi\u00f3n social, inmigrante de segunda, tercera e incluso cuarta generaci\u00f3n, que se sienten discriminados. La derecha camina hacia un neo nacionalismo antieuropeo y desafecci\u00f3n de lo ya construido.<\/p>\n<p style=\"text-align: center;\"><img loading=\"lazy\" decoding=\"async\" class=\"alignnone size-medium wp-image-912\" src=\"http:\/\/loscordonesquemeatocadadia.com\/es\/wp-content\/uploads\/2016\/09\/le-pen-300x120.jpg\" alt=\"le pen\" width=\"300\" height=\"120\" srcset=\"https:\/\/loscordonesquemeatocadadia.com\/es\/wp-content\/uploads\/2016\/09\/le-pen-300x120.jpg 300w, https:\/\/loscordonesquemeatocadadia.com\/es\/wp-content\/uploads\/2016\/09\/le-pen.jpg 355w\" sizes=\"auto, (max-width: 300px) 100vw, 300px\" \/><\/p>\n<p style=\"text-align: justify;\">Este tipo de acciones dentro de la Uni\u00f3n Europea, pueden provocar su disoluci\u00f3n como un azucarillo.<\/p>\n<p style=\"text-align: justify;\">Todos los pol\u00edticos para manifestar su preocupaci\u00f3n por los hechos terroristas y que esta preocupaci\u00f3n llegue a los ciudadanos, siempre dicen: \u00a1La vida sigue y no vamos a permitir que impidan desarrollar nuestras actividades y que\u00a0 nos condicionen nuestra forma de vivir !Vale! y los muertos al hoyo y los vivos al bollo\u2026<\/p>\n<p style=\"text-align: justify;\">Estas fueron las palabras de nuestros m\u00e1ximos representantes pol\u00edticos, tras lo de Niza:<\/p>\n<p style=\"text-align: justify;\">El Presidente en funciones\u00a0 Rajoy se\u00f1al\u00f3 <em>que una amenaza global exige una respuesta global?<\/em><\/p>\n<p style=\"text-align: justify;\">Pedro S\u00e1nchez -R.I.P.- \u00a0<em>revindic\u00f3 la libertad, la igualdad y la fraternidad !Hoy Niza somos todos!?<\/em><\/p>\n<p style=\"text-align: justify;\">Albert Rivera coment\u00f3 que <em>adem\u00e1s de condenar hay que trabajar&#8230;?<\/em><\/p>\n<p style=\"text-align: justify;\">Pablo Iglesias?<\/p>\n<p style=\"text-align: justify;\">Significan algo real esas palabras? Ante estos problemas, deben tomarse decisiones y no estar siempre esgrimiendo por delante, la historia del respeto a los derechos humanos de los terroristas y el miedo a los da\u00f1os colaterales\u2026<\/p>\n<p style=\"text-align: justify;\">El terrorismo es teatro y los espectadores somos el mundo, y la clave del \u00e9xito para combatirlo, \u00a0consiste en adelantarse a la jugada del enemigo. Esta\u00a0\u00a0guerra oculta y oscura, no convencional, no busca b\u00e1sicamente ocasionar da\u00f1os, sino provocar respuestas: <em><strong>e<\/strong><strong>s la yihad menor.<\/strong><\/em>\u00a0La mayor, es como en todas las civilizaciones, la rectitud, la solidaridad real, la bonhom\u00eda, el amor fraterno, la lealtad, la justicia&#8230;<strong><em>El odio es est\u00e9ril y lo \u00a0contrario -el amor- es la \u00fanica soluci\u00f3n a lo universal,\u00a0<\/em><\/strong>pero no debemos olvidar que<strong><em> Islam significa sumisi\u00f3n&#8230;<\/em><\/strong><\/p>\n<p style=\"text-align: justify;\">Hay cuatro acciones a llevar a cabo para intentar neutralizar estos atentados: acciones de guerra contra los territorios donde se asientan y entrenan (santuarios), coordinaci\u00f3n y utilizaci\u00f3n de toda la informaci\u00f3n disponible por los pa\u00edses sufridores y aliados,\u00a0 aplicaci\u00f3n de dispositivos de seguridad en nuestros territorios e intervenci\u00f3n en y en contra de los pa\u00edses y organizaciones que facilitan la financiaci\u00f3n de DAESH.<\/p>\n<p style=\"text-align: justify;\">La primera y la cuarta, si se llevan a cabo, debe ser realizadas por todos los pa\u00edses aliados que acuerden tambi\u00e9n compartir la informaci\u00f3n. Sin ambig\u00fcedades ni tibiezas, asumiendo los da\u00f1os colaterales que sin duda se producir\u00e1n entre gente inocente. Como hacen los franceses y como son de los pocos que lo hacen, por eso les dan tanto. \u00a1Menos p\u00e9sames y m\u00e1s colaboraci\u00f3n! A\u00a0EEUU le empiezan a dar tambi\u00e9n los\u00a0lobos solitarios.<\/p>\n<p style=\"text-align: justify;\">Ahora mismo y debido a acciones de guerra internacionales DAESH pierde terreno en Siria e Irak, pero como consideraci\u00f3n general hacia occidente, se debe tener claro que la mecha que puso en marcha todo este movimiento terrorista, la encendieron los pa\u00edses occidentales: <strong><em>NO PROMOVER M\u00c1S PRIMAVERAS \u00c1RABES y\u00a0 que los pueblos musulmanes tengan su propia idiosincrasia de vida y de gobierno, probablemente dictatorial, con unicefalia pol\u00edtica\/religiosa.<\/em><\/strong><\/p>\n<p style=\"text-align: justify;\">M\u00e1s nivel de seguridad f\u00edsica en los pa\u00edses no es posible: significar\u00eda alerta nivel m\u00e1xima eterna, durante la cual pr\u00e1cticamente, el cien por cien de las fuerzas de seguridad y parte de las fuerzas armadas est\u00e1n permanentemente desplegadas, para lo cual har\u00eda falta como m\u00ednimo doblar esos efectivos, con un coste que ser\u00eda imposible de asumir. Ya se empiezan a movilizar reservistas\u2026<\/p>\n<p style=\"text-align: justify;\">O a lo mejor, es que\u00a0 cuando pase esto, <strong>hay que dejarlo que pase y ya est\u00e1<\/strong>. <strong>Sin m\u00e1s<\/strong>. Aunque el miedo pueda alterar los nervios, minore la voluntad y pueda dejarnos inermes, lo cual no parece un estado ideal.<\/p>\n<p style=\"text-align: center;\"><img loading=\"lazy\" decoding=\"async\" class=\"alignnone size-medium wp-image-895\" src=\"http:\/\/loscordonesquemeatocadadia.com\/es\/wp-content\/uploads\/2016\/09\/715x402_635831440639270649-300x169.jpg\" alt=\"715x402_635831440639270649\" width=\"300\" height=\"169\" srcset=\"https:\/\/loscordonesquemeatocadadia.com\/es\/wp-content\/uploads\/2016\/09\/715x402_635831440639270649-300x169.jpg 300w, https:\/\/loscordonesquemeatocadadia.com\/es\/wp-content\/uploads\/2016\/09\/715x402_635831440639270649.jpg 715w\" sizes=\"auto, (max-width: 300px) 100vw, 300px\" \/><\/p>\n<p style=\"text-align: justify;\"><strong><em>Quiz\u00e1s Dios pueda y quiera perdonar a estos terroristas, pero nuestra misi\u00f3n es llevarlos a su presencia&#8230; pero antes de envi\u00e1rselos, se les debe extraer toda la informaci\u00f3n que tengan\u00a0por los m\u00e9todos posibles &#8211;<\/em><\/strong>sin permitir los frecuentes suicidios previos en las c\u00e1rceles alemanas<strong><em>-, ya que los muertos son los que mejor guardan los secretos.<\/em><\/strong><\/p>\n<audio class=\"wp-audio-shortcode\" id=\"audio-893-1\" loop autoplay preload=\"auto\" style=\"width: 100%;\" controls=\"controls\"><source type=\"audio\/mpeg\" src=\"http:\/\/loscordonesquemeatocadadia.com\/es\/wp-content\/uploads\/2016\/09\/La-Marseillaise-France-National-anthem-French-English-lyrics.mp3?_=1\" \/><a href=\"http:\/\/loscordonesquemeatocadadia.com\/es\/wp-content\/uploads\/2016\/09\/La-Marseillaise-France-National-anthem-French-English-lyrics.mp3\">http:\/\/loscordonesquemeatocadadia.com\/es\/wp-content\/uploads\/2016\/09\/La-Marseillaise-France-National-anthem-French-English-lyrics.mp3<\/a><\/audio>\n","protected":false},"excerpt":{"rendered":"<p>El Presidente franc\u00e9s dijo tras lo de Niza: el enemigo ataca pero nosotros tenemos la libertad. No cederemos al terrorismo y haremos un bloque todos para vencerlo. Se prorrog\u00f3 el estado de excepci\u00f3n tres meses. \u00bfHabr\u00e1 que ponerlo eterno? \u00bfUn bloque dijo&#8230;,?: se supone que nacional. Car\u00e1cter no le falta a esa gran naci\u00f3n; Putin [&hellip;]<\/p>\n","protected":false},"author":2,"featured_media":900,"comment_status":"open","ping_status":"closed","sticky":false,"template":"","format":"standard","meta":{"_mo_disable_npp":"","om_disable_all_campaigns":false,"_monsterinsights_skip_tracking":false,"_monsterinsights_sitenote_active":false,"_monsterinsights_sitenote_note":"","_monsterinsights_sitenote_category":0,"_uf_show_specific_survey":0,"_uf_disable_surveys":false,"footnotes":""},"categories":[94,46,8],"tags":[148,195,149,146,196,197,147],"class_list":["post-893","post","type-post","status-publish","format-standard","has-post-thumbnail","hentry","category-pensamiento","category-politica","category-son-las-cosas-de-la-vida","tag-accion-conjunta-contra-el-terrorismo-islamico","tag-daesh","tag-objetivos-principales-internacionales-yihadistas","tag-terrorismo-en-francia","tag-terrorismo-internacional","tag-yihadismo","tag-yihadismo-internacional"],"aioseo_notices":[],"post_mailing_queue_ids":[],"_links":{"self":[{"href":"https:\/\/loscordonesquemeatocadadia.com\/es\/wp-json\/wp\/v2\/posts\/893","targetHints":{"allow":["GET"]}}],"collection":[{"href":"https:\/\/loscordonesquemeatocadadia.com\/es\/wp-json\/wp\/v2\/posts"}],"about":[{"href":"https:\/\/loscordonesquemeatocadadia.com\/es\/wp-json\/wp\/v2\/types\/post"}],"author":[{"embeddable":true,"href":"https:\/\/loscordonesquemeatocadadia.com\/es\/wp-json\/wp\/v2\/users\/2"}],"replies":[{"embeddable":true,"href":"https:\/\/loscordonesquemeatocadadia.com\/es\/wp-json\/wp\/v2\/comments?post=893"}],"version-history":[{"count":11,"href":"https:\/\/loscordonesquemeatocadadia.com\/es\/wp-json\/wp\/v2\/posts\/893\/revisions"}],"predecessor-version":[{"id":1301,"href":"https:\/\/loscordonesquemeatocadadia.com\/es\/wp-json\/wp\/v2\/posts\/893\/revisions\/1301"}],"wp:featuredmedia":[{"embeddable":true,"href":"https:\/\/loscordonesquemeatocadadia.com\/es\/wp-json\/wp\/v2\/media\/900"}],"wp:attachment":[{"href":"https:\/\/loscordonesquemeatocadadia.com\/es\/wp-json\/wp\/v2\/media?parent=893"}],"wp:term":[{"taxonomy":"category","embeddable":true,"href":"https:\/\/loscordonesquemeatocadadia.com\/es\/wp-json\/wp\/v2\/categories?post=893"},{"taxonomy":"post_tag","embeddable":true,"href":"https:\/\/loscordonesquemeatocadadia.com\/es\/wp-json\/wp\/v2\/tags?post=893"}],"curies":[{"name":"wp","href":"https:\/\/api.w.org\/{rel}","templated":true}]}}