{"id":9243,"date":"2021-01-23T09:00:02","date_gmt":"2021-01-23T08:00:02","guid":{"rendered":"http:\/\/loscordonesquemeatocadadia.com\/es\/?p=9243"},"modified":"2021-01-24T18:25:30","modified_gmt":"2021-01-24T17:25:30","slug":"la-primera-republica-espanola-y-el-comienzo-de-los-desordenes-en-cataluna-encaminados-a-la-proclamacion-del-estado-catalan-parte-2","status":"publish","type":"post","link":"https:\/\/loscordonesquemeatocadadia.com\/es\/2021\/01\/23\/la-primera-republica-espanola-y-el-comienzo-de-los-desordenes-en-cataluna-encaminados-a-la-proclamacion-del-estado-catalan-parte-2\/","title":{"rendered":"La primera Rep\u00fablica espa\u00f1ola y el comienzo de los des\u00f3rdenes en Catalu\u00f1a encaminados a la proclamaci\u00f3n del Estado Catal\u00e1n. Parte 2."},"content":{"rendered":"<audio class=\"wp-audio-shortcode\" id=\"audio-9243-1\" loop autoplay preload=\"auto\" style=\"width: 100%;\" controls=\"controls\"><source type=\"audio\/mpeg\" src=\"http:\/\/loscordonesquemeatocadadia.com\/es\/wp-content\/uploads\/2020\/05\/Juan-Crisostomo-Arriaga-String-Quartet-No-1-in-D-minor-IV-Adagio-Allegretto.mp3?_=1\" \/><a href=\"http:\/\/loscordonesquemeatocadadia.com\/es\/wp-content\/uploads\/2020\/05\/Juan-Crisostomo-Arriaga-String-Quartet-No-1-in-D-minor-IV-Adagio-Allegretto.mp3\">http:\/\/loscordonesquemeatocadadia.com\/es\/wp-content\/uploads\/2020\/05\/Juan-Crisostomo-Arriaga-String-Quartet-No-1-in-D-minor-IV-Adagio-Allegretto.mp3<\/a><\/audio>\n<p>&nbsp;<\/p>\n<p style=\"text-align: center;\"><img loading=\"lazy\" decoding=\"async\" class=\"alignnone wp-image-9259\" src=\"http:\/\/loscordonesquemeatocadadia.com\/es\/wp-content\/uploads\/2020\/05\/Madrid_proclamaci\u00f3n_de_la_rep\u00fablica_por_la_Asamblea_nacional_de_Pellicer-1.jpg\" alt=\"\" width=\"681\" height=\"502\" \/><\/p>\n<p style=\"text-align: center;\"><strong><em>Proclamaci\u00f3n en Madrid de la Primera Rep\u00fablica espa\u00f1ola en\u00a0 la Asamblea Nacional\u00a0 el 11 de febrero de 1873.<\/em><\/strong><\/p>\n<p style=\"text-align: justify;\">La proclamaci\u00f3n de la Primera Rep\u00fablica el 11 de febrero de 1873 se produjo en una situaci\u00f3n econ\u00f3mica mala, con un elevado d\u00e9ficit y una deuda p\u00fablica desbocada, generadas en gran parte por la guerra de Cuba y un nuevo levantamiento de los carlistas -Tercera Guerra Carlista (1872-1876)-. El r\u00e9gimen capitalista que se hab\u00eda desarrollado sin grandes problemas hasta entonces, sufr\u00eda la primera de sus crisis sist\u00e9micas, con la quiebra de importantes bancos, la falta de liquidez del Estado al no poder hacer frente a los vencimientos de la deuda p\u00fablica y con la bolsa de valores por los suelos.<!--more--><\/p>\n<p style=\"text-align: justify;\">Tras la abdicaci\u00f3n de <em>Amadeo I de Saboya<\/em>, los componentes del Congreso y del Senado reunidos en Asamblea Nacional, proclamaron el <strong><em>11 de febrero de 1873<\/em><\/strong>, la Primera Rep\u00fablica espa\u00f1ola, sin definir si iba a ser <strong><em>UNITARIA<\/em><\/strong> o <strong><em>FEDERAL,<\/em><\/strong> gracias al pacto entre el <em>Partido Republicano Federal<\/em>\u00a0y el <em>Partido Dem\u00f3crata Radical<\/em> -mon\u00e1rquicos- que, entre ambos, ostentaban la mayor\u00eda en la Asamblea. Se convino elegir unas Cortes Constituyentes que definieran y organizaran el nuevo r\u00e9gimen.<\/p>\n<p style=\"text-align: justify;\">Las Cortes proclamaron la Rep\u00fablica como forma de gobierno por 258 votos a favor y 32 en contra. La Rep\u00fablica surgi\u00f3 como una f\u00f3rmula para la posible aplicaci\u00f3n de los postulados de la Revoluci\u00f3n de 1868, <em>la Gloriosa o Septembrina <\/em>que expuls\u00f3 a Isabel II. <em>El <strong>Partido Dem\u00f3crata Radical<\/strong><\/em>\u00a0y el <strong><em>Partido Republicano Federal<\/em><\/strong> eran los dos grupos pol\u00edticos mayoritarios de las Cortes, defendiendo formas diferentes de rep\u00fablica: los radicales defend\u00edan la rep\u00fablica unitaria y los republicanos el modelo federal.<\/p>\n<p style=\"text-align: justify;\">Primero fue s\u00f3lo Rep\u00edblica sin apellidos -indefinido- hasta que las Cortes pusieron el apellido<strong><em> Federal<\/em> <\/strong>en junio de 1873. Conviene recordar que la Primera Rep\u00fablica <strong><em>federal<\/em><\/strong> espa\u00f1ola, proclamada el 8 de junio de 1873 -efectiva desde el 11- por las Cortes espa\u00f1olas, no fue reconocida por Gran Breta\u00f1a, recelosa de una posible reuni\u00f3n federal de Espa\u00f1a y Portugal, ni por Francia, a quien no le interesaba en absoluto que el federalismo en Catalu\u00f1a se extendiera hacia el norte, ni por el\u00a0II\u00a0Imperio alem\u00e1n, que envi\u00f3 una escuadra naval contra los republicanos y socialistas del este y sur espa\u00f1ol, a los que consideraba una amenaza para el pacto de las monarqu\u00edas rusa, austro-h\u00fangara y el Reich alem\u00e1n.<\/p>\n<p style=\"text-align: justify;\">La <strong>Primera Rep\u00fablica <\/strong>tuvo varias etapas en su primera fase, <em><strong>indefinida<\/strong>, d<\/em>e 11 de febrero a 11 de junio,<em><strong> federal<\/strong>, <\/em>de 11 de junio de de 1873 a 3 de enero de 1974 y por fin, una \u00faltima fase con una Rep\u00fablica <strong><em>unitaria<\/em><\/strong> bajo el mando del general Serrano hasta el 31 de diciembre de 1874<em>.<\/em> Las dos\u00a0 primeras etapas duraron 11 meses y en ese espacio de tiempo hubo <strong>cuatro<\/strong> presidentes del poder ejecutivo con <strong>cinco <\/strong>gobiernos<strong>. <\/strong>Esta corta aventura de 11 meses termin\u00f3 con la disoluci\u00f3n de las Cortes por el general Pav\u00eda el 3 de enero de 1874, instaurando una <strong><em>Rep\u00fablica unitaria,<\/em> <\/strong>bajo la dictadura del <em><strong>general Serrano<\/strong><\/em>, l\u00edder del Partido Constitucional, cuyo r\u00e9gimen, reuni\u00f3 a republicanos unitarios, radicales y constitucionalistas, excluyendo a los republicanos federalistas. Durante esta presidencia de apenas 12 meses -3 de enero a 31 de diciembre de 1874-, Serrano form\u00f3 tres gobiernos. <strong>Ocho gobiernos en menos de dos a\u00f1os\u2026<\/strong><\/p>\n<h2 style=\"text-align: justify;\"><em><span style=\"color: #ff0000;\"><strong>Primera Rep\u00fablica <\/strong><\/span><\/em><\/h2>\n<p style=\"text-align: justify;\">Presidencia de<strong> Estanislao Figueras <\/strong>(11 de febrero &#8211; 11 de junio de 1873)<strong>: dos gobiernos, uno <\/strong>de 11 de febrero a 24 de febrero y el<strong> segundo <\/strong>de 24 de febrero a 11 de junio de 1873.<\/p>\n<p style=\"text-align: center;\"><img loading=\"lazy\" decoding=\"async\" class=\"alignnone wp-image-9270\" src=\"http:\/\/loscordonesquemeatocadadia.com\/es\/wp-content\/uploads\/2020\/05\/220px-Estanislao_Figueras.png\" alt=\"\" width=\"292\" height=\"378\" \/><\/p>\n<p style=\"text-align: center;\"><em><strong>Estanislao Figueras y Moragas.<\/strong><\/em><\/p>\n<p style=\"text-align: justify;\">El 1 de junio de 1873 se abri\u00f3 la primera sesi\u00f3n de las Cortes Constituyentes y comenzaron a presentarse las propuestas; el d\u00eda 7 comenzaron los debates sobre las propuestas. La primera que se discuti\u00f3, suscrita por siete diputados, dec\u00eda en art\u00edculo \u00fanico: \u201c<em>La forma de gobierno de la Naci\u00f3n espa\u00f1ola es la Rep\u00fablica democr\u00e1tica federal\u201d; <\/em>se celebr\u00f3 la votaci\u00f3n al d\u00eda siguiente -8 de junio-, con el voto favorable de 218 diputados y 2 en contra, proclam\u00e1ndose ese d\u00eda la <strong>Rep\u00fablica federal,<\/strong> la cual se sustanci\u00f3 el d\u00eda 11 de junio de 1873.<\/p>\n<p style=\"text-align: justify;\">En el Consejo de Ministros celebrado al d\u00eda siguiente de la esperp\u00e9ntica proclamaci\u00f3n, el Presidente dirigi\u00e9ndose a los Ministros, dijo, \u201c<em>se\u00f1ores voy a serles franco, estoy hasta los cojones de todos nosotros\u201d, <\/em>cogi\u00f3 un tren en Atocha y se fue a Par\u00eds\u2026<\/p>\n<h3 style=\"text-align: justify;\"><span style=\"color: #ff0000;\"><em><strong>Primera Rep\u00fablica Federal<\/strong><\/em><\/span><\/h3>\n<p style=\"text-align: justify;\">Presidencia de<strong> Francisco Pi y Margall <\/strong>(11 de junio &#8211; 18 de julio de 1873).<\/p>\n<p style=\"text-align: center;\"><img loading=\"lazy\" decoding=\"async\" class=\"alignnone wp-image-9272\" src=\"http:\/\/loscordonesquemeatocadadia.com\/es\/wp-content\/uploads\/2020\/05\/Pi_y_margall.jpg\" alt=\"\" width=\"388\" height=\"503\" \/><\/p>\n<p style=\"text-align: center;\"><em><strong>Jos\u00e9 S\u00e1nchez Pescador. Retrato de Francisco Pi i Margall .<\/strong><strong> 1873.\u00a0 \u00d3leo sobre tela. 30,5 x 37 cm.\u00a0 Ateneo. Madrid<\/strong><\/em>.<\/p>\n<p style=\"text-align: justify;\">Presidencia de<strong> Nicol\u00e1s Salmer\u00f3n <\/strong>(18 de julio &#8211; 7 de septiembre de 1873).<\/p>\n<p style=\"text-align: center;\"><img loading=\"lazy\" decoding=\"async\" class=\"alignnone wp-image-9269\" src=\"http:\/\/loscordonesquemeatocadadia.com\/es\/wp-content\/uploads\/2020\/05\/200px-F._de_Madrazo_-_1879_Nicol\u00e1s_Salmer\u00f3n_Congreso_de_los_Diputados_Madrid_131_x_96_cm.jpg\" alt=\"\" width=\"417\" height=\"577\" \/><\/p>\n<p style=\"text-align: center;\"><em><strong>Federico de Madrazo. Retrato de Nicol\u00e1s Salmer\u00f3n Alonso. <\/strong><strong>1879. \u00d3leo sobre tela. 131 x 96 cm. Congreso de los Diputados. Madrid<\/strong><\/em>.<\/p>\n<p style=\"text-align: justify;\">Presidencia de<strong> Emilio Castelar <\/strong>(7 de septiembre de 1873- 3 de enero de 1874).<\/p>\n<p style=\"text-align: center;\"><img loading=\"lazy\" decoding=\"async\" class=\"alignnone wp-image-9265\" src=\"http:\/\/loscordonesquemeatocadadia.com\/es\/wp-content\/uploads\/2020\/05\/Emilio_Castelar_Ripoll_1901_Joaqu\u00edn_Sorolla_y_Bastida.jpg\" alt=\"\" width=\"432\" height=\"587\" \/><\/p>\n<p style=\"text-align: center;\"><strong><i>J<\/i><\/strong><em><strong>oaqu\u00edn Sorolla. Retrato de Emilio Castelar Ripoll. <\/strong><strong>1901. \u00d3leo sobre tela. 130,5 x 96,5 cm. Congreso de los Diputados. Madrid<\/strong><\/em>.<\/p>\n<p style=\"text-align: justify;\">Estando reci\u00e9n aterrizado en la presidencia\u00a0Pi y Margall, se inici\u00f3 una <em><strong>rebeli\u00f3n cantonal <\/strong><\/em>que estuvo activa entre el 12 julio de 1873 y el 12 de enero de 1874. Los iniciadores fueron los republicanos federalistas<strong><em> intransigentes<\/em><\/strong>, que quer\u00edan instaurar la <strong><em>Rep\u00fablica federal<\/em><\/strong>, sin esperar a que las Cortes Constituyentes aprobaran una Constituci\u00f3n Federal.<\/p>\n<p style=\"text-align: center;\"><img loading=\"lazy\" decoding=\"async\" class=\"alignnone wp-image-9214\" src=\"http:\/\/loscordonesquemeatocadadia.com\/es\/wp-content\/uploads\/2020\/05\/1200px-Rebeli\u00f3n_cantonal.svg_-300x263.png\" alt=\"\" width=\"477\" height=\"418\" srcset=\"https:\/\/loscordonesquemeatocadadia.com\/es\/wp-content\/uploads\/2020\/05\/1200px-Rebeli\u00f3n_cantonal.svg_-300x263.png 300w, https:\/\/loscordonesquemeatocadadia.com\/es\/wp-content\/uploads\/2020\/05\/1200px-Rebeli\u00f3n_cantonal.svg_-1024x897.png 1024w, https:\/\/loscordonesquemeatocadadia.com\/es\/wp-content\/uploads\/2020\/05\/1200px-Rebeli\u00f3n_cantonal.svg_-768x673.png 768w, https:\/\/loscordonesquemeatocadadia.com\/es\/wp-content\/uploads\/2020\/05\/1200px-Rebeli\u00f3n_cantonal.svg_.png 1200w\" sizes=\"auto, (max-width: 477px) 100vw, 477px\" \/><\/p>\n<p style=\"text-align: justify;\">El 1 de julio de 1873 \u2013a los 20 d\u00edas de llegar Pi i Margall a la presidencia- los diputados federales <em>intransigentes<\/em> se retiraron de la Asamblea Nacional y constituyeron en Madrid un <strong><em>Comit\u00e9 de Salud P\u00fablica,<\/em><\/strong> que instig\u00f3 a la insurrecci\u00f3n, que se inici\u00f3 con la Revoluci\u00f3n del Petr\u00f3leo en Alcoy el 9 de julio, sigui\u00f3 el 12 de julio en Cartagena, extendi\u00e9ndose a continuaci\u00f3n a Valencia, Murcia, Albacete y Andaluc\u00eda. En estas zonas, se formaron cantones autofederados dentro de la Rep\u00fablica. Al fracasar la pol\u00edtica de Pi y Margall de <strong><em>primero convencer<\/em><\/strong>, se tuvo que cambiarse por <strong><em>primero vencer<\/em> <\/strong>y luego ya veremos\u2026 A Pi i Margall le sustituy\u00f3 en la presidencia Nicol\u00e1s Salmer\u00f3n, que no dud\u00f3 en utilizar al Ej\u00e9rcito dirigido por los generales Mart\u00ednez Campos y Pav\u00eda para aplastar la rebeli\u00f3n, pol\u00edtica que continu\u00f3 el siguiente gobierno de Emilio Castelar, que, tras suspender las sesiones de las Cortes, prosigui\u00f3 el asedio al Cant\u00f3n de Cartagena, el \u00faltimo reducto de la rebeli\u00f3n, que finalmente cay\u00f3 el 12 de enero de 1874, 9 d\u00edas despu\u00e9s de disolver Pav\u00eda las Cortes, finalizando as\u00ed la <strong><em>Rep\u00fablica federal espa\u00f1ola<\/em><\/strong>,\u00a0 constituy\u00e9ndose a continuaci\u00f3n la <strong><em>Dictadura republicana<\/em><\/strong> o <em><strong>Rep\u00fablica unitaria<\/strong><\/em> presidida por el general <strong><em>Francisco Serrano<\/em><\/strong> que estar\u00eda vigente entre el 4 de enero y el 31 de diciembre de 1874, per\u00edodo finalizado con el pronunciamiento del general <em><strong>Mart\u00ednez Campos,<\/strong><\/em> que puso as\u00ed fin a la <strong><em>Primera Rep\u00fablica espa\u00f1ola<\/em><\/strong>, dando paso al per\u00edodo conocido como <em><strong>Restauraci\u00f3n<\/strong><\/em> de la monarqu\u00eda borb\u00f3nica, con la aprobaci\u00f3n por las Cortes de una nueva Constituci\u00f3n en 1876 y el regreso de <strong><em>Alfonso XII.<\/em><\/strong><\/p>\n<p style=\"text-align: center;\"><img loading=\"lazy\" decoding=\"async\" class=\"alignnone wp-image-9268\" src=\"http:\/\/loscordonesquemeatocadadia.com\/es\/wp-content\/uploads\/2020\/05\/Francisco-serrano-237x300.jpg\" alt=\"\" width=\"392\" height=\"498\" \/><\/p>\n<p style=\"text-align: center;\"><em><strong>Antonio Gisbert. El capit\u00e1n general Francisco Serrano, primer duque de la Torre. <\/strong><strong>1871. \u00d3leo sobre tela. 226 x\u00a0 144 cm.\u00a0 Museo del Prado.<\/strong><\/em><\/p>\n<p style=\"text-align: center;\"><img loading=\"lazy\" decoding=\"async\" class=\"alignnone wp-image-9215\" src=\"http:\/\/loscordonesquemeatocadadia.com\/es\/wp-content\/uploads\/2020\/05\/1873-cantonalismo-294x300.jpg\" alt=\"\" width=\"478\" height=\"488\" srcset=\"https:\/\/loscordonesquemeatocadadia.com\/es\/wp-content\/uploads\/2020\/05\/1873-cantonalismo-294x300.jpg 294w, https:\/\/loscordonesquemeatocadadia.com\/es\/wp-content\/uploads\/2020\/05\/1873-cantonalismo.jpg 350w\" sizes=\"auto, (max-width: 478px) 100vw, 478px\" \/><\/p>\n<p style=\"text-align: center;\"><img loading=\"lazy\" decoding=\"async\" class=\"alignnone wp-image-9271\" src=\"http:\/\/loscordonesquemeatocadadia.com\/es\/wp-content\/uploads\/2020\/05\/General_Pavia-156x300.jpg\" alt=\"\" width=\"430\" height=\"827\" srcset=\"https:\/\/loscordonesquemeatocadadia.com\/es\/wp-content\/uploads\/2020\/05\/General_Pavia-156x300.jpg 156w, https:\/\/loscordonesquemeatocadadia.com\/es\/wp-content\/uploads\/2020\/05\/General_Pavia-532x1024.jpg 532w, https:\/\/loscordonesquemeatocadadia.com\/es\/wp-content\/uploads\/2020\/05\/General_Pavia.jpg 695w\" sizes=\"auto, (max-width: 430px) 100vw, 430px\" \/><\/p>\n<p style=\"text-align: center;\"><em><strong>General Manuel Pav\u00eda Rodr\u00edguez, duque de Alburquerque.<\/strong><\/em><\/p>\n<h2 style=\"text-align: justify;\"><span style=\"color: #ff0000;\"><strong><em>Catalu\u00f1a<\/em><\/strong><\/span><\/h2>\n<p style=\"text-align: justify;\">La noticia de la proclamaci\u00f3n de la Rep\u00fablica en Madrid el 11 de febrero de 1873, fue conocida de forma inmediata en toda Espa\u00f1a y claro, en Barcelona, donde a primera hora del d\u00eda 12 de febrero, se decretaron tres d\u00edas de fiestas. Se iz\u00f3 la bandera federal de Catalu\u00f1a en el Ayuntamiento de forma inmediata, y en la fachada del edificio de la Diputaci\u00f3n se instal\u00f3 un escudo de Catalu\u00f1a coronado con el <strong><em><a href=\"http:\/\/loscordonesquemeatocadadia.com\/es\/2017\/09\/10\/el-gorro-frigio-parte-1\/\">gorro<\/a><\/em> <span style=\"color: #ff0000;\"><a style=\"color: #ff0000;\" href=\"http:\/\/loscordonesquemeatocadadia.com\/es\/2017\/09\/16\/el-gorro-frigio-parte-2\/\">frigio republicano<\/a><\/span><\/strong><span style=\"color: #ff0000;\">.<\/span><\/p>\n<p style=\"text-align: center;\"><img loading=\"lazy\" decoding=\"async\" class=\"alignnone wp-image-9253\" src=\"http:\/\/loscordonesquemeatocadadia.com\/es\/wp-content\/uploads\/2020\/05\/800px-Bandera_republicana_federal_catalana-1-300x202.png\" alt=\"\" width=\"414\" height=\"279\" srcset=\"https:\/\/loscordonesquemeatocadadia.com\/es\/wp-content\/uploads\/2020\/05\/800px-Bandera_republicana_federal_catalana-1-300x202.png 300w, https:\/\/loscordonesquemeatocadadia.com\/es\/wp-content\/uploads\/2020\/05\/800px-Bandera_republicana_federal_catalana-1-768x517.png 768w, https:\/\/loscordonesquemeatocadadia.com\/es\/wp-content\/uploads\/2020\/05\/800px-Bandera_republicana_federal_catalana-1.png 800w\" sizes=\"auto, (max-width: 414px) 100vw, 414px\" \/><\/p>\n<p style=\"text-align: center;\"><strong><em>Bandera republicana federal de Catalu\u00f1a.<\/em><\/strong><\/p>\n<p style=\"text-align: justify;\">Desde ese mismo momento, los republicanos catalanes -los burgueses partidarios de la <em>Rep\u00fablica unitaria<\/em> y los trabajadores, devotos de la <em>Rep\u00fablica federal,<\/em>&#8211; presionaron para que se proclamara la Rep\u00fablica federal en Madrid, recibiendo la respuesta del Partido Republicano Federal del compromiso contra\u00eddo, y que se mantendr\u00eda con los radicales, de elegir unas Cortes Constituyentes, que ser\u00edan las que definieran el modelo republicano.<\/p>\n<p style=\"text-align: justify;\">Esto no impidi\u00f3, que el sector m\u00e1s <strong><em>intransigente<\/em><\/strong> del partido Republicano Federal de Catalu\u00f1a proclamara la Rep\u00fablica federal en alguna localidad. En otros ayuntamientos, se aprobaron mociones a favor de la proclamaci\u00f3n inmediata de la Rep\u00fablica.<\/p>\n<p style=\"text-align: justify;\">En Barcelona, la presi\u00f3n para que se proclamara la Rep\u00fablica federal se centr\u00f3 en la <strong><em>Diputaci\u00f3n<\/em><\/strong> (recordar que a pesar de los denodados esfuerzos por decirnos que la Generalitat existe desde la Creaci\u00f3n del Mundo, entonces a\u00fan no exist\u00eda. El primer presidente de la Generalitat fue Francesc Maci\u00e0 en 1931) <strong><em>\u00a0del General<\/em><\/strong> y sus tres <strong><em>Brazos<\/em><\/strong>, que contaba con una mayor\u00eda republicana federalista, a diferencia del Ayuntamiento de Barcelona dominado por los mon\u00e1rquicos. La misma ma\u00f1ana del d\u00eda 12 de febrero, varios diputados provinciales <em>intransigentes<\/em> pidieron en el pleno extraordinario de la Diputaci\u00f3n, que se <em>proclamara inmediatamente<\/em> el <strong><em>Estado Catal\u00e1n<\/em><\/strong>, pero la propuesta fue rechazada.<\/p>\n<p style=\"text-align: justify;\">La Diputaci\u00f3n tambi\u00e9n recibi\u00f3 presiones para que se armara al pueblo, con la excusa de poder combatir a los carlistas, creando adem\u00e1s as\u00ed un embri\u00f3n armado, que ser\u00eda el que pudiera servir de base -dos compa\u00f1\u00edas- para la formaci\u00f3n de una fuerza armada que sustituyera al Ej\u00e9rcito en cuanto \u00e9ste fuera disuelto, cuesti\u00f3n \u00e9sta, ya en mente de\u00a0 los republicanos federales.<\/p>\n<p style=\"text-align: justify;\">En los cuarteles de Barcelona, proliferaban los actos de indisciplina, ya que los soldados provenientes de las clases bajas, desconfiaban de sus oficiales, promon\u00e1rquicos y de clases m\u00e1s favorecidas.<\/p>\n<p style=\"text-align: justify;\">Los d\u00edas siguientes hubo manifestaciones violentas -como era tradicional en Barcelona con muchas mujeres- con la petici\u00f3n sistem\u00e1tica de la proclamaci\u00f3n del<em><strong> Estado Catal\u00e1n<\/strong><\/em>,<em> la abolici\u00f3n del reclutamiento obligatorio y del Ej\u00e9rcito regular,<\/em> y la disoluci\u00f3n del Ayuntamiento de Barcelona que era de mayor\u00eda mon\u00e1rquica.<\/p>\n<p style=\"text-align: justify;\">Los republicanos <em>intransigentes <\/em>-que eran los que presionaban para la implantaci\u00f3n inmediata de la Rep\u00fablica federal-, estaban agrupados en torno a la idea del<em> Estado Catal\u00e1n<\/em>; por otro lado, los republicanos federales moderados o <strong><em>benevolentes <\/em><\/strong>defend\u00edan respetar la elecci\u00f3n de Cortes Constituyentes y esperar su dictamen.<\/p>\n<p style=\"text-align: justify;\">Un ejemplo de <em>intransigencia<\/em> t\u00edpica fue la del diputado de Barcelona <em>Carreras <\/em>que present\u00f3 una propuesta, para su ejecuci\u00f3n inmediata y comunicaci\u00f3n a las otras tres diputaciones catalanas, cuyo primer acuerdo ser\u00eda proclamar la autonom\u00eda de los municipios de la provincia barcelonesa: <em>1\u00ba La Diputaci\u00f3n provincial de Barcelona proclama la constituci\u00f3n de la provincia de Barcelona en Estado republicano federal de Barcelona. 2\u00ba La Diputaci\u00f3n se constituye interinamente en Representaci\u00f3n soberana del Estado republicano federal de Barcelona dentro de la federaci\u00f3n republicana de Espa\u00f1a.<\/em><\/p>\n<p style=\"text-align: justify;\">La propuesta fue rechazada <em><strong>repitiendo<\/strong><\/em> que la proclamaci\u00f3n de la Rep\u00fablica federal la deb\u00edan realizar las futuras Cortes Constituyentes.<\/p>\n<p style=\"text-align: center;\"><img loading=\"lazy\" decoding=\"async\" class=\"alignnone wp-image-9254\" src=\"http:\/\/loscordonesquemeatocadadia.com\/es\/wp-content\/uploads\/2020\/05\/Barcelona_proclamaci\u00f3n_de_la_rep\u00fablica_aspecto_de_la_plaza_de_San_Jaime_en_la_ma\u00f1ana_del_21_de_febrero_de_Pellicer-1-300x223.jpg\" alt=\"\" width=\"558\" height=\"415\" srcset=\"https:\/\/loscordonesquemeatocadadia.com\/es\/wp-content\/uploads\/2020\/05\/Barcelona_proclamaci\u00f3n_de_la_rep\u00fablica_aspecto_de_la_plaza_de_San_Jaime_en_la_ma\u00f1ana_del_21_de_febrero_de_Pellicer-1-300x223.jpg 300w, https:\/\/loscordonesquemeatocadadia.com\/es\/wp-content\/uploads\/2020\/05\/Barcelona_proclamaci\u00f3n_de_la_rep\u00fablica_aspecto_de_la_plaza_de_San_Jaime_en_la_ma\u00f1ana_del_21_de_febrero_de_Pellicer-1.jpg 600w\" sizes=\"auto, (max-width: 558px) 100vw, 558px\" \/><\/p>\n<p style=\"text-align: center;\"><strong><em>Concentraci\u00f3n del 21 de febrero en la plaza de San Jaime de soldados y civiles exigiendo la proclamaci\u00f3n de la Rep\u00fablica federal espa\u00f1ola ante la fachada de la Diputaci\u00f3n Provincial.<\/em><\/strong><\/p>\n<h4><em>M\u00fasica:\u00a0Juan Crisostomo Arriaga &#8211; String Quartet No. 1 in D-minor: IV Adagio &#8211; Allegretto.<\/em><\/h4>\n<p style=\"text-align: center;\"><em><strong>To be continued in part 3 and last.<\/strong><\/em><\/p>\n","protected":false},"excerpt":{"rendered":"<p>&nbsp; Proclamaci\u00f3n en Madrid de la Primera Rep\u00fablica espa\u00f1ola en\u00a0 la Asamblea Nacional\u00a0 el 11 de febrero de 1873. La proclamaci\u00f3n de la Primera Rep\u00fablica el 11 de febrero de 1873 se produjo en una situaci\u00f3n econ\u00f3mica mala, con un elevado d\u00e9ficit y una deuda p\u00fablica desbocada, generadas en gran parte por la guerra de [&hellip;]<\/p>\n","protected":false},"author":2,"featured_media":9288,"comment_status":"open","ping_status":"closed","sticky":false,"template":"","format":"standard","meta":{"_mo_disable_npp":"","om_disable_all_campaigns":false,"_monsterinsights_skip_tracking":false,"_monsterinsights_sitenote_active":false,"_monsterinsights_sitenote_note":"","_monsterinsights_sitenote_category":0,"_uf_show_specific_survey":0,"_uf_disable_surveys":false,"footnotes":""},"categories":[22,46],"tags":[1472,1471,1469,1466,1470,1467,1468,1465],"class_list":["post-9243","post","type-post","status-publish","format-standard","has-post-thumbnail","hentry","category-historia","category-politica","tag-cortes-constituyentes","tag-diputacion-de-barcelona","tag-emilio-castelar","tag-estado-catalan","tag-estanislao-figueras","tag-francisco-pi-i-margall","tag-nicolas-salmeron","tag-primera-republica"],"aioseo_notices":[],"post_mailing_queue_ids":[],"_links":{"self":[{"href":"https:\/\/loscordonesquemeatocadadia.com\/es\/wp-json\/wp\/v2\/posts\/9243","targetHints":{"allow":["GET"]}}],"collection":[{"href":"https:\/\/loscordonesquemeatocadadia.com\/es\/wp-json\/wp\/v2\/posts"}],"about":[{"href":"https:\/\/loscordonesquemeatocadadia.com\/es\/wp-json\/wp\/v2\/types\/post"}],"author":[{"embeddable":true,"href":"https:\/\/loscordonesquemeatocadadia.com\/es\/wp-json\/wp\/v2\/users\/2"}],"replies":[{"embeddable":true,"href":"https:\/\/loscordonesquemeatocadadia.com\/es\/wp-json\/wp\/v2\/comments?post=9243"}],"version-history":[{"count":15,"href":"https:\/\/loscordonesquemeatocadadia.com\/es\/wp-json\/wp\/v2\/posts\/9243\/revisions"}],"predecessor-version":[{"id":10058,"href":"https:\/\/loscordonesquemeatocadadia.com\/es\/wp-json\/wp\/v2\/posts\/9243\/revisions\/10058"}],"wp:featuredmedia":[{"embeddable":true,"href":"https:\/\/loscordonesquemeatocadadia.com\/es\/wp-json\/wp\/v2\/media\/9288"}],"wp:attachment":[{"href":"https:\/\/loscordonesquemeatocadadia.com\/es\/wp-json\/wp\/v2\/media?parent=9243"}],"wp:term":[{"taxonomy":"category","embeddable":true,"href":"https:\/\/loscordonesquemeatocadadia.com\/es\/wp-json\/wp\/v2\/categories?post=9243"},{"taxonomy":"post_tag","embeddable":true,"href":"https:\/\/loscordonesquemeatocadadia.com\/es\/wp-json\/wp\/v2\/tags?post=9243"}],"curies":[{"name":"wp","href":"https:\/\/api.w.org\/{rel}","templated":true}]}}