{"id":9309,"date":"2021-05-29T09:00:47","date_gmt":"2021-05-29T08:00:47","guid":{"rendered":"http:\/\/loscordonesquemeatocadadia.com\/es\/?p=9309"},"modified":"2021-05-30T06:45:15","modified_gmt":"2021-05-30T05:45:15","slug":"siguio-el-siglo-xx-y-en-1931-se-proclamo-la-segunda-republica-primero-en-vigo-eibar-valencia-y-cataluna-y-por-fin-y-despues-en-espana-parte-2","status":"publish","type":"post","link":"https:\/\/loscordonesquemeatocadadia.com\/es\/2021\/05\/29\/siguio-el-siglo-xx-y-en-1931-se-proclamo-la-segunda-republica-primero-en-vigo-eibar-valencia-y-cataluna-y-por-fin-y-despues-en-espana-parte-2\/","title":{"rendered":"Sigui\u00f3 el siglo XX, y en 1931 se proclam\u00f3 la Segunda Rep\u00fablica, primero en Vigo, Eibar, Valencia y Catalu\u00f1a, y por fin y despu\u00e9s, en Espa\u00f1a. Parte 2."},"content":{"rendered":"<audio class=\"wp-audio-shortcode\" id=\"audio-9309-1\" loop autoplay preload=\"auto\" style=\"width: 100%;\" controls=\"controls\"><source type=\"audio\/mpeg\" src=\"http:\/\/loscordonesquemeatocadadia.com\/es\/wp-content\/uploads\/2020\/05\/Suspiros-de-Espa\u00f1a-Antonio-Alvarez-Dir-Miguel-Roa.mp3?_=1\" \/><a href=\"http:\/\/loscordonesquemeatocadadia.com\/es\/wp-content\/uploads\/2020\/05\/Suspiros-de-Espa\u00f1a-Antonio-Alvarez-Dir-Miguel-Roa.mp3\">http:\/\/loscordonesquemeatocadadia.com\/es\/wp-content\/uploads\/2020\/05\/Suspiros-de-Espa\u00f1a-Antonio-Alvarez-Dir-Miguel-Roa.mp3<\/a><\/audio>\n<p style=\"text-align: justify;\">La <strong><em>Restauraci\u00f3n<\/em>\u00a0<em> borb\u00f3nica <\/em><\/strong>hab\u00eda llevado consigo una profunda centralizaci\u00f3n administrativa y legal. Al desaparecer, <strong><em>saltaron los agazapados nacionalismos perif\u00e9ricos<\/em><\/strong>: los <strong>catalanes<\/strong> con su revoluci\u00f3n burguesa y su identidad cultural <strong><em>eternas<\/em><\/strong>, y los <strong>vascos<\/strong>*, que deseaban dibujar un futuro m\u00e1s confortable tras la p\u00e9rdida de los Fueros en la \u00faltima guerra carlista. Aparecieron\u00a0los partidos nacionalistas: el <strong>Partido Nacionalista Vasco<\/strong> (PNV), la <strong>Liga de Catalu\u00f1a<\/strong> y la <strong>Uni\u00f3n Catalanista<\/strong>.<!--more--><\/p>\n<p style=\"text-align: justify;\"><em>*Nota. El fin del gobierno foral en el Pa\u00eds Vasco tras la Tercera Guerra Carlista (1872-1876), hizo que el gobierno de\u00a0C\u00e1novas del Castillo pactase el llamado <strong>Primer Acuerdo econ\u00f3mico vasco<\/strong> &#8211;<\/em>gran anhelo vasco desde la anulaci\u00f3n foral<em>-, en el que se segu\u00eda dando cierta libertad econ\u00f3mica a esta regi\u00f3n, permitiendo a las autoridades locales recaudar ellos mismos los impuestos. Por otra parte, la derrota y supresi\u00f3n de los fueros aumentaron el sentimiento fuerista vasco, dando lugar a la creaci\u00f3n del Partido Nacionalista Vasco en 1895 por Sabino Arana, que defender\u00eda las ideas cat\u00f3licas del carlismo y el regionalismo, que derivar\u00edan en el nacionalismo.<\/em><\/p>\n<p style=\"text-align: justify;\">Los movimientos obreros se acercaron al <strong>Partido Socialista Obrero Espa\u00f1ol<\/strong> (PSOE) fundado en 1879, con el objetivo de lograr una participaci\u00f3n electoral democr\u00e1tica aut\u00e9ntica. B\u00e1sicamente, estos movimientos fueron: la <strong>Uni\u00f3n General de Trabajadores<\/strong> (UGT) \u2013sindicato socialista-, fundado en 1888, los anarquistas de la <strong>Federaci\u00f3n de Trabajadores de la Regi\u00f3n Espa\u00f1ola<\/strong> (FTRE) y los anarcosindicalistas de la <strong>Confederaci\u00f3n Nacional del Trabajo<\/strong>\u00a0(CNT), fundada en 1910.<\/p>\n<p style=\"text-align: justify;\">La <em>Monarqu\u00eda<\/em> reaccion\u00f3 ante estos movimientos sociales con una fuerte represi\u00f3n, en especial contra el anarquismo, con episodios especialmente numerosos y graves en Catalu\u00f1a.<\/p>\n<p style=\"text-align: justify;\">La Iglesia cat\u00f3lica evolucion\u00f3 desde la inm\u00f3vil intransigencia inicial a la conciliaci\u00f3n relativa; oblig\u00f3 al Estado a cumplir la Constituci\u00f3n -como no-, cuyo art\u00edculo 11 proclamaba la confesionalidad cat\u00f3lica del Estado, reclamando as\u00ed mismo, su derecho al adoctrinamiento religioso en la ense\u00f1anza reconocido por el Concordato, con la supervisi\u00f3n y censura de los contenidos a impartir. Tampoco permiti\u00f3 la Iglesia, la regulaci\u00f3n del matrimonio civil, hasta que el Vaticano reconoci\u00f3 al Estado la potestad de regular los efectos civiles del matrimonio.<\/p>\n<p style=\"text-align: justify;\">La sociedad se encontraba dividida <strong>en varias partes<\/strong> muy diferenciadas: la de <strong><em>los<\/em><\/strong><em> <strong>partidos tradicionalistas<\/strong><\/em>, mon\u00e1rquicos, fundados por C\u00e1novas y Sagasta, <strong><em>que viv\u00edan de espaldas a la Espa\u00f1a real<\/em><\/strong>, la de <strong><em>la nueva burgues\u00eda<\/em><\/strong>, la de los republicanos y nacionalistas, que buscaban su lugar en el espacio nacional, y <strong><em>la de los proletarios <\/em><\/strong>\u00a0arracimados alrededor del PSOE, sindicados en la UGT, el sindicato anarquista y la CNT.<\/p>\n<p style=\"text-align: justify;\">A partir de 1923, se sucedieron acontecimientos importantes, que al final desembocaron primero en la <strong><em>dictadura de Primo de Rivera<\/em><\/strong>, despu\u00e9s en la <em>dictablanda<\/em> del general Berenguer y por fin en la Segunda Rep\u00fablica; los militares estaban descontentos con la pol\u00edtica blandengue del gobierno frente al Protectorado de Marruecos -al margen de lo que mal que se hab\u00eda hecho en Annual-, al que se le pagaron 4 millones de pesetas de las de entonces, por la liberaci\u00f3n de los trescientos y pico militares que llevaban 18 meses prisioneros desde <em>el Desastre<\/em>, con el pistolerismo de las calles,\u00a0 el radicalismo de la clase obrera y la constituci\u00f3n en las Cortes de una comisi\u00f3n parlamentaria en septiembre de 1923 para investigar lo sucedido en Annual. As\u00ed, el d\u00eda 13 de septiembre de 1923 el capit\u00e1n general de Catalu\u00f1a <strong>Miguel Primo de Rivera<\/strong> <strong><em>se pronunci\u00f3<\/em><\/strong> en Barcelona, siendo inmediatamente reconocido por el rey -que no atendi\u00f3 a los ruegos de los pol\u00edticos gubernamentales, ni de los contrarios-, que le encomend\u00f3 la formaci\u00f3n de gobierno, siendo jefe del mismo auxiliado por un <em><strong>Directorio Militar <\/strong><\/em>dejando sin vigencia inmediatamente la Constituci\u00f3n de 1876. Comenzaba una <strong><em>DICTADURA<\/em><\/strong> <strong>con rey<\/strong>, que durar\u00eda hasta el 28 de enero de 1930, dictadura sustentada por un partido pol\u00edtico \u00daNICO: la\u00a0<strong><em>Uni\u00f3n Patri\u00f3tica.<\/em><\/strong>\u00a0<b><i>\u00a0<\/i><\/b><\/p>\n<p style=\"text-align: center;\"><img loading=\"lazy\" decoding=\"async\" class=\"alignnone wp-image-6363\" src=\"http:\/\/loscordonesquemeatocadadia.com\/es\/wp-content\/uploads\/2019\/04\/Bundesarchiv_Bild_102-09411_Primo_de_Rivera_und_der_K\u00f6nig_von_Spanien-200x300.jpg\" alt=\"\" width=\"385\" height=\"578\" srcset=\"https:\/\/loscordonesquemeatocadadia.com\/es\/wp-content\/uploads\/2019\/04\/Bundesarchiv_Bild_102-09411_Primo_de_Rivera_und_der_K\u00f6nig_von_Spanien-200x300.jpg 200w, https:\/\/loscordonesquemeatocadadia.com\/es\/wp-content\/uploads\/2019\/04\/Bundesarchiv_Bild_102-09411_Primo_de_Rivera_und_der_K\u00f6nig_von_Spanien.jpg 220w\" sizes=\"auto, (max-width: 385px) 100vw, 385px\" \/><\/p>\n<p><img loading=\"lazy\" decoding=\"async\" class=\"alignnone wp-image-6358 aligncenter\" src=\"http:\/\/loscordonesquemeatocadadia.com\/es\/wp-content\/uploads\/2019\/04\/miguel-primo-de-rivera-rey-alfonso-660x330-300x150.jpg\" alt=\"\" width=\"402\" height=\"201\" srcset=\"https:\/\/loscordonesquemeatocadadia.com\/es\/wp-content\/uploads\/2019\/04\/miguel-primo-de-rivera-rey-alfonso-660x330-300x150.jpg 300w, https:\/\/loscordonesquemeatocadadia.com\/es\/wp-content\/uploads\/2019\/04\/miguel-primo-de-rivera-rey-alfonso-660x330.jpg 660w\" sizes=\"auto, (max-width: 402px) 100vw, 402px\" \/><\/p>\n<p style=\"text-align: center;\"><strong><em>Alfonso XIII y Miguel Primo de Rivera.<\/em><\/strong><\/p>\n<p style=\"text-align: center;\"><img loading=\"lazy\" decoding=\"async\" class=\"alignnone size-medium wp-image-6357\" src=\"http:\/\/loscordonesquemeatocadadia.com\/es\/wp-content\/uploads\/2019\/04\/Logo_Union_Patriotica_Spain.svg_-300x300.png\" alt=\"\" width=\"300\" height=\"300\" srcset=\"https:\/\/loscordonesquemeatocadadia.com\/es\/wp-content\/uploads\/2019\/04\/Logo_Union_Patriotica_Spain.svg_-300x300.png 300w, https:\/\/loscordonesquemeatocadadia.com\/es\/wp-content\/uploads\/2019\/04\/Logo_Union_Patriotica_Spain.svg_-150x150.png 150w, https:\/\/loscordonesquemeatocadadia.com\/es\/wp-content\/uploads\/2019\/04\/Logo_Union_Patriotica_Spain.svg_-768x768.png 768w, https:\/\/loscordonesquemeatocadadia.com\/es\/wp-content\/uploads\/2019\/04\/Logo_Union_Patriotica_Spain.svg_.png 800w\" sizes=\"auto, (max-width: 300px) 100vw, 300px\" \/><\/p>\n<p style=\"text-align: center;\"><strong><em>Emblema de la Uni\u00f3n Patri\u00f3tica.<\/em><\/strong><\/p>\n<p style=\"text-align: center;\"><img loading=\"lazy\" decoding=\"async\" class=\"alignnone wp-image-9347\" src=\"http:\/\/loscordonesquemeatocadadia.com\/es\/wp-content\/uploads\/2020\/05\/Directorio-Militar-236x300.png\" alt=\"\" width=\"417\" height=\"530\" srcset=\"https:\/\/loscordonesquemeatocadadia.com\/es\/wp-content\/uploads\/2020\/05\/Directorio-Militar-236x300.png 236w, https:\/\/loscordonesquemeatocadadia.com\/es\/wp-content\/uploads\/2020\/05\/Directorio-Militar.png 527w\" sizes=\"auto, (max-width: 417px) 100vw, 417px\" \/><\/p>\n<p style=\"text-align: center;\"><strong><em>Directorio militar formado por ocho generales de brigada, uno en representaci\u00f3n de cada regi\u00f3n militar, y el contralmirante Magaz y Pers en en representaci\u00f3n de la Armada.<\/em><\/strong><\/p>\n<p style=\"text-align: justify;\">Hechos destacables de este per\u00edodo pudieran ser, la sustituci\u00f3n del <strong><em>Directorio militar<\/em><\/strong> por uno <em><strong>civil<\/strong><\/em> en 1925 -tras finalizar la cuesti\u00f3n marroqu\u00ed-, la creaci\u00f3n de un <a href=\"https:\/\/es.wikipedia.org\/wiki\/Somat%C3%A9n\"><strong><em>Somat\u00e9n <span style=\"color: #ff0000;\">Nacional<\/span><\/em><\/strong><\/a> para cuestiones de orden p\u00fablico, el <strong><em>Desembarco de Alhucemas <\/em><\/strong>ese mismo a\u00f1o -que fue una acci\u00f3n militar que acab\u00f3 con las interminables guerras de Marruecos- la constituci\u00f3n en octubre de 1927 de una Asamblea Nacional legislativa y parlamentaria -cuyos componentes fueron nombrados por el rey-, la muerte de la reina madre en febrero de 1929, y por fin, la dimisi\u00f3n presentada por Primo de Rivera el 28 de enero de 1930, terminando as\u00ed ese per\u00edodo.<\/p>\n<p style=\"text-align: center;\"><img loading=\"lazy\" decoding=\"async\" class=\"alignnone wp-image-9348\" src=\"http:\/\/loscordonesquemeatocadadia.com\/es\/wp-content\/uploads\/2020\/05\/14._La_playa_de_Morro_Nuevo_en_los_d\u00edas_del_desembarco-300x166.jpg\" alt=\"\" width=\"446\" height=\"247\" srcset=\"https:\/\/loscordonesquemeatocadadia.com\/es\/wp-content\/uploads\/2020\/05\/14._La_playa_de_Morro_Nuevo_en_los_d\u00edas_del_desembarco-300x166.jpg 300w, https:\/\/loscordonesquemeatocadadia.com\/es\/wp-content\/uploads\/2020\/05\/14._La_playa_de_Morro_Nuevo_en_los_d\u00edas_del_desembarco-1024x567.jpg 1024w, https:\/\/loscordonesquemeatocadadia.com\/es\/wp-content\/uploads\/2020\/05\/14._La_playa_de_Morro_Nuevo_en_los_d\u00edas_del_desembarco-768x425.jpg 768w, https:\/\/loscordonesquemeatocadadia.com\/es\/wp-content\/uploads\/2020\/05\/14._La_playa_de_Morro_Nuevo_en_los_d\u00edas_del_desembarco.jpg 1168w\" sizes=\"auto, (max-width: 446px) 100vw, 446px\" \/><\/p>\n<p style=\"text-align: center;\"><strong><em>Playa del Morro Nuevo durante\u00a0 los d\u00edas del Desembarco de Alhucemas.<\/em><\/strong><\/p>\n<p style=\"text-align: center;\"><img loading=\"lazy\" decoding=\"async\" class=\"alignnone wp-image-9346\" src=\"http:\/\/loscordonesquemeatocadadia.com\/es\/wp-content\/uploads\/2020\/05\/Directorio-Civil-300x198.jpg\" alt=\"\" width=\"511\" height=\"337\" srcset=\"https:\/\/loscordonesquemeatocadadia.com\/es\/wp-content\/uploads\/2020\/05\/Directorio-Civil-300x198.jpg 300w, https:\/\/loscordonesquemeatocadadia.com\/es\/wp-content\/uploads\/2020\/05\/Directorio-Civil-768x507.jpg 768w, https:\/\/loscordonesquemeatocadadia.com\/es\/wp-content\/uploads\/2020\/05\/Directorio-Civil.jpg 1024w\" sizes=\"auto, (max-width: 511px) 100vw, 511px\" \/><\/p>\n<p style=\"text-align: center;\"><strong><em>Directorio civil.<\/em><\/strong><\/p>\n<p style=\"text-align: justify;\">El rey pidi\u00f3 al general D\u00e1maso Berenguer la formaci\u00f3n de un gobierno que lleg\u00f3 con la intenci\u00f3n de volver al sistema parlamentario y a la Constituci\u00f3n de 1876: <strong><em>LA DICTABLANDA<\/em><\/strong>.<\/p>\n<p style=\"text-align: justify;\">Ese mismo a\u00f1o se llev\u00f3 a cabo el <strong><em>Pacto de San Sebasti\u00e1n <\/em><\/strong>entre los <strong><em>nacionalistas vascos y catalanes y los socialistas, para actuar contra la monarqu\u00eda <\/em><\/strong>en el d\u00eda a d\u00eda, y especialmente en las elecciones. Se firm\u00f3 en agosto -claro- en San Sebasti\u00e1n.<\/p>\n<p style=\"text-align: justify;\">Al a\u00f1o siguiente -1931-, el general Berenguer fue sustituido por el almirante Juan Bautista Aznar-Caba\u00f1as, convoc\u00e1ndose para el 5 y 12 de abril \u2013primera y segunda vuelta- elecciones municipales. Aunque la suma del n\u00famero de concejales obtenidos por los mon\u00e1rquicos -40.324- fue muy superior al de los logrados por los republicanos -36.282-, la mayor\u00eda de las alcald\u00edas de las ciudades importantes -41 de las 50 capitales de provincia- fueron ganadas por los republicanos, y los pol\u00edticos mon\u00e1rquicos, los miembros del gobierno -excepto dos-, los consejeros de palacio y los dos generales con mayor capacidad de mando en ese momento, Berenguer y Sanjurjo, consideraron que el resultado hab\u00eda sido una especie de plebiscito, implicando un apoyo indudable a la rep\u00fablica y una repudia clara a la monarqu\u00eda.<\/p>\n<p style=\"text-align: justify;\">El hecho de que la victoria republicana hubiera sido urbana, pudo contribuir a esa sensaci\u00f3n de derrota, pero lo que m\u00e1s influy\u00f3, fue la creencia de que los republicanos tomar\u00edan la calle, arrastrando a los espa\u00f1oles a un enfrentamiento sangriento.<\/p>\n<p style=\"text-align: justify;\"><strong><em>Durante la noche del 12 al 13 de abril, el general Sanjurjo, a la saz\u00f3n al mando de la Guardia Civil, puso de manifiesto que no contendr\u00eda un levantamiento de los republicanos contra la monarqu\u00eda. <\/em><\/strong>Enterados los republicanos de esta posici\u00f3n de la Guardia Civil, rechazaron\u00a0el ofrecimiento de Romanones y Maura -con el consentimiento del rey- de unas elecciones a Cortes Constituyentes.<\/p>\n<p style=\"text-align: justify;\">Los republicanos, conscientes del miedo del adversario y de la debilidad institucional, no s\u00f3lo rechazaron la propuesta, sino que exigieron la marcha del rey antes de terminar el catorce de abril, convocando manifestaciones violentas organizadas, cuya finalidad era meter miedo en el cuerpo a los mon\u00e1rquicos: <strong>el 14 de abril de 1931<\/strong>, Alfonso XIII, deprimido por la muerte de su madre y recordando el final de los Romanov, no deseando adem\u00e1s una guerra civil, se march\u00f3 por <strong>la tarde<\/strong>, permitiendo que se proclamara la Segunda Rep\u00fablica espa\u00f1ola. Fue en coche hasta Cartagena\u00a0 en donde embarc\u00f3 en el <em>Pr\u00edncipe Alfonso<\/em> rumbo al exilio.<\/p>\n<p style=\"text-align: justify;\">Tras la marcha del monarca , el presidente del comit\u00e9 revolucionario, Alcal\u00e1 Zamora, proclam\u00f3 desde un balc\u00f3n de la Puerta del Sol a las <strong>19,00 horas<\/strong>, el nacimiento de la II Rep\u00fablica, ante la algarab\u00eda del pueblo madrile\u00f1o; &#8220;<em>Las elecciones del domingo han tenido un complemento grandioso con el requerimiento que ayer hizo la opini\u00f3n p\u00fablica para que el r\u00e9gimen mon\u00e1rquico desaparezca, y la implantaci\u00f3n en el d\u00eda de hoy de la Rep\u00fablica por un acto de voluntad soberana, de iniciativa del pa\u00eds sin el menor trastorno, completando aquella empresa de tal manera, <span style=\"color: #0000ff;\">que el mundo entero sentir\u00e1 y admirar\u00e1 la conducta de Espa\u00f1a, ya puesta en otras manos con un orden ejemplar<\/span><\/em>&#8220;, declar\u00f3 Alcal\u00e1 Zamora &#8211;<strong><em>ante la incertidumbre de lo que pueda pasar en un futuro nada claro, es mejor no decir <span style=\"color: #ff0000;\">majader\u00edas<\/span>, como se pudo ver en el devenir de nuestra historia<\/em><\/strong><em>, <\/em>a\u00f1ado yo -.<\/p>\n<p style=\"text-align: center;\"><img loading=\"lazy\" decoding=\"async\" class=\"alignnone wp-image-6361\" src=\"http:\/\/loscordonesquemeatocadadia.com\/es\/wp-content\/uploads\/2019\/04\/alcala-y-aza\u00f1a.jpg\" alt=\"\" width=\"500\" height=\"295\" \/><\/p>\n<p style=\"text-align: center;\"><strong><em>Niceto Alcal\u00e1 Zamora presidente de la rep\u00fablica y Manuel Aza\u00f1a presidente del gobierno.<\/em><\/strong><\/p>\n<p style=\"text-align: justify;\">Curiosamente, la noche anterior, del 13 al 14 de abril, se hab\u00eda proclamado la Rep\u00fablica en Vigo, en Eibar el d\u00eda 14 a las seis y media de la ma\u00f1ana y en Valencia a lo largo de esa ma\u00f1ana de ese mismo d\u00eda.<\/p>\n<p style=\"text-align: justify;\">En Barcelona, alrededor de la una y media de la tarde del 14 de abril -varias horas antes de que se proclamara la rep\u00fablica en Espa\u00f1a<strong><em>-,\u00a0Lu\u00eds Companys<\/em><\/strong>, uno de los principales l\u00edderes de <em>Esquerra Republicana de Catalu\u00f1a<\/em>, partido que hab\u00eda obtenido una resonante victoria en esas elecciones municipales, desde el balc\u00f3n del Ayuntamiento de Barcelona, y ante no demasiadas personas, proclam\u00f3 la<strong><em> rep\u00fablica<\/em><\/strong>\u00a0 y mand\u00f3 izar la bandera republicana. Esta acci\u00f3n fue liderada por Companys, con el af\u00e1n de hacerse con el bast\u00f3n de mando de la alcald\u00eda de Barcelona, cosa que no permiti\u00f3 Maci\u00e0.<\/p>\n<p style=\"text-align: justify;\">Alrededor de una hora despu\u00e9s y desde el balc\u00f3n de la Diputaci\u00f3n, en frente del Ayuntamiento, donde ya ondeaba la senyera, adem\u00e1s de la bandera republicana, el l\u00edder de ERC, <strong><em>Francesc Maci\u00e0<\/em><\/strong> se dirigi\u00f3 a una gran multitud concentrada en la plaza de San Jaime y proclam\u00f3, en nombre del pueblo de Catalu\u00f1a, &#8220;<strong><em>L&#8217;Estat Catal\u00e0<\/em><\/strong><em>, que con toda la cordialidad procuraremos integrar en la Federaci\u00f3n de Rep\u00fablicas Ib\u00e9ricas\u201d (que amb tota la cordialitat procurarem integrar a la Federaci\u00f3 de Rep\u00fabliques Ib\u00e8riques<\/em>).<\/p>\n<p style=\"text-align: center;\"><img loading=\"lazy\" decoding=\"async\" class=\"alignnone wp-image-9350\" src=\"http:\/\/loscordonesquemeatocadadia.com\/es\/wp-content\/uploads\/2020\/05\/Fitxer_Proclamaci\u00f3_de_la_Rep\u00fablica_Pla\u00e7a_Sant_Jaume._Fot\u00f2graf_Josep_Maria_Sagarra_1931-300x218.jpg\" alt=\"\" width=\"612\" height=\"445\" srcset=\"https:\/\/loscordonesquemeatocadadia.com\/es\/wp-content\/uploads\/2020\/05\/Fitxer_Proclamaci\u00f3_de_la_Rep\u00fablica_Pla\u00e7a_Sant_Jaume._Fot\u00f2graf_Josep_Maria_Sagarra_1931-300x218.jpg 300w, https:\/\/loscordonesquemeatocadadia.com\/es\/wp-content\/uploads\/2020\/05\/Fitxer_Proclamaci\u00f3_de_la_Rep\u00fablica_Pla\u00e7a_Sant_Jaume._Fot\u00f2graf_Josep_Maria_Sagarra_1931-768x559.jpg 768w, https:\/\/loscordonesquemeatocadadia.com\/es\/wp-content\/uploads\/2020\/05\/Fitxer_Proclamaci\u00f3_de_la_Rep\u00fablica_Pla\u00e7a_Sant_Jaume._Fot\u00f2graf_Josep_Maria_Sagarra_1931.jpg 1024w\" sizes=\"auto, (max-width: 612px) 100vw, 612px\" \/><\/p>\n<p style=\"text-align: center;\"><em><strong>Plaza de San Jaime\u00a0 de Barcelona la tarde del 14 de abril de 1931.<\/strong><\/em><\/p>\n<h4 class=\"title style-scope ytd-video-primary-info-renderer\">M\u00fasica: Suspiros de Espa\u00f1a. Antonio \u00c1lvarez Alonso. Pasodoble.<\/h4>\n<p style=\"text-align: center;\"><em><strong>To be continued in part 3 and last.<\/strong><\/em><\/p>\n","protected":false},"excerpt":{"rendered":"<p>La Restauraci\u00f3n\u00a0 borb\u00f3nica hab\u00eda llevado consigo una profunda centralizaci\u00f3n administrativa y legal. Al desaparecer, saltaron los agazapados nacionalismos perif\u00e9ricos: los catalanes con su revoluci\u00f3n burguesa y su identidad cultural eternas, y los vascos*, que deseaban dibujar un futuro m\u00e1s confortable tras la p\u00e9rdida de los Fueros en la \u00faltima guerra carlista. Aparecieron\u00a0los partidos nacionalistas: el [&hellip;]<\/p>\n","protected":false},"author":2,"featured_media":6360,"comment_status":"open","ping_status":"closed","sticky":false,"template":"","format":"standard","meta":{"_mo_disable_npp":"","om_disable_all_campaigns":false,"_monsterinsights_skip_tracking":false,"_monsterinsights_sitenote_active":false,"_monsterinsights_sitenote_note":"","_monsterinsights_sitenote_category":0,"_uf_show_specific_survey":0,"_uf_disable_surveys":false,"footnotes":""},"categories":[9,22,46],"tags":[1487,1488,1032,1486,1492,1489,1491,1494,1484,1485,1493,1490,1483],"class_list":["post-9309","post","type-post","status-publish","format-standard","has-post-thumbnail","hentry","category-el-abuelo-cebolleta","category-historia","category-politica","tag-anarcosindicalistas","tag-confederacion-nacional-del-trabajo-cnt","tag-desembarco-de-alhucemas","tag-federacion-de-trabajadores-de-la-region-espanola","tag-francesc-macia-lider-de-erc","tag-general-damaso-berenguer","tag-general-sanjurjo","tag-lestat-catala","tag-la-liga-de-cataluna","tag-la-union-catalanista","tag-lluis-companys","tag-pacto-de-san-sebastian","tag-partido-nacionalista-vasco-pnv"],"aioseo_notices":[],"post_mailing_queue_ids":[],"_links":{"self":[{"href":"https:\/\/loscordonesquemeatocadadia.com\/es\/wp-json\/wp\/v2\/posts\/9309","targetHints":{"allow":["GET"]}}],"collection":[{"href":"https:\/\/loscordonesquemeatocadadia.com\/es\/wp-json\/wp\/v2\/posts"}],"about":[{"href":"https:\/\/loscordonesquemeatocadadia.com\/es\/wp-json\/wp\/v2\/types\/post"}],"author":[{"embeddable":true,"href":"https:\/\/loscordonesquemeatocadadia.com\/es\/wp-json\/wp\/v2\/users\/2"}],"replies":[{"embeddable":true,"href":"https:\/\/loscordonesquemeatocadadia.com\/es\/wp-json\/wp\/v2\/comments?post=9309"}],"version-history":[{"count":15,"href":"https:\/\/loscordonesquemeatocadadia.com\/es\/wp-json\/wp\/v2\/posts\/9309\/revisions"}],"predecessor-version":[{"id":11519,"href":"https:\/\/loscordonesquemeatocadadia.com\/es\/wp-json\/wp\/v2\/posts\/9309\/revisions\/11519"}],"wp:featuredmedia":[{"embeddable":true,"href":"https:\/\/loscordonesquemeatocadadia.com\/es\/wp-json\/wp\/v2\/media\/6360"}],"wp:attachment":[{"href":"https:\/\/loscordonesquemeatocadadia.com\/es\/wp-json\/wp\/v2\/media?parent=9309"}],"wp:term":[{"taxonomy":"category","embeddable":true,"href":"https:\/\/loscordonesquemeatocadadia.com\/es\/wp-json\/wp\/v2\/categories?post=9309"},{"taxonomy":"post_tag","embeddable":true,"href":"https:\/\/loscordonesquemeatocadadia.com\/es\/wp-json\/wp\/v2\/tags?post=9309"}],"curies":[{"name":"wp","href":"https:\/\/api.w.org\/{rel}","templated":true}]}}