{"id":9419,"date":"2022-01-01T09:00:38","date_gmt":"2022-01-01T08:00:38","guid":{"rendered":"http:\/\/loscordonesquemeatocadadia.com\/es\/?p=9419"},"modified":"2021-11-02T17:59:45","modified_gmt":"2021-11-02T16:59:45","slug":"la-proclamacion-del-estado-catalan-de-1934-y-los-prolegomenos-hasta-el-comienzo-de-las-hostilidades-parte-2","status":"publish","type":"post","link":"https:\/\/loscordonesquemeatocadadia.com\/es\/2022\/01\/01\/la-proclamacion-del-estado-catalan-de-1934-y-los-prolegomenos-hasta-el-comienzo-de-las-hostilidades-parte-2\/","title":{"rendered":"La proclamaci\u00f3n del Estado Catal\u00e1n de 1934 y los proleg\u00f3menos hasta el comienzo de las hostilidades. Parte 2"},"content":{"rendered":"<audio class=\"wp-audio-shortcode\" id=\"audio-9419-1\" loop autoplay preload=\"auto\" style=\"width: 100%;\" controls=\"controls\"><source type=\"audio\/mpeg\" src=\"https:\/\/loscordonesquemeatocadadia.com\/es\/wp-content\/uploads\/2021\/11\/Pobre-Flor-Primera-Ilusion.mp3?_=1\" \/><a href=\"https:\/\/loscordonesquemeatocadadia.com\/es\/wp-content\/uploads\/2021\/11\/Pobre-Flor-Primera-Ilusion.mp3\">https:\/\/loscordonesquemeatocadadia.com\/es\/wp-content\/uploads\/2021\/11\/Pobre-Flor-Primera-Ilusion.mp3<\/a><\/audio>\n<p style=\"text-align: justify;\">Los continuos enfrentamientos del gobierno de la\u00a0<em>Generalitat<\/em> catalana con el gobierno de derechas de Madrid, hab\u00edan propiciado que Esquerra Republicana de Catalunya<strong>,<\/strong>\u00a0dirigida ya por\u00a0<b>Llu\u00eds Companys -presidente de la Generalitat desde el 1 de enero de 1934<\/b> <strong><em>por el fallecimiento de Francesc Maci\u00e0 en una operaci\u00f3n de apendicitis en diciembre de 1933<\/em><\/strong>-, girara m\u00e1s\u00a0a la izquierda en su posici\u00f3n pol\u00edtica.<!--more--><\/p>\n<p style=\"text-align: justify;\">La creciente tensi\u00f3n entre la izquierda y derecha impuls\u00f3 la\u00a0entrada de tres ministros de la<strong> CEDA (Confederaci\u00f3n Espa\u00f1ola de Derechas Aut\u00f3nomas) <\/strong>-cada vez m\u00e1s a la derecha- en el gobierno de la naci\u00f3n en octubre de 1934. Esta crisis o remodelaci\u00f3n del gobierno, fue interpretada por la izquierda como un giro radical a la derecha hacia el fascismo. La izquierda radical del PSOE, UGT, CNT, y PCE, llam\u00f3 a la <strong>huelga general\u00a0<\/strong>contra el gobierno. El movimiento\u00a0fracas\u00f3 en Madrid, acuartelando el gobierno a las tropas, y deteniendo a los principales dirigentes socialistas y comunistas.<\/p>\n<p style=\"text-align: justify;\">En\u00a0<strong>Asturias<\/strong>, la huelga general triunf\u00f3 y deriv\u00f3 hacia una revoluci\u00f3n organizada por la UGT y la CNT. Su gravedad y persistencia llevaron al gobierno a optar por la\u00a0<strong>represi\u00f3n<\/strong>. El 3 de septiembre fue capturado el buque <em>La Turquesa <\/em>con un alijo de armas para propiciar la sublevaci\u00f3n, sufragado por el PSOE, y <strong><em>organizado por Indalecio Prieto<\/em><\/strong> -era el moderado de los socialistas-, que logr\u00f3 huir a Francia, mientras que <strong><em>Largo Caballero <\/em><\/strong>-el radical- fue encarcelado.<\/p>\n<p style=\"text-align: center;\"><img loading=\"lazy\" decoding=\"async\" class=\"alignnone size-medium wp-image-12444\" src=\"https:\/\/loscordonesquemeatocadadia.com\/es\/wp-content\/uploads\/2021\/11\/Indalecio-Prieto-300x172.jpg\" alt=\"\" width=\"300\" height=\"172\" srcset=\"https:\/\/loscordonesquemeatocadadia.com\/es\/wp-content\/uploads\/2021\/11\/Indalecio-Prieto-300x172.jpg 300w, https:\/\/loscordonesquemeatocadadia.com\/es\/wp-content\/uploads\/2021\/11\/Indalecio-Prieto-768x441.jpg 768w, https:\/\/loscordonesquemeatocadadia.com\/es\/wp-content\/uploads\/2021\/11\/Indalecio-Prieto.jpg 1024w\" sizes=\"auto, (max-width: 300px) 100vw, 300px\" \/><\/p>\n<p style=\"text-align: center;\"><em><strong>Indalecio Prieto Tuero.<\/strong><\/em><\/p>\n<p style=\"text-align: center;\"><img loading=\"lazy\" decoding=\"async\" class=\"alignnone size-medium wp-image-12445\" src=\"https:\/\/loscordonesquemeatocadadia.com\/es\/wp-content\/uploads\/2021\/11\/largo_caballero-300x279.jpg\" alt=\"\" width=\"300\" height=\"279\" srcset=\"https:\/\/loscordonesquemeatocadadia.com\/es\/wp-content\/uploads\/2021\/11\/largo_caballero-300x279.jpg 300w, https:\/\/loscordonesquemeatocadadia.com\/es\/wp-content\/uploads\/2021\/11\/largo_caballero.jpg 340w\" sizes=\"auto, (max-width: 300px) 100vw, 300px\" \/><\/p>\n<p style=\"text-align: center;\"><em><strong>Francisco Largo Caballero.<\/strong><\/em><\/p>\n<p style=\"text-align: justify;\">El\u00a05 de octubre de 1934\u00a0los mineros asturianos se hicieron con el control de las principales minas de la regi\u00f3n; a partir de ah\u00ed, iniciaron una serie de\u00a0<strong>actividades paramilitares<\/strong> con el objetivo de rendir cuarteles, consiguiendo inicialmente que se rindieran 23 cuarteles de la guardia civil. La capital del principado acabar\u00eda cayendo en mano de los insurrectos el d\u00eda 9 de octubre. El d\u00eda 10 de octubre, casi toda\u00a0Asturias estaba en armas\u00a0contra el gobierno central, habiendo formado un ej\u00e9rcito de mineros y obreros, de cerca de 30.000 hombres.<\/p>\n<p style=\"text-align: center;\"><img loading=\"lazy\" decoding=\"async\" class=\"alignnone wp-image-12450\" src=\"https:\/\/loscordonesquemeatocadadia.com\/es\/wp-content\/uploads\/2021\/11\/asturias-212x300.jpg\" alt=\"\" width=\"370\" height=\"524\" srcset=\"https:\/\/loscordonesquemeatocadadia.com\/es\/wp-content\/uploads\/2021\/11\/asturias-212x300.jpg 212w, https:\/\/loscordonesquemeatocadadia.com\/es\/wp-content\/uploads\/2021\/11\/asturias.jpg 625w\" sizes=\"auto, (max-width: 370px) 100vw, 370px\" \/><\/p>\n<p style=\"text-align: justify;\">Cercada Asturias por cuatro frentes, <strong>al mando del general L\u00f3pez Ochoa<\/strong> -nombrado por Franco- y con las tropas de La Legi\u00f3n y Regulares mandadas por el coronel Yag\u00fce, y con apoyo de la aviaci\u00f3n, se acab\u00f3 con la insurrecci\u00f3n en menos de dos semanas, con un saldo de casi 2.000 muertos, 3.000 heridos y m\u00e1s de 20.000 detenidos.<\/p>\n<p style=\"text-align: center;\"><img loading=\"lazy\" decoding=\"async\" class=\"alignnone wp-image-12443\" src=\"https:\/\/loscordonesquemeatocadadia.com\/es\/wp-content\/uploads\/2021\/11\/fin-de-asturias-300x147.jpeg\" alt=\"\" width=\"543\" height=\"266\" srcset=\"https:\/\/loscordonesquemeatocadadia.com\/es\/wp-content\/uploads\/2021\/11\/fin-de-asturias-300x147.jpeg 300w, https:\/\/loscordonesquemeatocadadia.com\/es\/wp-content\/uploads\/2021\/11\/fin-de-asturias-768x375.jpeg 768w, https:\/\/loscordonesquemeatocadadia.com\/es\/wp-content\/uploads\/2021\/11\/fin-de-asturias.jpeg 976w\" sizes=\"auto, (max-width: 543px) 100vw, 543px\" \/><\/p>\n<p style=\"text-align: center;\"><em><strong>Fotograf\u00eda ic\u00f3nica del fin de la revoluci\u00f3n asturiana de 1934.<\/strong><\/em><\/p>\n<p style=\"text-align: justify;\"><strong>En Catalu\u00f1a<\/strong>, adem\u00e1s de la <strong><em>HUELGA GENERAL<\/em><\/strong> convocada entre los d\u00edas 5 y 19 de octubre, enmarcada en un contexto revolucionario amplio, tambi\u00e9n ha barajado la Historia -con reiteraci\u00f3n- como origen de la proclamaci\u00f3n del <strong><em>Estado de Catalu\u00f1a el 6 de octubre 1934 <\/em><\/strong>el conflicto existente entre el Gobierno de Espa\u00f1a dirigido por Ricardo Samper -apoyado por los Radicales y la CEDA- y la Generalitat presidida por Llu\u00eds Companys, como consecuencia de la <span style=\"color: #ff0000;\"><strong><em>Ley de Cultivos de Catalu\u00f1a<\/em><\/strong><\/span>, una ley que <strong>hoy podr\u00eda denominarse como de inicio de la <span style=\"color: #ff0000;\"><em>desconexi\u00f3n<\/em><\/span><\/strong><span style=\"color: #ff0000;\">.<\/span><\/p>\n<p style=\"text-align: justify;\">La Generalitat vulner\u00f3 el dictamen del Tribunal de Garant\u00edas Constitucionales -Tribunal Constitucional de hoy-, ya que la Ley fue declarada nula por el TGC, cuya sentencia declar\u00f3 al Parlament incompetente para legislar en materia social agraria &#8211;<strong>junio<\/strong> <strong>1934<\/strong>-, aunque fue vuelta a ser sometida a voto en el Parlament, y a ser aprobada con el mismo texto.<\/p>\n<p style=\"text-align: justify;\"><em>*Ley de Contratos de Cultivo<\/em> &#8211;<em>Contractes de Conreu-<\/em> fue una ley aprobada por el\u00a0Parlamento de Catalu\u00f1a el 21 de marzo y promulgada el <strong><em>14 de abril de 1934<\/em><\/strong> -aniversario de proclamaci\u00f3n de la Segunda Rep\u00fablica-. Esa ley pretend\u00eda proteger a los campesinos arrendatarios de la <strong><em>rabassa morta*<\/em><\/strong>\u00a0propiciando su acceso a la propiedad de la tierra que cultivaban.<\/p>\n<p style=\"text-align: justify;\"><strong>*<em> La rabassa morta<\/em><\/strong>\u00a0-cepa muerta- era un tipo de contrato muy extendido en Catalu\u00f1a\u00a0por el que se ced\u00eda a un agricultor &#8211;<strong><em>rabassaires<\/em><\/strong>&#8211; una tierra para que cultivara vides mientras consiguiera que vivieran los dos tercios de las cepas que plantara. A cambio, deb\u00eda entregar al propietario una parte de su cosecha anual. La naturaleza jur\u00eddica de este contrato no era clara: unos lo interpretaban como un alquiler y otros como un censo <em>enfit\u00e9utico<\/em>*.<\/p>\n<p style=\"text-align: justify;\"><strong>* <em>La enfiteusis <\/em><\/strong>o<strong><em> censo enfit\u00e9utico, <\/em><\/strong>es un derecho real que supone la cesi\u00f3n temporal del dominio \u00fatil que ten\u00eda car\u00e1cter vitalicio si se cumpl\u00edan las condiciones establecidas.<\/p>\n<p style=\"text-align: justify;\">A partir de ah\u00ed, y a pesar de la desobediencia al dictamen del TGC, el Gobierno central intent\u00f3 negociar con la Generalitat &#8211;<strong>como en la actualidad<\/strong>-, y cuando parec\u00eda resuelto el conflicto, estall\u00f3 la <em>Revoluci\u00f3n de octubre<\/em>\u00a0de 1934, generada b\u00e1sicamente por la oposici\u00f3n del PSOE y de algunos republicanos a la entrada de los tres ministros de la CEDA, en el gobierno de Lerroux.<\/p>\n<p style=\"text-align: justify;\"><strong>Era un s\u00e1bado 6 de octubre de 1934<\/strong>.\u00a0 A la proclamaci\u00f3n el d\u00eda anterior de la <strong><em>huelga revolucionaria<\/em><\/strong> de los socialistas en todo el territorio nacional, se sum\u00f3 la &#8220;<strong><em>Alianza Obrera de Catalu\u00f1a<\/em><\/strong>&#8220;, y aunque la CNT no form\u00f3 parte de las algaradas callejeras, Barcelona qued\u00f3 paralizada. El\u00a0<em>consejero<\/em>\u00a0de Gobernaci\u00f3n -actual consejero de Interior- de la Generalitat <strong><em>Josep Denc\u00e0s i Puigdollers<\/em><\/strong>\u00a0-l\u00edder del partido independentista <strong>Estat Catal\u00e1, <\/strong>y m\u00e1ximo art\u00edfice de la rebeli\u00f3n independentista junto a <em>Companys<\/em>&#8211;<strong>,<\/strong> orden\u00f3 detener algunos dirigentes anarquistas, lo que indign\u00f3 a grandes sectores de la poblaci\u00f3n. <em>Denc\u00e0s<\/em> desde el mes de junio de aquel a\u00f1o, y desde su cargo de consejero, se hab\u00eda dedicado a organizar los preparativos para la rebeli\u00f3n contra el gobierno central. Fue responsable de la formaci\u00f3n de grupos paramilitares que el dirigi\u00f3 directamente. Tras el fracaso de la proclamaci\u00f3n, opt\u00f3 por exiliarse, <em>huyendo por las alcantarillas<\/em> de Barcelona.<\/p>\n<p style=\"text-align: center;\"><img loading=\"lazy\" decoding=\"async\" class=\"alignnone size-medium wp-image-12452\" src=\"https:\/\/loscordonesquemeatocadadia.com\/es\/wp-content\/uploads\/2021\/11\/Dencas-300x300.jpg\" alt=\"\" width=\"300\" height=\"300\" srcset=\"https:\/\/loscordonesquemeatocadadia.com\/es\/wp-content\/uploads\/2021\/11\/Dencas-300x300.jpg 300w, https:\/\/loscordonesquemeatocadadia.com\/es\/wp-content\/uploads\/2021\/11\/Dencas-150x150.jpg 150w, https:\/\/loscordonesquemeatocadadia.com\/es\/wp-content\/uploads\/2021\/11\/Dencas.jpg 400w\" sizes=\"auto, (max-width: 300px) 100vw, 300px\" \/><\/p>\n<p style=\"text-align: center;\"><strong><em>Josep Denc\u00e0s i Puigdollers.<\/em><\/strong><\/p>\n<p style=\"text-align: justify;\">Esa tarde, un ir y venir constante de los consejeros del gobierno catal\u00e1n hac\u00edan presagiar una posible declaraci\u00f3n de independencia, que ya se barruntaba desde hac\u00eda tiempo.<\/p>\n<p style=\"text-align: justify;\">El presidente de la Generalidad\u00a0<em><b>Llu\u00eds\u00a0Companys<\/b><\/em>, intent\u00f3 hablar por tel\u00e9fono con el presidente de la Rep\u00fablica <strong><em>Niceto Alcal\u00e1 Zamora<\/em><\/strong> para advertirle, que ser\u00eda muy dif\u00edcil contener las reacciones izquierdistas y nacionalistas contra el nombramiento de los tres ministros de la CEDA, aunque no logr\u00f3 hablar con \u00e9l. Esa ma\u00f1ana, Lerroux advirti\u00f3 de la posible declaraci\u00f3n del estado de guerra en toda Espa\u00f1a, cosa que se produjo al d\u00eda siguiente.<\/p>\n<p style=\"text-align: justify;\">A las ocho y diez minutos de la tarde del 6 de octubre,\u00a0<em><b>Llu\u00eds\u00a0Companys<\/b><\/em> apareci\u00f3 en el balc\u00f3n de la Generalidad acompa\u00f1ado de sus consejeros y <span style=\"color: #ff0000;\"><strong><em>proclam\u00f3 el Estado catal\u00e1n\u00a0 dentro de\u00a0 la Rep\u00fablica espa\u00f1ola.<\/em><\/strong><\/span><\/p>\n<p style=\"text-align: center;\"><img loading=\"lazy\" decoding=\"async\" class=\"alignnone wp-image-12449\" src=\"https:\/\/loscordonesquemeatocadadia.com\/es\/wp-content\/uploads\/2021\/11\/6-de-octubre-2-300x219.jpg\" alt=\"\" width=\"540\" height=\"394\" srcset=\"https:\/\/loscordonesquemeatocadadia.com\/es\/wp-content\/uploads\/2021\/11\/6-de-octubre-2-300x219.jpg 300w, https:\/\/loscordonesquemeatocadadia.com\/es\/wp-content\/uploads\/2021\/11\/6-de-octubre-2.jpg 657w\" sizes=\"auto, (max-width: 540px) 100vw, 540px\" \/><\/p>\n<p style=\"text-align: center;\"><em><b>Llu\u00eds Companys proclamando\u00a0 el Estado catal\u00e1n.<\/b><\/em><\/p>\n<p style=\"text-align: center;\"><img loading=\"lazy\" decoding=\"async\" class=\"alignnone wp-image-12454\" src=\"https:\/\/loscordonesquemeatocadadia.com\/es\/wp-content\/uploads\/2021\/11\/Balcon-de-la-Generalitat-en-la-Proclamacion-300x200.jpg\" alt=\"\" width=\"575\" height=\"383\" srcset=\"https:\/\/loscordonesquemeatocadadia.com\/es\/wp-content\/uploads\/2021\/11\/Balcon-de-la-Generalitat-en-la-Proclamacion-300x200.jpg 300w, https:\/\/loscordonesquemeatocadadia.com\/es\/wp-content\/uploads\/2021\/11\/Balcon-de-la-Generalitat-en-la-Proclamacion.jpg 630w\" sizes=\"auto, (max-width: 575px) 100vw, 575px\" \/><\/p>\n<p style=\"text-align: center;\"><em><strong>Balc\u00f3n de la Generalitat durante la proclamaci\u00f3n.<\/strong><\/em><\/p>\n<p style=\"text-align: center;\"><img loading=\"lazy\" decoding=\"async\" class=\"alignnone wp-image-12455\" src=\"https:\/\/loscordonesquemeatocadadia.com\/es\/wp-content\/uploads\/2021\/11\/Proclamacion-300x195.jpg\" alt=\"\" width=\"522\" height=\"339\" srcset=\"https:\/\/loscordonesquemeatocadadia.com\/es\/wp-content\/uploads\/2021\/11\/Proclamacion-300x195.jpg 300w, https:\/\/loscordonesquemeatocadadia.com\/es\/wp-content\/uploads\/2021\/11\/Proclamacion.jpg 654w\" sizes=\"auto, (max-width: 522px) 100vw, 522px\" \/><\/p>\n<p style=\"text-align: justify;\"><em>\u00a1Catalanes! Las fuerzas mon\u00e1rquicas y fascistas que de un tiempo a esta parte pretenden traicionar a la Rep\u00fablica, han logrado su objetivo y han asaltado el Poder. Los partidos y los hombres que han hecho p\u00fablicas manifestaciones contra las menguadas libertades de nuestra tierra, y los n\u00facleos pol\u00edticos que predican constantemente el odio y la guerra a Catalu\u00f1a constituyen hoy el soporte de las actuales instituciones. (&#8230;)<br \/>\nCatalu\u00f1a enarbola su bandera, llama a todos al cumplimiento del deber y a la obediencia absoluta al Gobierno de la Generalidad, que desde este momento rompe toda relaci\u00f3n con las instituciones falseadas. En esta hora solemne, en nombre del pueblo y del Parlamento, el Gobierno que presido asume todas las facultades del Poder en Catalu\u00f1a, proclama el Estado Catal\u00e1n de la <strong>Rep\u00fablica Federal Espa\u00f1ola<\/strong>, y al establecer y fortificar la relaci\u00f3n con los dirigentes de la protesta general contra el fascismo, les invita a establecer en Catalu\u00f1a el gobierno provisional de la Rep\u00fablica, que hallar\u00e1 en nuestro pueblo catal\u00e1n el m\u00e1s generoso impulso de fraternidad en el com\u00fan anhelo de edificar una Rep\u00fablica Federal <strong>libre<\/strong> y magn\u00edfica.<\/em><\/p>\n<p style=\"text-align: justify;\">Poco antes de retirarse del balc\u00f3n en el que acababa de proclamar el Estado Catal\u00e1n, parece que Companys dijo <em>soto vocce<\/em>: \u00ab<em>Ara ja no direu que no s\u00f3c prou catalanista<\/em>\u00bb.<\/p>\n<p style=\"text-align: justify;\">Lluis Companys tras pronunciar el discurso, envi\u00f3 un escrito al general <strong><em>Domenech Batet Mestres<\/em><\/strong>, que en julio de 1931 hab\u00eda sustituido al general L\u00f3pez Ochoa como capit\u00e1n general de Catalu\u00f1a y jefe de la IV Divisi\u00f3n Org\u00e1nica, conmin\u00e1ndole para que se pusiera a las \u00f3rdenes de la Generalidad. El general Batet se puso en contacto con el presidente del Gobierno Lerroux para explicarle lo acontecido, recibiendo la orden de declaraci\u00f3n del estado de guerra. Batet, antes de utilizar la fuerza public\u00f3 un bando por el que conminaba a rendirse a los rebeldes, y se acog\u00eda a la Ley de Orden P\u00fablico de 1933 para declarar el estado de guerra en Catalu\u00f1a -estado de guerra que estuvo vigente hasta abril de 1935-. Previamente Batet, hab\u00eda acudido a la Casa dels Canonges,<strong>\u00a0<\/strong>contigua al palacio de la Generalitat, y residencia oficial del president, para hacerle saber, que ten\u00eda \u00f3rdenes gubernativas de proceder en caso de sedici\u00f3n o alzamiento, con todo el peso de las armas, informando que el despliegue de artiller\u00eda hab\u00eda comenzado en la zona de Montjuich.<\/p>\n<p style=\"text-align: center;\"><img loading=\"lazy\" decoding=\"async\" class=\"alignnone wp-image-12456\" src=\"https:\/\/loscordonesquemeatocadadia.com\/es\/wp-content\/uploads\/2021\/11\/Actualidad_229492507_38925650_855x1140-225x300.jpg\" alt=\"\" width=\"599\" height=\"799\" srcset=\"https:\/\/loscordonesquemeatocadadia.com\/es\/wp-content\/uploads\/2021\/11\/Actualidad_229492507_38925650_855x1140-225x300.jpg 225w, https:\/\/loscordonesquemeatocadadia.com\/es\/wp-content\/uploads\/2021\/11\/Actualidad_229492507_38925650_855x1140-768x1024.jpg 768w, https:\/\/loscordonesquemeatocadadia.com\/es\/wp-content\/uploads\/2021\/11\/Actualidad_229492507_38925650_855x1140.jpg 855w\" sizes=\"auto, (max-width: 599px) 100vw, 599px\" \/><\/p>\n<p style=\"text-align: justify;\">El general tambi\u00e9n habl\u00f3 con\u00a0<strong><em>Enrique P\u00e9rez Farr\u00e1s -ex militar- <\/em><\/strong>jefe de los<em> Mozos de Escuadra, <\/em>para que se presentara en Capitan\u00eda y se pusiera a sus \u00f3rdenes. \u00c9ste le respondi\u00f3 que s\u00f3lo obedecer\u00eda al presidente de la Generalidad. \u00a0<strong>Enric P\u00e9rez i Farr\u00e1s<\/strong>, que en tiempos pasados fue un ferviente espa\u00f1olista, sublev\u00f3 a los Mossos, siguiendo las \u00f3rdenes del Govern de Companys.<\/p>\n<p style=\"text-align: center;\"><img loading=\"lazy\" decoding=\"async\" class=\"alignnone wp-image-12447\" src=\"https:\/\/loscordonesquemeatocadadia.com\/es\/wp-content\/uploads\/2021\/11\/pere-y-Farras.jpg\" alt=\"\" width=\"271\" height=\"271\" srcset=\"https:\/\/loscordonesquemeatocadadia.com\/es\/wp-content\/uploads\/2021\/11\/pere-y-Farras.jpg 160w, https:\/\/loscordonesquemeatocadadia.com\/es\/wp-content\/uploads\/2021\/11\/pere-y-Farras-150x150.jpg 150w\" sizes=\"auto, (max-width: 271px) 100vw, 271px\" \/><\/p>\n<p style=\"text-align: center;\"><strong><em>Enric P\u00e9rez i Farr\u00e1s.<\/em><\/strong><\/p>\n<p><strong>M\u00fasica<\/strong>: <strong><em>Pobre flor. Primera ilusi\u00f3n. Juan Maglio. 1932.<\/em><\/strong><\/p>\n<p style=\"text-align: center;\"><strong><em>To be continued in part 3 and last.<\/em><\/strong><\/p>\n","protected":false},"excerpt":{"rendered":"<p>Los continuos enfrentamientos del gobierno de la\u00a0Generalitat catalana con el gobierno de derechas de Madrid, hab\u00edan propiciado que Esquerra Republicana de Catalunya,\u00a0dirigida ya por\u00a0Llu\u00eds Companys -presidente de la Generalitat desde el 1 de enero de 1934 por el fallecimiento de Francesc Maci\u00e0 en una operaci\u00f3n de apendicitis en diciembre de 1933-, girara m\u00e1s\u00a0a la izquierda [&hellip;]<\/p>\n","protected":false},"author":2,"featured_media":12446,"comment_status":"open","ping_status":"closed","sticky":false,"template":"","format":"standard","meta":{"_mo_disable_npp":"","om_disable_all_campaigns":false,"_monsterinsights_skip_tracking":false,"_monsterinsights_sitenote_active":false,"_monsterinsights_sitenote_note":"","_monsterinsights_sitenote_category":0,"_uf_show_specific_survey":0,"_uf_disable_surveys":false,"footnotes":""},"categories":[22,94,46],"tags":[1508,1509,1512,1511,2150,1510,1507,2152,2151,1506,1493,2153],"class_list":["post-9419","post","type-post","status-publish","format-standard","has-post-thumbnail","hentry","category-historia","category-pensamiento","category-politica","tag-censo-enfiteutico","tag-enrique-perez-y-farras","tag-general-domenech-batet-mestres","tag-huelga-revolucionaria-de-octubre-de-1934","tag-indalecio-prieto","tag-josep-dencas-i-puigdollers","tag-la-rabassa-morta","tag-la-revolucion-de-asturias-de-1934","tag-largo-caballero","tag-ley-de-contratos-de-cultivo","tag-lluis-companys","tag-proclamacion-del-estado-catalan-de-1934"],"aioseo_notices":[],"post_mailing_queue_ids":[],"_links":{"self":[{"href":"https:\/\/loscordonesquemeatocadadia.com\/es\/wp-json\/wp\/v2\/posts\/9419","targetHints":{"allow":["GET"]}}],"collection":[{"href":"https:\/\/loscordonesquemeatocadadia.com\/es\/wp-json\/wp\/v2\/posts"}],"about":[{"href":"https:\/\/loscordonesquemeatocadadia.com\/es\/wp-json\/wp\/v2\/types\/post"}],"author":[{"embeddable":true,"href":"https:\/\/loscordonesquemeatocadadia.com\/es\/wp-json\/wp\/v2\/users\/2"}],"replies":[{"embeddable":true,"href":"https:\/\/loscordonesquemeatocadadia.com\/es\/wp-json\/wp\/v2\/comments?post=9419"}],"version-history":[{"count":9,"href":"https:\/\/loscordonesquemeatocadadia.com\/es\/wp-json\/wp\/v2\/posts\/9419\/revisions"}],"predecessor-version":[{"id":12477,"href":"https:\/\/loscordonesquemeatocadadia.com\/es\/wp-json\/wp\/v2\/posts\/9419\/revisions\/12477"}],"wp:featuredmedia":[{"embeddable":true,"href":"https:\/\/loscordonesquemeatocadadia.com\/es\/wp-json\/wp\/v2\/media\/12446"}],"wp:attachment":[{"href":"https:\/\/loscordonesquemeatocadadia.com\/es\/wp-json\/wp\/v2\/media?parent=9419"}],"wp:term":[{"taxonomy":"category","embeddable":true,"href":"https:\/\/loscordonesquemeatocadadia.com\/es\/wp-json\/wp\/v2\/categories?post=9419"},{"taxonomy":"post_tag","embeddable":true,"href":"https:\/\/loscordonesquemeatocadadia.com\/es\/wp-json\/wp\/v2\/tags?post=9419"}],"curies":[{"name":"wp","href":"https:\/\/api.w.org\/{rel}","templated":true}]}}