{"id":9422,"date":"2022-01-08T09:00:06","date_gmt":"2022-01-08T08:00:06","guid":{"rendered":"http:\/\/loscordonesquemeatocadadia.com\/es\/?p=9422"},"modified":"2022-01-09T12:10:50","modified_gmt":"2022-01-09T11:10:50","slug":"las-10-horas-de-vida-del-estado-catalan-de-1934-y-la-rendicion-del-presidente-de-la-generalitat-parte-3","status":"publish","type":"post","link":"https:\/\/loscordonesquemeatocadadia.com\/es\/2022\/01\/08\/las-10-horas-de-vida-del-estado-catalan-de-1934-y-la-rendicion-del-presidente-de-la-generalitat-parte-3\/","title":{"rendered":"Las 10 horas de vida del Estado catal\u00e1n de 1934 y la rendici\u00f3n del presidente de la Generalitat. Parte 3."},"content":{"rendered":"<audio class=\"wp-audio-shortcode\" id=\"audio-9422-1\" loop autoplay preload=\"auto\" style=\"width: 100%;\" controls=\"controls\"><source type=\"audio\/mpeg\" src=\"https:\/\/loscordonesquemeatocadadia.com\/es\/wp-content\/uploads\/2022\/01\/Quizas-Quizas-Quiza.mp3?_=1\" \/><a href=\"https:\/\/loscordonesquemeatocadadia.com\/es\/wp-content\/uploads\/2022\/01\/Quizas-Quizas-Quiza.mp3\">https:\/\/loscordonesquemeatocadadia.com\/es\/wp-content\/uploads\/2022\/01\/Quizas-Quizas-Quiza.mp3<\/a><\/audio>\n<p style=\"text-align: justify;\"><span style=\"color: #000000;\">Companys, para responder a la reacci\u00f3n del Estado por su unilateral proclamaci\u00f3n del Estado catal\u00e1n el 6 de octubre de 1934 a las ocho de la tarde, contaba con una fuerza peque\u00f1a, mandada <strong><em>pol\u00edticamente<\/em><\/strong> por el consejero <strong><em>Josep Denc\u00e0s<\/em><\/strong> -despreciado por los anarquistas a los que encarcelaba- compuesta por un centenar de Mozos de Escuadra, pocos guardias de asalto y algunos voluntarios nacionalistas.<!--more--><\/span><\/p>\n<p style=\"text-align: justify;\"><span style=\"color: #000000;\"><strong><em>Denc\u00e0s <\/em><\/strong>ten\u00eda un subordinado directo<strong><em>, <\/em><em>Miquel Bad\u00eda i Capell, <\/em><\/strong>\u00a0<strong><em>jefe de la Comisar\u00eda de Orden P\u00fablico de la Generalitat <\/em><\/strong>&#8211;<em>jefe de los Mossos, Guardia Civil y Guardia de Asalto, seg\u00fan el Estatuto de Autonom\u00eda de 1933, que otorgaba a la Generalitat la competencia sobre las fuerzas del orden- <\/em>que<strong><em>\u00a0<\/em><\/strong>fue uno de los colaboradores del levantamiento. <strong><em>Bad\u00eda<\/em><\/strong> hab\u00eda sido hasta unos d\u00edas antes de la proclamaci\u00f3n del Estat Catal\u00e1, <strong><em>jefe de esa Comisar\u00eda,<\/em><\/strong> siendo apartado del cargo por\u00a0<strong>corrupci\u00f3n<\/strong>, aunque no quiso renunciar a la gloria de la revoluci\u00f3n; se hab\u00eda convertido en el l\u00edder de los <strong><em>Escamots<\/em><\/strong> -juventudes armadas de Esquerra Republicana-, que junto a los Mossos dieron la batalla en la plaza de la Rep\u00fablica y despu\u00e9s en el Ayuntamiento, con el resultado de 46 muertos -38 civiles y ocho militares-. La Guardia Civil, que tambi\u00e9n estaba bajo el mando del comisario de Orden P\u00fablico de la Generalitat, no se sum\u00f3 a la insurrecci\u00f3n, y de los Guardias de Asalto, la otra fuerza de importancia, solo lo hizo una minor\u00eda.<\/span><\/p>\n<p><img loading=\"lazy\" decoding=\"async\" class=\"alignnone size-medium wp-image-12452 aligncenter\" src=\"https:\/\/loscordonesquemeatocadadia.com\/es\/wp-content\/uploads\/2021\/11\/Dencas-300x300.jpg\" alt=\"\" width=\"300\" height=\"300\" srcset=\"https:\/\/loscordonesquemeatocadadia.com\/es\/wp-content\/uploads\/2021\/11\/Dencas-300x300.jpg 300w, https:\/\/loscordonesquemeatocadadia.com\/es\/wp-content\/uploads\/2021\/11\/Dencas-150x150.jpg 150w, https:\/\/loscordonesquemeatocadadia.com\/es\/wp-content\/uploads\/2021\/11\/Dencas.jpg 400w\" sizes=\"auto, (max-width: 300px) 100vw, 300px\" \/><\/p>\n<p style=\"text-align: center;\"><strong><em>Josep Denc\u00e0s i Puigdollers.<\/em><\/strong><\/p>\n<p style=\"text-align: center;\"><img loading=\"lazy\" decoding=\"async\" class=\"alignnone wp-image-12471\" src=\"https:\/\/loscordonesquemeatocadadia.com\/es\/wp-content\/uploads\/2021\/11\/badia.jpg\" alt=\"\" width=\"293\" height=\"293\" srcset=\"https:\/\/loscordonesquemeatocadadia.com\/es\/wp-content\/uploads\/2021\/11\/badia.jpg 160w, https:\/\/loscordonesquemeatocadadia.com\/es\/wp-content\/uploads\/2021\/11\/badia-150x150.jpg 150w\" sizes=\"auto, (max-width: 293px) 100vw, 293px\" \/><\/p>\n<p style=\"text-align: center;\"><strong><em>Miquel Bad\u00eda i Capell.<\/em><\/strong><\/p>\n<p style=\"text-align: justify;\"><span style=\"color: #000000;\">Cuando <strong><em>Miguel Bad\u00eda<\/em><\/strong> fue cesado, le sustituy\u00f3 <strong><em>Federico Escofet i Alsina,<\/em><\/strong> militar de caballer\u00eda, que en su d\u00eda dej\u00f3 el Ej\u00e9rcito para ingresar en los Mossos d\u00b4Esquadra, siendo su jefe hasta ese momento.<\/span><\/p>\n<p style=\"text-align: center;\"><img loading=\"lazy\" decoding=\"async\" class=\"alignnone wp-image-12465\" src=\"https:\/\/loscordonesquemeatocadadia.com\/es\/wp-content\/uploads\/2021\/11\/Escofet-y-Alsina.jpg\" alt=\"\" width=\"312\" height=\"446\" \/><\/p>\n<p style=\"text-align: center;\"><strong><em>Federico Escofet i Alsina.<\/em><\/strong><\/p>\n<p style=\"text-align: justify;\"><span style=\"color: #000000;\"><strong><em>Escofet<\/em><\/strong> fue nombrado ayudante del presidente de la Generalidad, Maci\u00e0, haci\u00e9ndose cargo del mando de los Mossos el comandante <strong><em>P\u00e9rez Farr\u00e1s<\/em><\/strong>. El d\u00eda anterior a la proclamaci\u00f3n, fue nombrado por el presidente Lluis Companys<u>,<\/u>\u00a0<strong><em>Comisario General de Orden P\u00fablico<\/em><\/strong> en sustituci\u00f3n del cesado por corrupci\u00f3n <strong><em>Miguel Bad\u00eda, <\/em><\/strong>y tras producirse la proclamaci\u00f3n del Estado Catal\u00e1n el 6 de octubre, <strong><em>Escofet <\/em><\/strong>defendi\u00f3 el palacio de la Generalitat de los ataques de las tropas del <em><strong>general Batet<\/strong><\/em>. Tras rendirse el palacio, fue hecho prisionero y encarcelado en el castillo de Montjuic, sometido a consejo de guerra y condenado a muerte, aunque la pena le fue conmutada por la de cadena perpetua, gracias a la mediaci\u00f3n del presidente Alcal\u00e1 Zamora -al igual que al jefe de los Mozos de Escuadra <strong>P\u00e9rez Farr\u00e1s <\/strong>y al teniente coronel <strong>Joan Ricart<\/strong>, jefe de la facci\u00f3n de los guardias de asalto que se unieron a la insurrecci\u00f3n-.<\/span><\/p>\n<p style=\"text-align: justify;\"><span style=\"color: #000000;\">Con el triunfo del Frente Popular en las elecciones de 1936, fueron todos liberados, y al ser restaurada la Generalidad en junio de 1936, el presidente Companys nombr\u00f3 de nuevo a <strong>Escofet, <em>Comisario General de Orden P\u00fablico<\/em><\/strong>, por considerarlo un hombre leal.<\/span><\/p>\n<p style=\"text-align: justify;\"><span style=\"color: #000000;\">Al anochecer del d\u00eda 6 de octubre de 1934 aparecieron las primeras barricadas, se distribuyeron grupos armados por las calles y se prepararon los edificios oficiales para resistir. La Generalidad se defendi\u00f3 con un centenar de <em>Mossos d\u00b4Esquadra<\/em>\u00a0de <strong><em>P\u00e9rez Farr\u00e1s, <\/em><\/strong>y la gente de Alianza Obrera ocup\u00f3 el local de Fomento del Trabajo Nacional en la V\u00eda Layetana, con unos 400 hombres. Un n\u00famero similar de partidarios del PSOE se concentraron en la Casa del Pueblo de la calle Nueva de San Francisco y as\u00ed, diversos grupos con fusiles en diferentes edificios institucionales.<\/span><\/p>\n<p style=\"text-align: justify;\"><span style=\"color: #000000;\">Alrededor de las diez de la noche de ese mismo d\u00eda, una compa\u00f1\u00eda de artiller\u00eda hab\u00eda ocupado la Plaza de la Rep\u00fablica -hoy Plaza de San Jaime- informando a <strong><em>Escofet<\/em><\/strong> y a <strong><em>P\u00e9rez Farr\u00e1s<\/em><\/strong> de que iban a tomar el palacio de la Generalidad y el Ayuntamiento. Tras un tiroteo, los mozos de escuadra se replegaron al Ayuntamiento, en donde se acababa de votar una moci\u00f3n presentada por el <strong><em>alcalde Carles Pi i Sunyer <\/em><\/strong>de adhesi\u00f3n al Gobierno de la Generalidad. El asedio se intensific\u00f3 con la llegada de una compa\u00f1\u00eda de ametralladoras.<\/span><\/p>\n<p style=\"text-align: center;\"><img loading=\"lazy\" decoding=\"async\" class=\"alignnone size-medium wp-image-12467\" src=\"https:\/\/loscordonesquemeatocadadia.com\/es\/wp-content\/uploads\/2021\/11\/pi-i-sunyer-220x300.jpg\" alt=\"\" width=\"220\" height=\"300\" srcset=\"https:\/\/loscordonesquemeatocadadia.com\/es\/wp-content\/uploads\/2021\/11\/pi-i-sunyer-220x300.jpg 220w, https:\/\/loscordonesquemeatocadadia.com\/es\/wp-content\/uploads\/2021\/11\/pi-i-sunyer.jpg 420w\" sizes=\"auto, (max-width: 220px) 100vw, 220px\" \/><\/p>\n<p style=\"text-align: center;\"><strong><em>Carles Pi i Sunyer.<\/em><\/strong><\/p>\n<p style=\"text-align: justify;\"><span style=\"color: #000000;\">Mientras, <strong><em>Badia<\/em><\/strong> con sus <em><strong>Escamots<\/strong><\/em>, otros miembros de ERC, un centenar de paisanos y ochenta guardias, se hicieron fuertes en la <strong><em>Comisar\u00eda de Orden P\u00fablico<\/em><\/strong> de la V\u00eda Layetana, haciendo frente a las tropas que hab\u00edan llegado de Capitan\u00eda.<\/span><\/p>\n<p style=\"text-align: justify;\"><span style=\"color: #000000;\">Cerca de las once de la noche, una compa\u00f1\u00eda de infanter\u00eda y una bater\u00eda del regimiento de artiller\u00eda llegaron a la Rambla de Santa M\u00f3nica y cuando el capit\u00e1n se dispuso a leer el bando de proclamaci\u00f3n del <em>Estado de Guerra<\/em>, desde el local del CADCI -Centre Autonomista de Dependents del Comer\u00e7 i de la ind\u00fastria- empezaron a disparar <em>resultando muertos un sargento y heridos otros siete militares<\/em>. La repuesta fue el bombardeo de artiller\u00eda sobre el centro, resultando muertos Jaume Compte, Amadeu Bardina y Manuel Gonz\u00e1lez Alba, dirigentes del Partido Proletario Catal\u00e1n. El resto se rindi\u00f3 a la una y media de la madrugada.<\/span><\/p>\n<p style=\"text-align: center;\"><img loading=\"lazy\" decoding=\"async\" class=\"alignnone wp-image-12474\" src=\"https:\/\/loscordonesquemeatocadadia.com\/es\/wp-content\/uploads\/2021\/11\/despliegue-artillero-en-San-Jaime-300x190.jpg\" alt=\"\" width=\"586\" height=\"371\" srcset=\"https:\/\/loscordonesquemeatocadadia.com\/es\/wp-content\/uploads\/2021\/11\/despliegue-artillero-en-San-Jaime-300x190.jpg 300w, https:\/\/loscordonesquemeatocadadia.com\/es\/wp-content\/uploads\/2021\/11\/despliegue-artillero-en-San-Jaime.jpg 654w\" sizes=\"auto, (max-width: 586px) 100vw, 586px\" \/><\/p>\n<p style=\"text-align: center;\"><img loading=\"lazy\" decoding=\"async\" class=\"alignnone wp-image-12463\" src=\"https:\/\/loscordonesquemeatocadadia.com\/es\/wp-content\/uploads\/2021\/11\/Domingode_Batet-241x300.jpg\" alt=\"\" width=\"406\" height=\"505\" srcset=\"https:\/\/loscordonesquemeatocadadia.com\/es\/wp-content\/uploads\/2021\/11\/Domingode_Batet-241x300.jpg 241w, https:\/\/loscordonesquemeatocadadia.com\/es\/wp-content\/uploads\/2021\/11\/Domingode_Batet.jpg 481w\" sizes=\"auto, (max-width: 406px) 100vw, 406px\" \/><\/p>\n<p style=\"text-align: center;\"><strong><em>General Domingo Batet Mestre.<\/em><\/strong><\/p>\n<p style=\"text-align: justify;\"><span style=\"color: #000000;\">El <strong>general Batet<\/strong>, a pesar de tener \u00f3rdenes de atacar por parte del ministro de la Guerra, y sabiendo que ten\u00eda la situaci\u00f3n controlada, dej\u00f3 pasar el tiempo esperando la rendici\u00f3n de los rebeldes. \u200b A las seis de la ma\u00f1ana del d\u00eda 7, aproximadamente <strong><em>diez horas m\u00e1s tarde de la proclamaci\u00f3n del Estado Catal\u00e1n dentro de la Rep\u00fablica Federal espa\u00f1ola -era realmente Unitaria no Federal-<\/em><\/strong>, <em><strong>Companys<\/strong><\/em> comunicaba al <em><strong>general Batet<\/strong><\/em> su rendici\u00f3n. Durante la noche, el consejero de Gobernaci\u00f3n\u00a0<em><strong>Denc\u00e0s <\/strong><\/em>huy\u00f3 del Palacio de la Generalidad por las alcantarillas, logrando escapar a Francia. Regres\u00f3 en 1936 aunque no fue acogido por Companys, siendo expulsado de su partido pol\u00edtico y huyendo primero a Italia y m\u00e1s tarde a Francia, para terminar en Marruecos.<\/span><\/p>\n<p style=\"text-align: justify;\"><span style=\"color: #000000;\">A las siete de la ma\u00f1ana del 7 de octubre las tropas entraron en el Palacio de la Generalidad y detuvieron a <strong><em>Companys<\/em><\/strong> y a su gobierno y a los diputados <strong><em>Josep Terradellas<\/em><\/strong>, Joan Casanellas, Estanislau Ruiz, Antoni Xirau, y al presidente del parlamento<em> <strong>Joan Casanovas<\/strong><\/em>. En el Ayuntamiento detuvieron al alcalde <strong><em>Carles Pi i Sunyer <\/em><\/strong>y a los concejales de ERC que le acompa\u00f1aban. La mayor parte de los 3.000 apresados, fueron trasladados a los vapores <em>Uruguay<\/em> y <em>C\u00e1diz<\/em> atracados en el puerto de Barcelona, convertidos en prisi\u00f3n. El Gobierno en pleno fue encarcelado en los penales de Cartagena y del Puerto de Santa Mar\u00eda -en este se recluy\u00f3 a Companys-.<\/span><\/p>\n<p style=\"text-align: center;\"><img loading=\"lazy\" decoding=\"async\" class=\"alignnone wp-image-12469\" src=\"https:\/\/loscordonesquemeatocadadia.com\/es\/wp-content\/uploads\/2021\/11\/Vapor-Uruguay-300x169.jpg\" alt=\"\" width=\"541\" height=\"305\" srcset=\"https:\/\/loscordonesquemeatocadadia.com\/es\/wp-content\/uploads\/2021\/11\/Vapor-Uruguay-300x169.jpg 300w, https:\/\/loscordonesquemeatocadadia.com\/es\/wp-content\/uploads\/2021\/11\/Vapor-Uruguay-768x432.jpg 768w, https:\/\/loscordonesquemeatocadadia.com\/es\/wp-content\/uploads\/2021\/11\/Vapor-Uruguay-953x536.jpg 953w, https:\/\/loscordonesquemeatocadadia.com\/es\/wp-content\/uploads\/2021\/11\/Vapor-Uruguay.jpg 1024w\" sizes=\"auto, (max-width: 541px) 100vw, 541px\" \/><\/p>\n<p style=\"text-align: center;\"><em><strong>Vapor Uruguay.<\/strong><\/em><\/p>\n<p style=\"text-align: center;\"><img loading=\"lazy\" decoding=\"async\" class=\"alignnone wp-image-12464\" src=\"https:\/\/loscordonesquemeatocadadia.com\/es\/wp-content\/uploads\/2021\/11\/En-el-vapor-300x168.jpg\" alt=\"\" width=\"505\" height=\"283\" srcset=\"https:\/\/loscordonesquemeatocadadia.com\/es\/wp-content\/uploads\/2021\/11\/En-el-vapor-300x168.jpg 300w, https:\/\/loscordonesquemeatocadadia.com\/es\/wp-content\/uploads\/2021\/11\/En-el-vapor-768x431.jpg 768w, https:\/\/loscordonesquemeatocadadia.com\/es\/wp-content\/uploads\/2021\/11\/En-el-vapor-953x536.jpg 953w, https:\/\/loscordonesquemeatocadadia.com\/es\/wp-content\/uploads\/2021\/11\/En-el-vapor.jpg 996w\" sizes=\"auto, (max-width: 505px) 100vw, 505px\" \/><\/p>\n<p style=\"text-align: justify;\"><span style=\"color: #000000;\">Pese a la gravedad de los hechos, se considera que el general Batet consigui\u00f3 manejar la situaci\u00f3n con habilidad y sin excesiva violencia. Por su actuaci\u00f3n recibi\u00f3 la Cruz Laureada de San Fernando, siendo puesto de vuelta y media por los que deseaban m\u00e1s dureza en la represi\u00f3n, y por los contrarios, por no unirse a la insurrecci\u00f3n. El general <strong><em>Domingo Batet Mestre<\/em><\/strong> &#8211;<em>abuelo de la presidenta del Congreso actual, Meritxell Batet<\/em>&#8211; fue fusilado por los<\/span> <strong><span style=\"color: #0000ff;\"><em>Nacionales<\/em><\/span><\/strong> <span style=\"color: #000000;\">durante la guerra por permanecer fiel a la Rep\u00fablica.<\/span><\/p>\n<p style=\"text-align: justify;\"><span style=\"color: #000000;\">Al margen de las responsabilidades penales derivadas de los sucesos de este <em>seis de octubre<\/em>, el Ejecutivo de Lerroux acometi\u00f3 una dura pol\u00edtica represiva contra los sindicatos catalanes, contra los peri\u00f3dicos catalanistas, y contra los ayuntamientos gobernados por la izquierda -129 ayuntamientos catalanes fueron suspendidos-. Una ley aprobada el <strong>14\u00a0<\/strong>de<strong>\u00a0diciembre\u00a0<\/strong>de<strong>\u00a01934, <\/strong>suspendi\u00f3 -con arreglo a la Constituci\u00f3n- el Estatuto de Autonom\u00eda de Catalu\u00f1a.<\/span><\/p>\n<p style=\"text-align: justify;\"><span style=\"color: #000000;\"><strong><em>La Generalitat se sustituy\u00f3 por un Consejo de la Generalidad<\/em><\/strong>, presidido por Francisco Jim\u00e9nez Arenas y, posteriormente, por Portela Valladares o por el radical Juan Pinch. A esta Generalitat, poco a poco se le fueron devolviendo competencias excepto las de orden p\u00fablico, formando parte de ella algunos miembros de la <em>Lliga<\/em>, tachados de <em>anticatalanistas,<\/em> en la \u00e9poca previa a la Guerra Civil. La Generalitat no ser\u00eda completamente restaurada en sus funciones hasta la victoria del Frente Popular en las elecciones de febrero del 1936.<\/span><\/p>\n<p style=\"text-align: justify;\"><span style=\"color: #000000;\"><strong><em>Joan Casanovas i Maristany<\/em><\/strong> fue presidente del Parlament de 1933 a 1938, aunque a veces desde prisi\u00f3n, habiendo sido uno de los fundadores de ERC.<\/span><\/p>\n<p style=\"text-align: center;\"><img loading=\"lazy\" decoding=\"async\" class=\"alignnone wp-image-12473\" src=\"https:\/\/loscordonesquemeatocadadia.com\/es\/wp-content\/uploads\/2021\/11\/casanovas-300x300.jpg\" alt=\"\" width=\"468\" height=\"468\" srcset=\"https:\/\/loscordonesquemeatocadadia.com\/es\/wp-content\/uploads\/2021\/11\/casanovas-300x300.jpg 300w, https:\/\/loscordonesquemeatocadadia.com\/es\/wp-content\/uploads\/2021\/11\/casanovas-150x150.jpg 150w, https:\/\/loscordonesquemeatocadadia.com\/es\/wp-content\/uploads\/2021\/11\/casanovas.jpg 720w\" sizes=\"auto, (max-width: 468px) 100vw, 468px\" \/><\/p>\n<p style=\"text-align: center;\"><strong><em>Joan Casanovas i Maristany.<\/em><\/strong><\/p>\n<p style=\"text-align: justify;\"><span style=\"color: #000000;\"><em><strong>Llu\u00eds Companys i Jover,<\/strong><\/em> tras ser aprobado el estatuto de autonom\u00eda catal\u00e1n de 1932, se present\u00f3 como candidato de ERC por L\u00e9rida al Parlamento catal\u00e1n<strong>. <\/strong>Companys obtuvo esca\u00f1o y el d\u00eda 13 de diciembre fue elegido presidente del Parlament, convirti\u00e9ndose en la segunda autoridad de la autonom\u00eda catalana, solo despu\u00e9s del presidente de la Generalidad de Catalu\u00f1a, entonces Francesc Maci\u00e0. Companys permaneci\u00f3 al frente de la c\u00e1mara catalana hasta mediados de 1933, fecha en la que la abandon\u00f3 para integrarse en el gobierno de la Rep\u00fablica al ser nombrado ministro de Marina -estuvo desde junio a septiembre-, cargo en el que en el poco tiempo que estuvo, puso de manifiesto su inexistente\u00a0 inter\u00e9s por su ministerio.<\/span><\/p>\n<p style=\"text-align: justify;\"><span style=\"color: #000000;\">A la muerte de Maci\u00e0 como consecuencia de una operaci\u00f3n de apendicitis, ocup\u00f3 de forma autom\u00e1tica la presidencia de la Generalitat, cargo que ostent\u00f3 o detent\u00f3 unas veces u otras, en funci\u00f3n del aire que soplaba. Tras la proclamaci\u00f3n del Estado Catal\u00e1n en 1934 fue encarcelado, y condenado a <strong>30 a\u00f1os de prisi\u00f3n e inhabilitaci\u00f3n<\/strong> por el Tribunal de Garant\u00edas Constitucionales, el 6 de junio de 1935.<\/span><\/p>\n<p style=\"text-align: justify;\"><span style=\"color: #000000;\">Junto a Companys fueron condenados los miembros de su Ejecutivo, que ser\u00edan liberados gracias a la victoria del Frente Popular en las elecciones de febrero de 1936. Poco despu\u00e9s, el 1 de marzo de 1936, Companys volver\u00eda a subir a la balconada de la Generalitat para exclamar: <em>&#8220;Recogemos las lecciones de la experiencia, volveremos a sufrir, volveremos a luchar y volveremos a ganar. Dif\u00edcil es la labor que nos aguarda; pero os digo que<\/em><strong>\u00a0estamos seguros de nuestras fuerzas<\/strong><em>, que nos llevar\u00e1n hacia adelante por Catalu\u00f1a y por la Rep\u00fablica.&#8221;<\/em><\/span><\/p>\n<p style=\"text-align: justify;\"><span style=\"color: #000000;\">Exiliado tras la Guerra Civil, fue detenido en Francia por la Gestapo y entregado a la polic\u00eda espa\u00f1ola, sometido a un consejo de guerra y fusilado en el castillo de Montjuic.<\/span><\/p>\n<p><span style=\"color: #000000;\"><strong>El resumen de las cuatro proclamaciones es (falta la de PUIGDEMONT de octubre de 2017):<\/strong><\/span><\/p>\n<p><strong>La proclamaci\u00f3n de la <span style=\"color: #ff0000;\">REP\u00daBLICA CATALANA <\/span><\/strong><strong>de <span style=\"color: #0000ff;\">1641, <\/span><\/strong><span style=\"color: #0000ff;\">de la <strong><em>Junta de Brazos de Catalu\u00f1a<\/em><\/strong> a propuesta de Pau Claris<\/span><strong><span style=\"color: #0000ff;\">, <\/span><\/strong><strong>que tuvo una duraci\u00f3n de <span style=\"color: #ff0000;\">7 d\u00edas.<\/span><\/strong><\/p>\n<p>La proclamaci\u00f3n <strong><span style=\"color: #ff0000;\">FALLIDA<\/span><\/strong> del ESTADO CATAL\u00c1N de <span style=\"color: #0000ff;\"><strong>1873,<\/strong> de Baldomer Lostau, <span style=\"color: #000000;\">aunque publicaron el Decreto de disoluci\u00f3n del Ej\u00e9rcito en Barcelona.<\/span><\/span><\/p>\n<p>La proclamaci\u00f3n <span style=\"color: #ff0000;\"><span style=\"color: #000000;\">del<\/span> <strong>ESTADO CATAL\u00c1N<\/strong><\/span>\u00a0de <span style=\"color: #0000ff;\"><strong>1931<\/strong>, de Francesc Maci\u00e0, <span style=\"color: #ff0000;\"><strong>disuelta en 3 d\u00edas<\/strong>.<\/span><\/span><\/p>\n<p>La proclamaci\u00f3n <span style=\"color: #ff0000;\"><span style=\"color: #000000;\">del<\/span> <strong>ESTADO CATAL\u00c1N<\/strong><\/span> de <span style=\"color: #0000ff;\"><strong>1934<\/strong>, de LLu\u00eds Companys, <span style=\"color: #ff0000;\">que tuvo una duraci\u00f3n de <em><strong>10 horas.<\/strong><\/em><\/span><\/span><\/p>\n<p style=\"text-align: justify;\">Como se puede observar, desde siempre -siglo XVII- los catalanes independentistas <strong><em>siempre pierden<\/em><\/strong>, pero juegan a molestar -dar por culo- a los que no lo son y al resto de los espa\u00f1oles. Me recuerda, haciendo un s\u00edmil futbol\u00edstico, la pregunta del hijo del independentista que le dice a su padre en el coche: <em>\u00bfPap\u00e1 porqu\u00e9 somos independentistas? No es f\u00e1cil de explicar hijo<\/em> contesta -quiz\u00e1 imposible, propongo yo-, y tras una breve pero profunda reflexi\u00f3n a\u00f1ade, <em>pero es algo grande, muy grande&#8230;LA PERSISTENCIA\u00a0 Y TENACIDAD EN EL ERROR SE PUEDE LLAMAR <strong>CONTUMACIA\u00a0<\/strong><\/em> entre otras cosas.<\/p>\n<p><strong>M\u00fasica: <em>Gaby Moreno. Quiz\u00e1s, quiz\u00e1s, quiz\u00e1s.<\/em><\/strong><\/p>\n","protected":false},"excerpt":{"rendered":"<p>Companys, para responder a la reacci\u00f3n del Estado por su unilateral proclamaci\u00f3n del Estado catal\u00e1n el 6 de octubre de 1934 a las ocho de la tarde, contaba con una fuerza peque\u00f1a, mandada pol\u00edticamente por el consejero Josep Denc\u00e0s -despreciado por los anarquistas a los que encarcelaba- compuesta por un centenar de Mozos de Escuadra, [&hellip;]<\/p>\n","protected":false},"author":2,"featured_media":12455,"comment_status":"open","ping_status":"closed","sticky":false,"template":"","format":"standard","meta":{"_mo_disable_npp":"","om_disable_all_campaigns":false,"_monsterinsights_skip_tracking":false,"_monsterinsights_sitenote_active":false,"_monsterinsights_sitenote_note":"","_monsterinsights_sitenote_category":0,"_uf_show_specific_survey":0,"_uf_disable_surveys":false,"footnotes":""},"categories":[22,94,46],"tags":[1519,1517,1515,1520,1516,2155,2156,2154,1513,1518],"class_list":["post-9422","post","type-post","status-publish","format-standard","has-post-thumbnail","hentry","category-historia","category-pensamiento","category-politica","tag-condenas","tag-encarcelamiento","tag-escamots","tag-fusilamientos-y-exilios","tag-guardias-de-asalto","tag-joan-casanovas-i-maristany","tag-lluis-companys-i-jover","tag-perez-i-farras","tag-rendicion-de-companys","tag-reposicion-de-la-generalitat"],"aioseo_notices":[],"post_mailing_queue_ids":[],"_links":{"self":[{"href":"https:\/\/loscordonesquemeatocadadia.com\/es\/wp-json\/wp\/v2\/posts\/9422","targetHints":{"allow":["GET"]}}],"collection":[{"href":"https:\/\/loscordonesquemeatocadadia.com\/es\/wp-json\/wp\/v2\/posts"}],"about":[{"href":"https:\/\/loscordonesquemeatocadadia.com\/es\/wp-json\/wp\/v2\/types\/post"}],"author":[{"embeddable":true,"href":"https:\/\/loscordonesquemeatocadadia.com\/es\/wp-json\/wp\/v2\/users\/2"}],"replies":[{"embeddable":true,"href":"https:\/\/loscordonesquemeatocadadia.com\/es\/wp-json\/wp\/v2\/comments?post=9422"}],"version-history":[{"count":21,"href":"https:\/\/loscordonesquemeatocadadia.com\/es\/wp-json\/wp\/v2\/posts\/9422\/revisions"}],"predecessor-version":[{"id":12923,"href":"https:\/\/loscordonesquemeatocadadia.com\/es\/wp-json\/wp\/v2\/posts\/9422\/revisions\/12923"}],"wp:featuredmedia":[{"embeddable":true,"href":"https:\/\/loscordonesquemeatocadadia.com\/es\/wp-json\/wp\/v2\/media\/12455"}],"wp:attachment":[{"href":"https:\/\/loscordonesquemeatocadadia.com\/es\/wp-json\/wp\/v2\/media?parent=9422"}],"wp:term":[{"taxonomy":"category","embeddable":true,"href":"https:\/\/loscordonesquemeatocadadia.com\/es\/wp-json\/wp\/v2\/categories?post=9422"},{"taxonomy":"post_tag","embeddable":true,"href":"https:\/\/loscordonesquemeatocadadia.com\/es\/wp-json\/wp\/v2\/tags?post=9422"}],"curies":[{"name":"wp","href":"https:\/\/api.w.org\/{rel}","templated":true}]}}