{"id":9552,"date":"2021-11-06T09:00:03","date_gmt":"2021-11-06T08:00:03","guid":{"rendered":"http:\/\/loscordonesquemeatocadadia.com\/es\/?p=9552"},"modified":"2021-11-05T20:33:04","modified_gmt":"2021-11-05T19:33:04","slug":"los-papas-de-avinon-fin-de-los-capetos-y-entrada-de-la-casa-de-valois-parte-2","status":"publish","type":"post","link":"https:\/\/loscordonesquemeatocadadia.com\/es\/2021\/11\/06\/los-papas-de-avinon-fin-de-los-capetos-y-entrada-de-la-casa-de-valois-parte-2\/","title":{"rendered":"LOS PAPAS DE AVI\u00d1\u00d3N; FIN DE LOS CAPETOS Y ENTRADA DE LA CASA DE VALOIS. Parte 2."},"content":{"rendered":"<audio class=\"wp-audio-shortcode\" id=\"audio-9552-1\" loop autoplay preload=\"auto\" style=\"width: 100%;\" controls=\"controls\"><source type=\"audio\/mpeg\" src=\"https:\/\/loscordonesquemeatocadadia.com\/es\/wp-content\/uploads\/2021\/10\/Guillaume-de-Machaut-Je-vivroie-liementLiement-me-deport.mp3?_=1\" \/><a href=\"https:\/\/loscordonesquemeatocadadia.com\/es\/wp-content\/uploads\/2021\/10\/Guillaume-de-Machaut-Je-vivroie-liementLiement-me-deport.mp3\">https:\/\/loscordonesquemeatocadadia.com\/es\/wp-content\/uploads\/2021\/10\/Guillaume-de-Machaut-Je-vivroie-liementLiement-me-deport.mp3<\/a><\/audio>\n<p style=\"text-align: justify;\"><em><strong>Isabel la Loba de Francia<\/strong><\/em> -reina de Inglaterra por matrimonio con Eduardo II- y su amante Roger Mortimer abandonaron la corte francesa en el verano de 1326, marchando hacia la corte de <strong><em>Guillermo I el Bueno de Henao, Holanda y Zelanda<\/em><\/strong>, que les proporcion\u00f3 ayuda, a cambio del compromiso matrimonial de su hija Felipa con el futuro rey <strong><em>Eduardo III<\/em><\/strong> de Inglaterra, hijo de <strong><em>Isabel<\/em><\/strong>.<!--more--><\/p>\n<p style=\"text-align: justify;\">El 21 de septiembre de 1326, Isabel y Mortimer, al mando de un ej\u00e9rcito mercenario, arribaron a las costas de Suffolk. Eduardo II puso precio a sus cabezas, pero hab\u00eda sido abandonado por sus aliados, sus favoritos asesinados, siendo el propio rey capturado y obligado a abdicar en favor de su hijo en enero de 1327. En septiembre de ese mismo a\u00f1o, el depuesto monarca fue asesinado en el castillo de Berkeley, por \u00f3rdenes de la reina y Roger Mortimer.<\/p>\n<p style=\"text-align: justify;\">El joven <strong><em>Eduardo III<\/em><\/strong> fue <strong>coronado<\/strong> en enero de 1327. A partir de ese momento, <strong><em>Isabel<\/em><\/strong> gobern\u00f3 como regente de Inglaterra junto\u00a0 a Mortimer.<\/p>\n<p style=\"text-align: center;\"><img loading=\"lazy\" decoding=\"async\" class=\"alignnone size-full wp-image-9590\" src=\"http:\/\/loscordonesquemeatocadadia.com\/es\/wp-content\/uploads\/2020\/08\/EduardoIII.jpeg\" alt=\"\" width=\"188\" height=\"267\" \/><\/p>\n<p style=\"text-align: center;\"><em><strong>Eduardo III.<\/strong><\/em><\/p>\n<p style=\"text-align: justify;\"><strong><em>Eduardo III<\/em><\/strong> no perdon\u00f3 a Roger Mortimer el que fuera amante de su madre, ordenando su apresamiento en 1330. Pese a los ruegos de Isabel, Mortimer fue enjuiciado por traici\u00f3n y ahorcado.<\/p>\n<p style=\"text-align: justify;\">Isabel fue confinada en el castillo de Rising (Norfolk), donde muri\u00f3, tras tomar el h\u00e1bito de <em>clarisa<\/em>, en 1358 a los 67 a\u00f1os de edad.<\/p>\n<p style=\"text-align: justify;\">A <strong><em>Eduardo III<\/em><\/strong> no le parec\u00eda l\u00f3gico pagar a <strong><em>Felipe V el Largo<\/em><\/strong>\u00a0 de Francia un vasallaje por tierras que hab\u00edan pertenecido a sus antepasados desde hac\u00eda siglos, teniendo adem\u00e1s -seg\u00fan \u00e9l- derecho a ser soberano de Francia, por ser nieto de <strong><em>Felipe IV el Hermoso<\/em><\/strong> -hijo de Isabel la Loba de Francia, hermana de los tres sucesivos reyes muertos- y haberse agotado la l\u00ednea directa de var\u00f3n. Se ve\u00eda\u00a0 como un rey al que le hab\u00edan robado sus derechos en Francia y al que se le exig\u00eda adem\u00e1s, pagar tributo al <em>usurpador,<\/em> por el uso de sus propios territorios. Esa fue la mecha que puso en marcha <em><strong>la guerra de los 100 a\u00f1os<\/strong><\/em>.<\/p>\n<p style=\"text-align: justify;\">Muerto <strong><em>Carlos IV el Hermoso<\/em><\/strong> <strong><em>-\u00faltimo rey maldito<\/em><\/strong>&#8211; sin descendencia de var\u00f3n, y\u00a0 vigente la ley s\u00e1lica, se planteaban los derechos sucesorios de dos nobles:<\/p>\n<p style=\"text-align: justify;\">El Regente <strong><em><span style=\"color: #ff0000;\">Felipe de Valois<\/span>,<\/em><\/strong> hijo de <em>Carlos de Valois<\/em> -hermano de <strong><em>Felipe IV el Hermoso<\/em><\/strong>&#8211; y por tanto nieto de <strong><em>Felipe III<\/em> <\/strong>y primo hermano de los \u00faltimos tres reyes Luis X, Felipe V y Carlos IV, y por otra parte la del rey <span style=\"color: #ff0000;\"><em><strong>Eduardo III de Inglaterra <\/strong><\/em><\/span>hijo de\u00a0<em><strong>Isabel la Loba de Francia, y por tanto sobrino de los \u00faltimos reyes\u00a0 franceses y nieto de Felipe IV el Hermoso.<\/strong><\/em><\/p>\n<p style=\"text-align: center;\"><img loading=\"lazy\" decoding=\"async\" class=\"alignnone wp-image-9594\" src=\"http:\/\/loscordonesquemeatocadadia.com\/es\/wp-content\/uploads\/2020\/08\/organigrama-300x140.jpg\" alt=\"\" width=\"534\" height=\"249\" srcset=\"https:\/\/loscordonesquemeatocadadia.com\/es\/wp-content\/uploads\/2020\/08\/organigrama-300x140.jpg 300w, https:\/\/loscordonesquemeatocadadia.com\/es\/wp-content\/uploads\/2020\/08\/organigrama-768x358.jpg 768w, https:\/\/loscordonesquemeatocadadia.com\/es\/wp-content\/uploads\/2020\/08\/organigrama.jpg 780w\" sizes=\"auto, (max-width: 534px) 100vw, 534px\" \/><\/p>\n<p style=\"text-align: justify;\">Lo <strong><em>Estados Generales<\/em><\/strong> se reunieron y decidieron que la <em>Ley S\u00e1lica <\/em>privaba a las mujeres tambi\u00e9n de <span style=\"color: #ff0000;\"><strong><em>transmitir<\/em><\/strong><\/span> los derechos sucesorios, de igual manera que les privaba de poder gobernar Francia. As\u00ed, con el apoyo de\u00a0<em>Roberto III de Artois<\/em>, <strong><em>Felipe de Valois <\/em><\/strong>fue coronado rey de Francia con el nombre de\u00a0<em><strong>Felipe VI de Francia el Encontrado<\/strong><\/em>\u00a0 aunque ya no de Navarra.<\/p>\n<p style=\"text-align: center;\"><img loading=\"lazy\" decoding=\"async\" class=\"alignnone size-medium wp-image-9591\" src=\"http:\/\/loscordonesquemeatocadadia.com\/es\/wp-content\/uploads\/2020\/08\/Felipe_vi_francia-300x295.jpg\" alt=\"\" width=\"300\" height=\"295\" srcset=\"https:\/\/loscordonesquemeatocadadia.com\/es\/wp-content\/uploads\/2020\/08\/Felipe_vi_francia-300x295.jpg 300w, https:\/\/loscordonesquemeatocadadia.com\/es\/wp-content\/uploads\/2020\/08\/Felipe_vi_francia.jpg 340w\" sizes=\"auto, (max-width: 300px) 100vw, 300px\" \/><\/p>\n<p style=\"text-align: center;\"><strong><em>Felipe VI el Encontrado.<\/em><\/strong><\/p>\n<p style=\"text-align: justify;\"><strong><em>Felipe VI de Valois, el Encontrado, <\/em><\/strong>rein\u00f3 entre abril de <strong><em>1328<\/em><\/strong> y agosto de <strong><em>1350, cas\u00e1ndose<\/em><\/strong>\u00a0en primeras nupcias con <strong><em>Juana de Borgo\u00f1a &#8211;<\/em><\/strong>hija de Roberto II de Borgo\u00f1a y de In\u00e9s de Francia- teniendo ocho hijos, de los cuales le sucedi\u00f3 el primog\u00e9nito Juan, que subir\u00eda al trono como <strong><em>Juan II el Bueno.<\/em><\/strong><\/p>\n<p style=\"text-align: justify;\">Enviud\u00f3 de Juana de Borgo\u00f1a en septiembre de 1348 y se cas\u00f3 en\u00a0enero\u00a0de 1349 con <strong><em>Blanca de Navarra<\/em><\/strong> \u00a0hija de Felipe III\u00a0y Juana II, reyes de Navarra. De esta uni\u00f3n naci\u00f3 p\u00f3stumamente Juana Blanca.<\/p>\n<p style=\"text-align: justify;\">El balance del reinado de <strong><em>Felipe VI<\/em><\/strong> se caracteriz\u00f3 por una serie de fracasos en pol\u00edtica interior y por la guerra con Inglaterra -100 a\u00f1os-, que junto a la aparici\u00f3n de la peste negra en 1348 -mat\u00f3 a 1\/3 de la poblaci\u00f3n euroasi\u00e1tica: 25 millones de personas-, hicieron que su reino entrara en una espiral de revueltas que llevar\u00edan a Francia a la guerra civil en 1358.<\/p>\n<p style=\"text-align: justify;\">Felipe VI devalu\u00f3 la moneda, endeud\u00f3 su pa\u00eds y estableci\u00f3 onerosos impuestos, en particular<em> la gabela sobre la sal,<\/em> para hacer frente a los elevados costes de la guerra.<\/p>\n<p style=\"text-align: justify;\">Felipe VI supo aprovechar la relaci\u00f3n con la nobleza en torno al R\u00f3dano, concedi\u00e9ndoles rentas y poniendo en pr\u00e1ctica una h\u00e1bil pol\u00edtica matrimonial. As\u00ed, el conde Humberto II de Vienne, lleno de deudas y sin herederos, vendi\u00f3 el <span style=\"color: #ff0000;\"><strong><em>DELFINADO<\/em><\/strong><\/span>\u00a0-antigua provincia del sureste de Francia con capital en Grenoble- a Felipe VI para poder participar con fuerzas propias en una <strong><em>Cruzada<\/em> <\/strong>en <strong><em>Tierra Santa<\/em><\/strong>, con la \u00fanica condici\u00f3n de que fueran los pr\u00edncipes primog\u00e9nitos del rey de Francia quienes llevaran la corona de<strong><em> Delf\u00edn<\/em><\/strong>. <span style=\"color: #ff0000;\"><strong><em>Este es el origen del t\u00edtulo de Delf\u00edn de Francia<\/em><\/strong> <\/span>de los herederos a la corona francesa.\u00a0<em><strong>Juan fue el primer Delf\u00edn de Francia<\/strong><\/em>, t\u00edtulo que se conservar\u00eda hasta el fin de la monarqu\u00eda francesa en el siglo XIX. \u00a0<em><strong>El \u00faltimo delf\u00edn fue Luis Antonio d\u00b4Artois<\/strong><\/em>, de la casa de Borb\u00f3n, hijo de Carlos X, duque de Angulema \u2013vino a Espa\u00f1a al mando de los 100.000 hijos de San Lu\u00eds para que Fernando VII recuperara el trono espa\u00f1ol en 1823-, que perdi\u00f3 el\u00a0<strong>t\u00edtulo<\/strong> en 1830, al abdicar su padre y hacer \u00e9l lo propio, quedando los derechos de la corona en manos de su sobrino Enrique de Burdeos.<\/p>\n<p style=\"text-align: center;\"><img loading=\"lazy\" decoding=\"async\" class=\"alignnone size-medium wp-image-9589\" src=\"http:\/\/loscordonesquemeatocadadia.com\/es\/wp-content\/uploads\/2020\/08\/368px-JeanIIdFrance-183x300.jpg\" alt=\"\" width=\"183\" height=\"300\" srcset=\"https:\/\/loscordonesquemeatocadadia.com\/es\/wp-content\/uploads\/2020\/08\/368px-JeanIIdFrance-183x300.jpg 183w, https:\/\/loscordonesquemeatocadadia.com\/es\/wp-content\/uploads\/2020\/08\/368px-JeanIIdFrance.jpg 368w\" sizes=\"auto, (max-width: 183px) 100vw, 183px\" \/><\/p>\n<p style=\"text-align: center;\"><strong><em>Juan II el Bueno.<\/em><\/strong><\/p>\n<p style=\"text-align: justify;\"><strong><em>Juan II de Francia<\/em><\/strong><em>, <strong>el Bueno<\/strong><\/em>, sucedi\u00f3 a su padre a los 30 a\u00f1os -1350-. Al iniciarse la Guerra de los Cien A\u00f1os -24 de mayo de 1337-, con 17 a\u00f1os de edad, fue nombrado por su padre primero oficial y despu\u00e9s general en jefe del ej\u00e9rcito franc\u00e9s. Era hombre ambicioso, de juicio mediocre, y tozudo pero de buen trato, generoso con los suyos, y valeroso en la batalla, por lo que recibi\u00f3 el apodo de <strong><em>le Bon.<\/em><\/strong><\/p>\n<p style=\"text-align: justify;\">Su reinado estuvo marcado por graves problemas financieros, las intrigas del rey de Navarra <strong><em>Carlos II el Malo<\/em><\/strong> -que pretend\u00eda el trono franc\u00e9s por ser su madre <strong><em>Juana II de Navarra <\/em><\/strong>hija de <strong><em>Luis X el Obstinado,<\/em><\/strong> rey de Francia-, la crisis de los Estados generales y la Guerra con Inglaterra.<\/p>\n<p style=\"text-align: justify;\">Juan II cas\u00f3 en primeras nupcias a la edad de 13 a\u00f1os con <em>Bona de Luxemburgo, <\/em>y tuvieron 11 hijos. La mayor fue una mujer, Blanca, y el segundo un var\u00f3n, Carlos, que ser\u00eda el sucesor de su padre con el nombre de <strong><em>Carlos V<\/em><\/strong> <strong><em>el Sabio.<\/em><\/strong><\/p>\n<p style=\"text-align: justify;\">Los ingleses, conducidos brillantemente por <strong><em>Eduardo III<\/em><\/strong> y sobre todo por su hijo primog\u00e9nito <strong><em>Eduardo de Woodstock -el Pr\u00edncipe Negro- <\/em><\/strong>apresaron en la batalla de Poitiers -1356- al rey <strong><em>Juan<\/em><\/strong> y a su hijo <strong><em>Felipe<\/em><\/strong>, liberados 4 a\u00f1os m\u00e1s tarde tras la firma del <em>T<strong>ratado de Br\u00e9tigny<\/strong><\/em>, con el compromiso de pagar 3 millones de escudos, dejando como garant\u00eda hasta finalizar el pago a dos hijos del rey Juan II, Juan y Lu\u00eds. En 1363 Lu\u00eds escap\u00f3, y Juan II, el rey, cumpliendo el c\u00f3digo de honor, acudi\u00f3 a Londres para sustituir al hijo huido y all\u00ed muri\u00f3 al a\u00f1o siguiente, en abril de 1364.<\/p>\n<p style=\"text-align: justify;\"><strong><em>Carlos V el Sabio<\/em><\/strong> de Francia rein\u00f3 desde abril de 1364 a septiembre de 1380. Era hombre inteligente, pero f\u00edsicamente d\u00e9bil, con piel p\u00e1lida y un cuerpo fino y desproporcionado, lo contrario que su padre Juan II, que era alto y fuerte. Fue educado en la corte con nobles de su edad, con los que mantuvo una relaci\u00f3n cercana durante su vida: sus tres hermanos Juan, Felipe y Luis, su t\u00edo Felipe de Orl\u00e9ans y otros de importantes casas como la de Bar, Borb\u00f3n, \u00c9vreux Brabante, Artois y Alen\u00e7on.<\/p>\n<p style=\"text-align: center;\"><img loading=\"lazy\" decoding=\"async\" class=\"alignnone size-medium wp-image-9596\" src=\"http:\/\/loscordonesquemeatocadadia.com\/es\/wp-content\/uploads\/2020\/08\/Karel_V_van_Frankrijk-202x300.jpg\" alt=\"\" width=\"202\" height=\"300\" srcset=\"https:\/\/loscordonesquemeatocadadia.com\/es\/wp-content\/uploads\/2020\/08\/Karel_V_van_Frankrijk-202x300.jpg 202w, https:\/\/loscordonesquemeatocadadia.com\/es\/wp-content\/uploads\/2020\/08\/Karel_V_van_Frankrijk.jpg 368w\" sizes=\"auto, (max-width: 202px) 100vw, 202px\" \/><\/p>\n<p style=\"text-align: center;\"><em><strong>Carlos V el Sabio.<\/strong><\/em><\/p>\n<p style=\"text-align: justify;\">Fue un hombre religioso, tolerante y amante del arte, siendo creador de la primera Biblioteca Real de Francia, que fue instalada en el Louvre.<\/p>\n<p style=\"text-align: justify;\"><strong><em>Carlos,<\/em><\/strong> fue Regente de Francia el tiempo que dur\u00f3 la captura de su padre por los ingleses en Poitiers en el a\u00f1o 1356. Para pagar el rescate de su padre y de su hermano, Carlos tuvo que subir los impuestos y manejar a la hostil nobleza liderada por Carlos II el Malo de Navarra, la oposici\u00f3n de la\u00a0 burgues\u00eda, y las revueltas campesinas.. Carlos super\u00f3 todas estas adversidades, pero para liberar a su padre, tuvo que firmar el <strong><em>Tratado de Bretigny<\/em> <\/strong>en 1360, por el que entreg\u00f3 amplios territorios del suroeste de Francia a\u00a0 Eduardo III,\u00a0 comprometi\u00e9ndose\u00a0 adem\u00e1s a pagar un desmesurado rescate.<\/p>\n<p style=\"text-align: justify;\">Carlos se convirti\u00f3 en rey en 1364. Bien aconsejado, pudo\u00a0 reponer el tesoro real y restaurar el prestigio de la casa de Valois. Cre\u00f3 un ej\u00e9rcito permanente pagado con ingresos regulares, que liber\u00f3 al pueblo franc\u00e9s de las compa\u00f1\u00edas de <strong><em>routiers<\/em><\/strong> -soldados mercenarios de la Edad Media organizados en <em><strong>bandas<\/strong><\/em> o <em><strong>rutas<\/strong><\/em>&#8211; que se dedicaban a saquear el pa\u00eds cuando no estaban guerreando. Este Ej\u00e9rcito consigui\u00f3 que el resultado de la Guerra de los Cien A\u00f1os, moment\u00e1neamente fuera favorable al bando franc\u00e9s, reconquistando durante el reinado de Carlos, casi todos los territorios cedidos a los ingleses en Bretigny. Carlos V muri\u00f3 en 1380 y le sucedi\u00f3 su hijo<em><strong> Carlos VI el Loco<\/strong><\/em>\u00a0 cuyo lamentable reinado (1380-1422) permiti\u00f3 a los ingleses recuperar el control de amplias zonas de Francia.<\/p>\n<p style=\"text-align: center;\"><img loading=\"lazy\" decoding=\"async\" class=\"alignnone size-medium wp-image-9585\" src=\"http:\/\/loscordonesquemeatocadadia.com\/es\/wp-content\/uploads\/2020\/08\/Charles_VI_de_France_el-loco-1-243x300.jpg\" alt=\"\" width=\"243\" height=\"300\" srcset=\"https:\/\/loscordonesquemeatocadadia.com\/es\/wp-content\/uploads\/2020\/08\/Charles_VI_de_France_el-loco-1-243x300.jpg 243w, https:\/\/loscordonesquemeatocadadia.com\/es\/wp-content\/uploads\/2020\/08\/Charles_VI_de_France_el-loco-1.jpg 368w\" sizes=\"auto, (max-width: 243px) 100vw, 243px\" \/><\/p>\n<p style=\"text-align: center;\"><strong><em>Carlos VI el Loco.<\/em><\/strong><\/p>\n<p style=\"text-align: justify;\">Conocidos de forma somera los reyes de Francia durante el per\u00edodo 1305-1420, se entrar\u00e1 ahora en el relato de la \u00e9poca de los <strong><em>7 papas de Avi\u00f1\u00f3n<\/em><\/strong>, que comenz\u00f3 durante el reinado de <strong><em>Felipe IV el Hermoso<\/em><\/strong> que consigui\u00f3 que en el c\u00f3nclave de 1305, fuera nombrado un papa franc\u00e9s,\u00a0<strong><em>Clemente V,<\/em><\/strong> que traslad\u00f3 la sede pontificia de Roma a Avi\u00f1\u00f3n en 1309, situaci\u00f3n que se mantuvo durante los siguientes 7 papas, hasta 1377.<\/p>\n<p style=\"text-align: justify;\">Bajo el reinado de<strong> <em>Carlos V el Sabio<\/em>, <\/strong>y a pesar de las intensas negociaciones, <strong><em>Avi\u00f1\u00f3n dej\u00f3 de ser la sede pontificia<\/em><\/strong>, y el Papa\u00a0 <em><strong>Gregorio XI<\/strong><\/em> reinstaur\u00f3 Roma como Sede Pontificia el 17 de enero de 1377.<\/p>\n<p style=\"text-align: justify;\">A continuaci\u00f3n, se produjo el <strong><em>Cisma de Occidente<\/em><\/strong> que dur\u00f3 39 a\u00f1os -entre 1378 y 1417-, cuando dos papas, y a partir de 1410, tres, se disputaron la autoridad pontificia: uno en Roma, y los otros en Avi\u00f1\u00f3n y Pe\u00f1\u00edscola respectivamente.<\/p>\n<p><strong><em>M\u00fasica: <\/em><\/strong><strong><em>Guillaume de Machaut &#8220;Je vivroie liement\/Liement me deport&#8221;.<\/em><\/strong><\/p>\n<p style=\"text-align: center;\"><em><strong>To be continued in part 3.<\/strong><\/em><\/p>\n","protected":false},"excerpt":{"rendered":"<p>Isabel la Loba de Francia -reina de Inglaterra por matrimonio con Eduardo II- y su amante Roger Mortimer abandonaron la corte francesa en el verano de 1326, marchando hacia la corte de Guillermo I el Bueno de Henao, Holanda y Zelanda, que les proporcion\u00f3 ayuda, a cambio del compromiso matrimonial de su hija Felipa con [&hellip;]<\/p>\n","protected":false},"author":2,"featured_media":9592,"comment_status":"open","ping_status":"closed","sticky":false,"template":"","format":"standard","meta":{"_mo_disable_npp":"","om_disable_all_campaigns":false,"_monsterinsights_skip_tracking":false,"_monsterinsights_sitenote_active":false,"_monsterinsights_sitenote_note":"","_monsterinsights_sitenote_category":0,"_uf_show_specific_survey":0,"_uf_disable_surveys":false,"footnotes":""},"categories":[22,1332],"tags":[1270,1552,1550,1555,1554,1553,1556,1551,1557],"class_list":["post-9552","post","type-post","status-publish","format-standard","has-post-thumbnail","hentry","category-historia","category-religion","tag-carlos-iv-el-hermoso","tag-carlos-v-el-sabio","tag-carlos-vi-el-loco","tag-eduardo-de-woodstock-el-principe-negro","tag-eduardo-iii","tag-felipe-vi-el-encontrado","tag-guerra-de-los-100-anos","tag-juan-ii-el-bueno","tag-titulo-de-delfin-de-francia"],"aioseo_notices":[],"post_mailing_queue_ids":[],"_links":{"self":[{"href":"https:\/\/loscordonesquemeatocadadia.com\/es\/wp-json\/wp\/v2\/posts\/9552","targetHints":{"allow":["GET"]}}],"collection":[{"href":"https:\/\/loscordonesquemeatocadadia.com\/es\/wp-json\/wp\/v2\/posts"}],"about":[{"href":"https:\/\/loscordonesquemeatocadadia.com\/es\/wp-json\/wp\/v2\/types\/post"}],"author":[{"embeddable":true,"href":"https:\/\/loscordonesquemeatocadadia.com\/es\/wp-json\/wp\/v2\/users\/2"}],"replies":[{"embeddable":true,"href":"https:\/\/loscordonesquemeatocadadia.com\/es\/wp-json\/wp\/v2\/comments?post=9552"}],"version-history":[{"count":12,"href":"https:\/\/loscordonesquemeatocadadia.com\/es\/wp-json\/wp\/v2\/posts\/9552\/revisions"}],"predecessor-version":[{"id":12486,"href":"https:\/\/loscordonesquemeatocadadia.com\/es\/wp-json\/wp\/v2\/posts\/9552\/revisions\/12486"}],"wp:featuredmedia":[{"embeddable":true,"href":"https:\/\/loscordonesquemeatocadadia.com\/es\/wp-json\/wp\/v2\/media\/9592"}],"wp:attachment":[{"href":"https:\/\/loscordonesquemeatocadadia.com\/es\/wp-json\/wp\/v2\/media?parent=9552"}],"wp:term":[{"taxonomy":"category","embeddable":true,"href":"https:\/\/loscordonesquemeatocadadia.com\/es\/wp-json\/wp\/v2\/categories?post=9552"},{"taxonomy":"post_tag","embeddable":true,"href":"https:\/\/loscordonesquemeatocadadia.com\/es\/wp-json\/wp\/v2\/tags?post=9552"}],"curies":[{"name":"wp","href":"https:\/\/api.w.org\/{rel}","templated":true}]}}