{"id":9622,"date":"2021-11-20T09:00:32","date_gmt":"2021-11-20T08:00:32","guid":{"rendered":"http:\/\/loscordonesquemeatocadadia.com\/es\/?p=9622"},"modified":"2021-11-26T08:57:26","modified_gmt":"2021-11-26T07:57:26","slug":"los-papas-de-avinon-eleccion-del-papa-frances-clemente-v-establecimiento-temporal-de-la-sede-pontificia-en-avinon-parte-4","status":"publish","type":"post","link":"https:\/\/loscordonesquemeatocadadia.com\/es\/2021\/11\/20\/los-papas-de-avinon-eleccion-del-papa-frances-clemente-v-establecimiento-temporal-de-la-sede-pontificia-en-avinon-parte-4\/","title":{"rendered":"LOS PAPAS DE AVI\u00d1\u00d3N: ELECCI\u00d3N DEL PAPA FRANC\u00c9S CLEMENTE V. Establecimiento temporal de la Sede Pontificia en Avi\u00f1\u00f3n. Parte 4."},"content":{"rendered":"<audio class=\"wp-audio-shortcode\" id=\"audio-9622-1\" loop autoplay preload=\"auto\" style=\"width: 100%;\" controls=\"controls\"><source type=\"audio\/mpeg\" src=\"http:\/\/loscordonesquemeatocadadia.com\/es\/wp-content\/uploads\/2020\/08\/Anonimo-siglo-XIV-Salterello-No-4-del-manuscrito-de-Londres.mp3?_=1\" \/><a href=\"http:\/\/loscordonesquemeatocadadia.com\/es\/wp-content\/uploads\/2020\/08\/Anonimo-siglo-XIV-Salterello-No-4-del-manuscrito-de-Londres.mp3\">http:\/\/loscordonesquemeatocadadia.com\/es\/wp-content\/uploads\/2020\/08\/Anonimo-siglo-XIV-Salterello-No-4-del-manuscrito-de-Londres.mp3<\/a><\/audio>\n<p style=\"text-align: justify;\"><strong>CLEMENTE V, <em>Bertrand de Got, <\/em><\/strong>fue elegido papa el 5 de junio de 1305 en Perugia tras once meses de c\u00f3nclave. Era arzobispo de Burdeos y su elecci\u00f3n fue controvertida, ya que no pertenec\u00eda al colegio cardenalicio, pero hab\u00eda mantenido una posici\u00f3n neutral en el conflicto entre Bonifacio VIII y Felipe IV y era franc\u00e9s, aunque s\u00fabdito de Eduardo I de Inglaterra.<!--more--><\/p>\n<p style=\"text-align: justify;\">No encontr\u00e1ndose en Perugia y llamado para su coronaci\u00f3n, expres\u00f3 su deseo de que la ceremonia se realizara en Lyon, como as\u00ed fue, asistiendo a la misma el rey Felipe IV.<\/p>\n<p style=\"text-align: justify;\">Clemente, estuvo durante todo su pontificado sujeto a los deseos del rey franc\u00e9s, siendo su primer acto tras la coronaci\u00f3n, el ascenso al cardenalato de nueve obispos franceses de la cuerda de Felipe IV.<\/p>\n<p style=\"text-align: center;\"><img loading=\"lazy\" decoding=\"async\" class=\"alignnone wp-image-9616\" src=\"http:\/\/loscordonesquemeatocadadia.com\/es\/wp-content\/uploads\/2020\/08\/300px-Papa_Clemens_Quintus-254x300.jpg\" alt=\"\" width=\"376\" height=\"444\" srcset=\"https:\/\/loscordonesquemeatocadadia.com\/es\/wp-content\/uploads\/2020\/08\/300px-Papa_Clemens_Quintus-254x300.jpg 254w, https:\/\/loscordonesquemeatocadadia.com\/es\/wp-content\/uploads\/2020\/08\/300px-Papa_Clemens_Quintus.jpg 300w\" sizes=\"auto, (max-width: 376px) 100vw, 376px\" \/><\/p>\n<p style=\"text-align: center;\"><em><strong>Clemente V.<\/strong><\/em><\/p>\n<p style=\"text-align: justify;\">Siguiendo las \u00f3rdenes del capeto, anul\u00f3 un a\u00f1o despu\u00e9s de su nombramiento, las bulas eclesi\u00e1sticas contrarias a los intereses de Felipe: la <strong><em>Clericis laicos<\/em><\/strong> y <strong><em>Unam Sanctam*<\/em><\/strong> que hab\u00eda promulgado Bonifacio VIII.<\/p>\n<p style=\"text-align: justify;\">Clemente V mediante bula, declar\u00f3 inocente al rey, pues, seg\u00fan \u00e9l, todo lo que hab\u00eda hecho, fue <em>animado por un celo bueno, sincero y justo, que proced\u00eda de su fervor por la fe cat\u00f3lica.<\/em><\/p>\n<p style=\"text-align: center;\"><img loading=\"lazy\" decoding=\"async\" class=\"alignnone wp-image-9610\" src=\"http:\/\/loscordonesquemeatocadadia.com\/es\/wp-content\/uploads\/2020\/08\/368px-Philippe_IV_le_Bel-2-210x300.jpg\" alt=\"\" width=\"370\" height=\"529\" srcset=\"https:\/\/loscordonesquemeatocadadia.com\/es\/wp-content\/uploads\/2020\/08\/368px-Philippe_IV_le_Bel-2-210x300.jpg 210w, https:\/\/loscordonesquemeatocadadia.com\/es\/wp-content\/uploads\/2020\/08\/368px-Philippe_IV_le_Bel-2.jpg 368w\" sizes=\"auto, (max-width: 370px) 100vw, 370px\" \/><\/p>\n<p style=\"text-align: center;\"><em><strong>Felipe IV el Hermoso.<\/strong><\/em><\/p>\n<p style=\"text-align: justify;\">*\u00a0<strong><em>Unam<\/em><\/strong><em>\u00a0<strong>sanctam<\/strong>. Se puede resumir esta bula en dos conceptos: 1.- <\/em>La unidad de la Iglesia: <em>no hay sino una iglesia, fuera de la cual no hay salvaci\u00f3n, y \u00e9sta es el cuerpo de Cristo con una sola cabeza. 2.- <\/em>Potestad espiritual de la Iglesia: <em>esa cabeza es Cristo o su representante el papa, y rechazar el cuidado pastoral de esta cabeza es autoexcluirse del reba\u00f1o de Cristo.<\/em><\/p>\n<p style=\"text-align: justify;\">Pero Felipe, no contento con la declaraci\u00f3n de su inocencia, y animado por el deseo de venganza contra Bonifacio VIII, asesinado con su complicidad, inst\u00f3 al papa Clemente a realizar una condena oficial por herej\u00eda contra Bonifacio VIII.<\/p>\n<p style=\"text-align: justify;\">El papa Clemente, intent\u00f3 calmar el \u00e1nimo real levantando la excomuni\u00f3n de Guillermo de Nogaret y de Sciarra\u00a0Colonna y de los habitantes de la ciudad que participaron en el atentado de Anagni, abandonando a Bonifacio a su suerte, <strong><em>pero sin condenar al papa,<\/em><\/strong> como era la pretensi\u00f3n del rey. El caso fue cerrado definitivamente en 1312, aunque a cambio, tuvo que ceder, colaborando con Felipe IV en el logro de otro de sus objetivos: <strong><em>acabar con la Orden del Temple<\/em><\/strong>, que era lo mismo que anular la deuda inmensa que Francia hab\u00eda ido acumulando y manten\u00eda con la Orden por pr\u00e9stamos que serv\u00edan para sufragar las guerras del rey franc\u00e9s.<\/p>\n<p style=\"text-align: justify;\">Los templarios ten\u00edan una buena organizaci\u00f3n administrativa, llegando a ser una de las instituciones m\u00e1s ricas de la Europa medieval. Con Felipe IV y a su demanda, los templarios administraron el tesoro real franc\u00e9s, por lo que hasta ese momento hab\u00edan sido muy estimados por la corona.<\/p>\n<p style=\"text-align: justify;\">En realidad, hay alguna raz\u00f3n m\u00e1s por las que Felipe pudo desear la desaparici\u00f3n de los templarios adem\u00e1s del endeudamiento y la incapacidad de saldar la deuda: la fidelidad que tuvo la Orden hacia el papa Bonifacio VIII, y las riquezas que pose\u00edan, lo cual permitir\u00eda adem\u00e1s de anular la deuda, quedarse con todos los bienes del Temple, engrosando de manera inimaginable el tesoro real franc\u00e9s.<\/p>\n<p style=\"text-align: justify;\">As\u00ed en octubre de 1307, el rey <strong><em>Felipe IV el Hermoso<\/em><\/strong> orden\u00f3 el arresto de todos los templarios que se encontraban en territorio franc\u00e9s, acus\u00e1ndolos de herej\u00eda. La acusaci\u00f3n se basaba en las manifestaciones de un ex caballero de la Orden, <em>Esquieu de Floyran<\/em>, quien cont\u00f3 que los templarios adoraban a un \u00eddolo de <em>Bafomet<\/em> -supuesta deidad cuyo culto se le atribuy\u00f3 a los Caballeros de la Orden del Temple-, renegaban de Cristo, y comet\u00edan sodom\u00eda. Los arrestados fueron unos dos mil, entre ellos el Maestre General de la Orden, <strong><em>Jacques de Molay.<\/em><\/strong><\/p>\n<p style=\"text-align: justify;\">La detenci\u00f3n de los templarios sin la autorizaci\u00f3n del papa Clemente, de quien depend\u00edan directamente, provoc\u00f3 sus protestas, pero Felipe lo convenci\u00f3, present\u00e1ndole las confesiones obtenidas bajo tortura, consiguiendo de este modo que el papa promulgara la bula <strong><em>Pastoralis praeminens<\/em><\/strong><strong><em>, <\/em><\/strong>que decretaba la detenci\u00f3n de los templarios en todos los territorios cristianos.<\/p>\n<p style=\"text-align: justify;\">No contento, Felipe obtuvo del papa una instrucci\u00f3n general por la que se condenaba a la hoguera a aquellos que se retractaran de sus confesiones. As\u00ed, o por confesi\u00f3n mediante tortura, o por retractarse de ella, eran enviados a la hoguera.<\/p>\n<p style=\"text-align: justify;\">Presionado por el rey franc\u00e9s, Clemente, convoc\u00f3 en 1308 por la bula <strong><em>Regnums in coelis,<\/em><\/strong>\u00a0 el Concilio de Vienne. Se celebrar\u00eda en 1311 y 1312, dando lugar a la bula <strong><em>Vox in excelso<\/em><\/strong>\u00a0 por la que se suprim\u00eda la Orden del Temple.<\/p>\n<p style=\"text-align: justify;\">El 13 de marzo de 1314, el preboste abri\u00f3 el rollo con la sentencia y dijo: <strong><em>Jacques Bernard de Molay<\/em><\/strong><em>, vig\u00e9simo tercer Gran Maestre de la Orden de los Pobres Caballeros de Cristo y el Templo de Salom\u00f3n, conocidos como templarios: has sido juzgado y hallado culpable por tu propia confesi\u00f3n de los delitos de herej\u00eda, idolatr\u00eda, simon\u00eda y blasfemia contra la Santa Cruz. Por ello has sido condenado a morir en la hoguera.<\/em><\/p>\n<p style=\"text-align: center;\"><img loading=\"lazy\" decoding=\"async\" class=\"alignnone size-medium wp-image-9633\" src=\"http:\/\/loscordonesquemeatocadadia.com\/es\/wp-content\/uploads\/2020\/08\/templario-644x775-jacques-de-Molay-1-250x300.jpg\" alt=\"\" width=\"250\" height=\"300\" srcset=\"https:\/\/loscordonesquemeatocadadia.com\/es\/wp-content\/uploads\/2020\/08\/templario-644x775-jacques-de-Molay-1-250x300.jpg 250w, https:\/\/loscordonesquemeatocadadia.com\/es\/wp-content\/uploads\/2020\/08\/templario-644x775-jacques-de-Molay-1.jpg 644w\" sizes=\"auto, (max-width: 250px) 100vw, 250px\" \/><\/p>\n<p style=\"text-align: center;\"><em><strong>Jacques de Molay.<\/strong><\/em><\/p>\n<p style=\"text-align: justify;\">&#8211;<em>Fui condenado a cadena perpetua, no a muerte. Y me retract\u00e9 de esa confesi\u00f3n, obtenida bajo tortura, <\/em>susurr\u00f3 el condenado<em>.<\/em><\/p>\n<p style=\"text-align: justify;\">&#8211;<em>Rechazasteis la misericordia del rey Felipe proclam\u00e1ndoos inocente cuando ya hab\u00edais sido hallado culpable. A\u00f1adisteis el pecado de la soberbia a los que ya pose\u00edais, y os condenasteis a vosotros mismos y a los templarios a la desaparici\u00f3n.<\/em><\/p>\n<p style=\"text-align: justify;\">&#8211;<em>Ya no existen, mis hermanos ya no existen, <\/em>replic\u00f3 el anciano, meneando la cabeza,<em> pero la orden vivir\u00e1 para siempre.<\/em><\/p>\n<p style=\"text-align: justify;\">De Molay, tir\u00f3 de la t\u00fanica deshilachada y mugrienta que era toda su vestidura. La mano huesuda descubri\u00f3 su hombro escu\u00e1lido. All\u00ed, cerca del coraz\u00f3n, el anciano hab\u00eda lacerado su carne, dibujando una cruz, la misma que hab\u00eda guiado su esp\u00edritu durante todos los a\u00f1os de su vida. Hab\u00eda usado el mango de una cuchara para hacerlo. Los queloides de la herida estaban infectados.<\/p>\n<p style=\"text-align: justify;\">&#8211;<em>Felipe y Clemente me matar\u00e1n, pero no me impedir\u00e1n morir con la cruz en el lugar donde siempre ha estado<\/em>.<\/p>\n<p style=\"text-align: justify;\">&#8211;<em>Sea pues. Morid con la cruz, y que la orden muera con vos, <\/em>dijo el preboste, haciendo un gesto al verdugo.<\/p>\n<p style=\"text-align: justify;\">&#8211;<em>Me gustar\u00eda morir mirando a N\u00f4tre Dame.<\/em><\/p>\n<p style=\"text-align: justify;\">El preboste dio unas cuantas \u00f3rdenes, y los guardias cambiaron de sentido los haces de le\u00f1a a rega\u00f1adientes. Ataron al Gran Maestre al poste.<\/p>\n<p style=\"text-align: justify;\">El verdugo se acerc\u00f3 a Jacques de Molay, con la antorcha encendida en la mano.<\/p>\n<p style=\"text-align: justify;\"><strong><em>\u00a1Dieu vengera notre mort!<\/em>, musit\u00f3 el anciano<em>. \u00a1Pagar\u00e1s por la sangre de los inocentes, Felipe, rey blasfemo! \u00a1Y t\u00fa, Clemente, traidor a tu Iglesia! \u00a1Dios vengar\u00e1 nuestra muerte, y ambos estar\u00e9is muertos antes de un a\u00f1o!<\/em><\/strong><\/p>\n<p style=\"text-align: center;\"><img loading=\"lazy\" decoding=\"async\" class=\"alignnone wp-image-9637\" src=\"http:\/\/loscordonesquemeatocadadia.com\/es\/wp-content\/uploads\/2020\/08\/330px-Templars_Burning-300x300.jpg\" alt=\"\" width=\"473\" height=\"473\" srcset=\"https:\/\/loscordonesquemeatocadadia.com\/es\/wp-content\/uploads\/2020\/08\/330px-Templars_Burning-300x300.jpg 300w, https:\/\/loscordonesquemeatocadadia.com\/es\/wp-content\/uploads\/2020\/08\/330px-Templars_Burning-150x150.jpg 150w, https:\/\/loscordonesquemeatocadadia.com\/es\/wp-content\/uploads\/2020\/08\/330px-Templars_Burning.jpg 330w\" sizes=\"auto, (max-width: 473px) 100vw, 473px\" \/><\/p>\n<p style=\"text-align: center;\"><strong><em>Jacques de Molay ardiendo en la hoguera en 1314, de la Cr\u00f3nica de St. Denis del siglo XIV. Se representa el acto en la \u00cele de la cit\u00e9 de Par\u00eds.<\/em><\/strong><\/p>\n<p><img loading=\"lazy\" decoding=\"async\" class=\"alignnone wp-image-9629 aligncenter\" src=\"http:\/\/loscordonesquemeatocadadia.com\/es\/wp-content\/uploads\/2020\/08\/Jacques-de-Molay-lanzando-su-maldicion-300x195.jpg\" alt=\"\" width=\"402\" height=\"261\" srcset=\"https:\/\/loscordonesquemeatocadadia.com\/es\/wp-content\/uploads\/2020\/08\/Jacques-de-Molay-lanzando-su-maldicion-300x195.jpg 300w, https:\/\/loscordonesquemeatocadadia.com\/es\/wp-content\/uploads\/2020\/08\/Jacques-de-Molay-lanzando-su-maldicion.jpg 400w\" sizes=\"auto, (max-width: 402px) 100vw, 402px\" \/><\/p>\n<p style=\"text-align: center;\"><strong><em>Jacques de Molay maldiciendo al papa y al rey.<\/em><\/strong><\/p>\n<p style=\"text-align: justify;\">As\u00ed comenz\u00f3 el final de Clemente V, que <strong><em>muri\u00f3 1 mes y 7 d\u00edas despu\u00e9s de que Jacques de Molay fuera quemado en la hoguera<\/em><\/strong>. Con este hecho comenz\u00f3 el fin de los reyes de la dinast\u00eda capeta y la historia de los <strong><em>reyes <\/em><\/strong>denominados <strong><em>malditos<\/em><\/strong>, muriendo Felipe IV, 8 meses y 16 d\u00edas despu\u00e9s del Gran Maestre templario, siendo sucedido el 29 de noviembre de 1314 por su hijo primog\u00e9nito <strong><em>Luis X El Obstinado.<\/em><\/strong><\/p>\n<p style=\"text-align: center;\"><img loading=\"lazy\" decoding=\"async\" class=\"alignnone wp-image-9630\" src=\"http:\/\/loscordonesquemeatocadadia.com\/es\/wp-content\/uploads\/2020\/08\/JacquesDeMolayRestingPlace-234x300.jpg\" alt=\"\" width=\"457\" height=\"586\" srcset=\"https:\/\/loscordonesquemeatocadadia.com\/es\/wp-content\/uploads\/2020\/08\/JacquesDeMolayRestingPlace-234x300.jpg 234w, https:\/\/loscordonesquemeatocadadia.com\/es\/wp-content\/uploads\/2020\/08\/JacquesDeMolayRestingPlace.jpg 701w\" sizes=\"auto, (max-width: 457px) 100vw, 457px\" \/><\/p>\n<p style=\"text-align: center;\"><em><strong>Placa conmemorativa que se\u00f1ala el lugar en donde fue quemado el Gran Maestre Templario.<\/strong><\/em><\/p>\n<p style=\"text-align: justify;\">El otro gran aspecto del pontificado de Clemente V, fue <strong><em>el traslado de la sede pontificia a Avi\u00f1\u00f3n. <\/em><\/strong>Avi\u00f1\u00f3n en 1309 <strong><em>pertenec\u00eda al Reino de N\u00e1poles<\/em><\/strong>, reino que era vasallo de la Iglesia Cat\u00f3lica. As\u00ed, Clemente V, para contentar al rey franc\u00e9s sin poner en evidencia su flojera, adujo que Avi\u00f1\u00f3n era de la Iglesia, trasladando la Sede Pontificia a esa ciudad, inicialmente -dijo- de <em>manera temporal<\/em>.<\/p>\n<p style=\"text-align: justify;\">Clemente llev\u00f3 consigo el tesoro papal acumulado por su predecesor, y aunque prometi\u00f3 que en dos a\u00f1os volver\u00eda a Roma, su muerte 5 a\u00f1os despu\u00e9s de su llegada, y SOBRE TODO el poder que sobre \u00e9l ejerc\u00eda el rey de Francia, hicieron que no cumpliera lo prometido. El traslado que inicialmente tuvo car\u00e1cter provisional, motivado por la situaci\u00f3n de inseguridad y caos en que se encontraba Roma, y la celebraci\u00f3n del concilio de Vienne -relativamente cercano a Avi\u00f1\u00f3n- \u00a0que estaba programado para 1311, fue permanente hasta 1377 -desde 1309- y, durante siete pontificados.<\/p>\n<p style=\"text-align: justify;\">Tambi\u00e9n la situaci\u00f3n geogr\u00e1fica de Avi\u00f1\u00f3n, en los tiempos convulsos que corr\u00edan para el papado, era mejor que Roma, ya que la proximidad de Francia y del Imperio, permitir\u00edan al pont\u00edfice pedir la protecci\u00f3n del rey o del emperador, como mejor le conviniera en cada momento.<\/p>\n<p style=\"text-align: justify;\">Clemente V falleci\u00f3 el 20 de abril de 1314 en Roquemaure, con solo 50 a\u00f1os de edad. Fue sepultado en el interior de la Colegiata de Uzeste, en Aquitania.<\/p>\n<p style=\"text-align: center;\"><img loading=\"lazy\" decoding=\"async\" class=\"alignnone wp-image-9628\" src=\"http:\/\/loscordonesquemeatocadadia.com\/es\/wp-content\/uploads\/2020\/08\/440px-Tombeau_de_Clement_V-en-uyzeste-1-300x225.jpg\" alt=\"\" width=\"471\" height=\"353\" srcset=\"https:\/\/loscordonesquemeatocadadia.com\/es\/wp-content\/uploads\/2020\/08\/440px-Tombeau_de_Clement_V-en-uyzeste-1-300x225.jpg 300w, https:\/\/loscordonesquemeatocadadia.com\/es\/wp-content\/uploads\/2020\/08\/440px-Tombeau_de_Clement_V-en-uyzeste-1.jpg 440w\" sizes=\"auto, (max-width: 471px) 100vw, 471px\" \/><\/p>\n<p style=\"text-align: center;\"><em><strong>Tumba de Clemente V en Uzeste.<\/strong><\/em><\/p>\n<p style=\"text-align: justify;\">A su muerte, el magn\u00edfico tesoro papal acumulado por Clemente desapareci\u00f3. La suma dejada por el pont\u00edfice en testamento fue de 812.000 florines de oro; de ellos, 300.000 fueron a parar a su sobrino, 314.000 a familiares y sirvientes, y 200.000 a iglesias, conventos y caridad. Un pr\u00e9stamo de 160.000 florines hecho al rey de Francia, nunca fue devuelto, claro.<\/p>\n<p style=\"text-align: justify;\">Su sucesor, <em><strong>Juan XXII<\/strong><\/em> emprendi\u00f3 litigios en un intento de recuperar los bienes de la Iglesia, entre 1318 y 1322, pero no consigui\u00f3\u00a0 que fueran recuperados.<\/p>\n<p><strong>M\u00fasica<\/strong>: <strong><em>An\u00f3nimo del siglo XIV. Salterello N\u00ba 4 del manuscrito de Londres.<\/em><\/strong><\/p>\n<p style=\"text-align: center;\"><em><strong>To be continued in part 5.<\/strong><\/em><\/p>\n","protected":false},"excerpt":{"rendered":"<p>CLEMENTE V, Bertrand de Got, fue elegido papa el 5 de junio de 1305 en Perugia tras once meses de c\u00f3nclave. Era arzobispo de Burdeos y su elecci\u00f3n fue controvertida, ya que no pertenec\u00eda al colegio cardenalicio, pero hab\u00eda mantenido una posici\u00f3n neutral en el conflicto entre Bonifacio VIII y Felipe IV y era franc\u00e9s, [&hellip;]<\/p>\n","protected":false},"author":2,"featured_media":9636,"comment_status":"open","ping_status":"closed","sticky":false,"template":"","format":"standard","meta":{"_mo_disable_npp":"","om_disable_all_campaigns":false,"_monsterinsights_skip_tracking":false,"_monsterinsights_sitenote_active":false,"_monsterinsights_sitenote_note":"","_monsterinsights_sitenote_category":0,"_uf_show_specific_survey":0,"_uf_disable_surveys":false,"footnotes":""},"categories":[22,1332],"tags":[1560,1549,1559,1562,1558,1561],"class_list":["post-9622","post","type-post","status-publish","format-standard","has-post-thumbnail","hentry","category-historia","category-religion","tag-avinon","tag-clemente-v","tag-concilio-de-vienne","tag-felipe-iv-de-francia","tag-jacques-de-molay","tag-juan-xxii"],"aioseo_notices":[],"post_mailing_queue_ids":[],"_links":{"self":[{"href":"https:\/\/loscordonesquemeatocadadia.com\/es\/wp-json\/wp\/v2\/posts\/9622","targetHints":{"allow":["GET"]}}],"collection":[{"href":"https:\/\/loscordonesquemeatocadadia.com\/es\/wp-json\/wp\/v2\/posts"}],"about":[{"href":"https:\/\/loscordonesquemeatocadadia.com\/es\/wp-json\/wp\/v2\/types\/post"}],"author":[{"embeddable":true,"href":"https:\/\/loscordonesquemeatocadadia.com\/es\/wp-json\/wp\/v2\/users\/2"}],"replies":[{"embeddable":true,"href":"https:\/\/loscordonesquemeatocadadia.com\/es\/wp-json\/wp\/v2\/comments?post=9622"}],"version-history":[{"count":12,"href":"https:\/\/loscordonesquemeatocadadia.com\/es\/wp-json\/wp\/v2\/posts\/9622\/revisions"}],"predecessor-version":[{"id":12664,"href":"https:\/\/loscordonesquemeatocadadia.com\/es\/wp-json\/wp\/v2\/posts\/9622\/revisions\/12664"}],"wp:featuredmedia":[{"embeddable":true,"href":"https:\/\/loscordonesquemeatocadadia.com\/es\/wp-json\/wp\/v2\/media\/9636"}],"wp:attachment":[{"href":"https:\/\/loscordonesquemeatocadadia.com\/es\/wp-json\/wp\/v2\/media?parent=9622"}],"wp:term":[{"taxonomy":"category","embeddable":true,"href":"https:\/\/loscordonesquemeatocadadia.com\/es\/wp-json\/wp\/v2\/categories?post=9622"},{"taxonomy":"post_tag","embeddable":true,"href":"https:\/\/loscordonesquemeatocadadia.com\/es\/wp-json\/wp\/v2\/tags?post=9622"}],"curies":[{"name":"wp","href":"https:\/\/api.w.org\/{rel}","templated":true}]}}