{"id":9642,"date":"2021-11-27T09:00:12","date_gmt":"2021-11-27T08:00:12","guid":{"rendered":"http:\/\/loscordonesquemeatocadadia.com\/es\/?p=9642"},"modified":"2021-11-28T09:44:09","modified_gmt":"2021-11-28T08:44:09","slug":"los-papas-de-avinon-el-segundo-juan-xxii-y-el-tercero-benedicto-xii-sede-pontificia-en-avinon-definitiva-parte-5","status":"publish","type":"post","link":"https:\/\/loscordonesquemeatocadadia.com\/es\/2021\/11\/27\/los-papas-de-avinon-el-segundo-juan-xxii-y-el-tercero-benedicto-xii-sede-pontificia-en-avinon-definitiva-parte-5\/","title":{"rendered":"LOS PAPAS DE AVI\u00d1\u00d3N: el segundo JUAN XXII y el tercero BENEDICTO XII. Sede Pontificia en Avi\u00f1\u00f3n, no temporal. Parte 5."},"content":{"rendered":"<audio class=\"wp-audio-shortcode\" id=\"audio-9642-1\" loop autoplay preload=\"auto\" style=\"width: 100%;\" controls=\"controls\"><source type=\"audio\/mpeg\" src=\"http:\/\/loscordonesquemeatocadadia.com\/es\/wp-content\/uploads\/2020\/08\/J-Pachelbel-Canon-in-D-Major.mp3?_=1\" \/><a href=\"http:\/\/loscordonesquemeatocadadia.com\/es\/wp-content\/uploads\/2020\/08\/J-Pachelbel-Canon-in-D-Major.mp3\">http:\/\/loscordonesquemeatocadadia.com\/es\/wp-content\/uploads\/2020\/08\/J-Pachelbel-Canon-in-D-Major.mp3<\/a><\/audio>\n<p style=\"text-align: justify;\"><em><strong>E<\/strong><\/em><em><strong>l segundo papa que ocup\u00f3 la sede de Avi\u00f1\u00f3n<\/strong><\/em> fue <span style=\"color: #ff0000;\"><strong><em>Juan XXII<\/em><\/strong><\/span>, que sobrevivi\u00f3 a los<strong><em> cuatro reyes malditos restantes<\/em><\/strong>, tres hijos, y un nieto de <em>Felipe IV el Hermoso, <strong>Lu\u00eds X el Obstinado, Juan I el P\u00f3stumo<\/strong>\u00a0 <\/em>-nieto que vivi\u00f3 4 d\u00edas-<em>, <strong>Felipe V el Largo y Carlos IV el Hermoso<\/strong>, <\/em>conviviendo tambi\u00e9n con <strong><em>Felipe VI el Encontrado<\/em><\/strong>\u00a0 de la Casa de Valois, sobrino carnal de Felipe IV, y por tanto primo hermano de los tres anteriores.<!--more--><\/p>\n<p style=\"text-align: center;\"><img loading=\"lazy\" decoding=\"async\" class=\"alignnone wp-image-9655\" src=\"http:\/\/loscordonesquemeatocadadia.com\/es\/wp-content\/uploads\/2020\/08\/300px-Papa_Ioannes_XXII-231x300.jpg\" alt=\"\" width=\"370\" height=\"483\" \/><\/p>\n<p style=\"text-align: center;\"><em><strong>Juan XXII.<\/strong><\/em><\/p>\n<p style=\"text-align: justify;\"><strong><em>Juan XXII<\/em><\/strong> -Jacques Du\u00e8ze- de familia humilde, estudi\u00f3 teolog\u00eda y leyes, llegando a ser profesor de Derecho en Toulouse.\u00a0Carlos II de Anjou, rey de N\u00e1poles, lo nombr\u00f3 en 1309 su canciller. A la muerte de su mentor, se traslad\u00f3 a Avi\u00f1\u00f3n en 1310 como arzobispo de aquella di\u00f3cesis. En 1312 fue nombrado cardenal por <strong>Clemente V<\/strong>.<\/p>\n<p style=\"text-align: justify;\">Tras la muerte de Clemente V se produjo un interregno de casi <strong><em>dos a\u00f1os<\/em><\/strong>, en el que el trono de San Pedro permaneci\u00f3 vacante debido a la divisi\u00f3n que se produjo durante el c\u00f3nclave celebrado en <em>Carpentras, <\/em>en la regi\u00f3n de Provenza-Alpes-Costa Azul, entre italianos, franceses y gascones. <strong><em>Felipe V el Largo<\/em><\/strong> acab\u00f3 con esta situaci\u00f3n, <strong><em>ordenando<\/em> <\/strong>un c\u00f3nclave en <em>Lyon<\/em>, con 23 cardenales, a los que mand\u00f3 encerrar hasta que eligieran un papa -de su gusto naturalmente-, siendo elegido de forma inmediata Jacques Du\u00e8ze que fue consagrado papa el 5 de septiembre de 1316 como <strong><em>Juan XXII<\/em><\/strong><em>,<\/em> fijando la residencia papal en Avi\u00f1\u00f3n, debido a la violenta agitaci\u00f3n que viv\u00eda Italia, los disturbios constantes del pueblo romano, y sobre todo por la instrucci\u00f3n del rey franc\u00e9s.<\/p>\n<p style=\"text-align: justify;\"><strong><em>Adapt\u00f3<\/em><\/strong> el palacio episcopal adjunto a la catedral, y lo convirti\u00f3 en el primer palacio pontificio capaz de acoger al gobierno de la iglesia. Tambi\u00e9n contribuyeron a esta decisi\u00f3n, las continuas mudanzas de Clemente V, que no fueron del gusto del rey franc\u00e9s ni de la curia, puesto que la administraci\u00f3n de la Iglesia requer\u00eda una sede fija. Avi\u00f1\u00f3n se encontraba en una posici\u00f3n central entre las dos fuerzas pol\u00edticas de la Europa del siglo XIV, y fue Juan XXII quien escogi\u00f3 la ciudad como su sede permanente.<\/p>\n<p style=\"text-align: justify;\">Los papas en esa \u00e9poca m\u00e1s que en ninguna, intentaban imponer SU equilibrio pol\u00edtico para Europa, regulando entre otras cosas, la necesidad de la CONFIRMACI\u00d3N Y EL VISTO BUENO PAPAL, mediante la coronaci\u00f3n realizada por el Santo Padre, para que fuera efectiva la elecci\u00f3n de Emperador del Sacro Imperio Romano Germ\u00e1nico.<\/p>\n<p style=\"text-align: justify;\">En 1314 se produjo la elecci\u00f3n al trono de Alemania, disputado entre <strong><em>Luis, duque de Baviera<\/em><\/strong> y <strong><em>Federico, duque de Austria<\/em><\/strong>. Juan XXII decidi\u00f3 nombrarse regente del trono alem\u00e1n hasta que se aclarara la situaci\u00f3n. Ocho a\u00f1os m\u00e1s tarde venci\u00f3 el de Baviera &#8211;<strong><em>Luis IV<\/em><\/strong>&#8211; en la batalla de M\u00fchldorf, renunciando Federico al trono.<\/p>\n<p style=\"text-align: justify;\">Juan XXII, se neg\u00f3 a reconocer a Luis como rey \u2013no era su candidato- alegando que \u00e9ste hab\u00eda asumido el t\u00edtulo sin su confirmaci\u00f3n, neg\u00e1ndose a coronarlo como emperador del Sacro Imperio, procediendo a su excomuni\u00f3n en 1324 por razones varias, entre ellas, la de herej\u00eda, que era muy recurrente.<\/p>\n<p style=\"text-align: justify;\">Continuaba la controversia filos\u00f3fica de si la Iglesia deb\u00eda someterse al Estado o al contrario. <em>Marsilio de Padua <\/em>escribi\u00f3 <strong><em>Defensor pacis, <\/em><\/strong>a favor del poder temporal del emperador, defendiendo tambi\u00e9n el concepto de que las ideas promulgadas en los concilios de obispos, deber\u00edan prevalecer sobre las del papa. Juan XXII anatematiz\u00f3 la obra con su bula <strong><em>Licet iuxta doctrinam.<\/em><\/strong><\/p>\n<p style=\"text-align: justify;\"><strong><em>Luis IV de Baviera<\/em><\/strong> respondi\u00f3 invadiendo Italia y ocupando Roma. Se\u00a0 hizo proclamar emperador en esa ciudad en enero de 1328, en la bas\u00edlica de San Pedro, siendo coronado por <strong><em>Sciarra Colonna<\/em><\/strong> -el que mat\u00f3 de una bofetada a Bonifacio VIII en Anagni-, prefecto de la ciudad. Tras la coronaci\u00f3n, <strong><em>el emperador <\/em><\/strong><strong><em>depuso al papa<\/em><\/strong>, acus\u00e1ndolo de herej\u00eda, proclamando como nuevo papa al franciscano italiano <strong><em>Pedro de Corvara<\/em><\/strong>, quien tom\u00f3 el nombre de <strong><em>Nicol\u00e1s V<\/em><\/strong>, <span style=\"color: #ff0000;\"><strong><em>primer antipapa<\/em><\/strong> <strong><em>de la historia<\/em><\/strong><\/span>. Juan XXII en respuesta, excomulg\u00f3 a la ciudad de Roma.<\/p>\n<p style=\"text-align: justify;\">El pueblo romano, agobiado por la ocupaci\u00f3n militar de su ciudad por las tropas del de Baviera y por la excomuni\u00f3n de la ciudad, se sublev\u00f3 y oblig\u00f3 a Luis a abandonar Roma en agosto de 1328. <span style=\"color: #ff0000;\"><strong><em>El cisma en el seno de la Iglesia fue corto, ya que el antipapa Nicol\u00e1s V renunci\u00f3 dos a\u00f1os m\u00e1s tarde de su nombramiento y se someti\u00f3 a Juan XXII.<\/em><\/strong><\/span><\/p>\n<p style=\"text-align: justify;\">Durante el pontificado de <em><strong>Juan XXII <\/strong><\/em>se produjeron dos asuntos graves, uno de r\u00e9gimen interior y otro de orden teol\u00f3gico.<\/p>\n<p style=\"text-align: justify;\"><strong><em>Los franciscanos<\/em><\/strong> desde el siglo anterior, se hab\u00edan dividido en dos facciones fuertemente enfrentadas: los <strong><em>conventuales<\/em><\/strong> y los <strong><em>espirituales<\/em><\/strong>, facci\u00f3n radical, esta \u00faltima, que defend\u00eda el ideal de pobreza absoluta, alegando que Jes\u00fas y sus disc\u00edpulos carec\u00edan de posesiones terrenales. Juan XXII en octubre de 1317, por medio de la bula\u00a0<em><strong>Ouorumdam exigit<\/strong>,<\/em>\u00a0orden\u00f3 que los llamados <strong><em>espirituales<\/em><\/strong>, que hab\u00edan iniciado formas de vida erem\u00edtica, se sometieran a la obediencia de los superiores de su orden. \u00c9stos, hicieron caso omiso y el papa public\u00f3 la bula <strong><em>Gloriosam Ecclesiam<\/em><\/strong> condenando la actitud de los <em>espirituales,<\/em> calific\u00e1ndola de her\u00e9tica, citando al Superior de esta facci\u00f3n de la Orden a comparecer en Avi\u00f1\u00f3n. <em>Miguel de Cesena<\/em> se neg\u00f3, buscando la protecci\u00f3n de Lu\u00eds IV de Baviera, por lo que el papa procedi\u00f3 a su excomuni\u00f3n, expuls\u00e1ndole de la Orden.<\/p>\n<p style=\"text-align: justify;\">El asunto teol\u00f3gico de <em>mayor<\/em> calado del pontificado de Juan XXII fue el de la <strong><em>doctrina de la visi\u00f3n beatifica<\/em><\/strong>.<\/p>\n<p style=\"text-align: justify;\">Seg\u00fan la doctrina cat\u00f3lica hasta entonces, aquellos que mor\u00edan en estado de gracia, ve\u00edan a Dios desde su muerte a la espera del Juicio Final. Sin embargo Juan XXII hab\u00eda escrito -antes de ser papa- un tratado en el que declar\u00f3 que las almas de los justos no ver\u00edan a Dios sino hasta despu\u00e9s del Juicio Final. Encontr\u00f3 gran oposici\u00f3n de muchos te\u00f3logos, consider\u00e1ndose ese punto de vista her\u00e9tico por parte de las universidades importantes, y una parte sustancial de la propia Iglesia.<\/p>\n<p style=\"text-align: justify;\">El emperador Luis, pidi\u00f3 la convocatoria de un concilio universal para condenar al papa por hereje y elegir un sucesor. Tambi\u00e9n, fue uno de los motivos aducidos por el emperador, tras su coronaci\u00f3n en Roma, para deponer al papa y forzar la elecci\u00f3n del antipapa Nicol\u00e1s V.<\/p>\n<p style=\"text-align: justify;\">El papa se defendi\u00f3 de esta acusaci\u00f3n, manifestando que la Iglesia no ten\u00eda una doctrina oficial sobre este punto y que adem\u00e1s, su teor\u00eda no hab\u00eda sido expuesta <strong><em>ex cathedra<\/em><\/strong>, lo que le permit\u00eda retractarse.<\/p>\n<p style=\"text-align: justify;\">Juan XXII cre\u00f3 el Tribunal de la Sagrada Rota Romana en 1331, falleciendo en diciembre de 1334, despu\u00e9s de dieciocho a\u00f1os de pontificado, siendo sepultado en la catedral <strong><em>N\u00f4tre Dame des Doms de Avi\u00f1\u00f3n<\/em><\/strong>.<\/p>\n<figure id=\"attachment_9662\" aria-describedby=\"caption-attachment-9662\" style=\"width: 526px\" class=\"wp-caption aligncenter\"><img loading=\"lazy\" decoding=\"async\" class=\" wp-image-9662\" src=\"http:\/\/loscordonesquemeatocadadia.com\/es\/wp-content\/uploads\/2020\/08\/36866521-catedral-de-notre-dame-des-doms-de-avinon-francia-300x207.jpg\" alt=\"\" width=\"526\" height=\"363\" srcset=\"https:\/\/loscordonesquemeatocadadia.com\/es\/wp-content\/uploads\/2020\/08\/36866521-catedral-de-notre-dame-des-doms-de-avinon-francia-300x207.jpg 300w, https:\/\/loscordonesquemeatocadadia.com\/es\/wp-content\/uploads\/2020\/08\/36866521-catedral-de-notre-dame-des-doms-de-avinon-francia-1024x705.jpg 1024w, https:\/\/loscordonesquemeatocadadia.com\/es\/wp-content\/uploads\/2020\/08\/36866521-catedral-de-notre-dame-des-doms-de-avinon-francia-768x529.jpg 768w, https:\/\/loscordonesquemeatocadadia.com\/es\/wp-content\/uploads\/2020\/08\/36866521-catedral-de-notre-dame-des-doms-de-avinon-francia.jpg 1300w\" sizes=\"auto, (max-width: 526px) 100vw, 526px\" \/><figcaption id=\"caption-attachment-9662\" class=\"wp-caption-text\"><strong><em>\u00a0 \u00a0 \u00a0 Catedral Notre-Dame des Doms of Avignon.<\/em><\/strong><\/figcaption><\/figure>\n<p><img loading=\"lazy\" decoding=\"async\" class=\"alignnone wp-image-9658 aligncenter\" src=\"http:\/\/loscordonesquemeatocadadia.com\/es\/wp-content\/uploads\/2020\/08\/330px-Tombeau_de_Jean_XXII-200x300.jpg\" alt=\"\" width=\"382\" height=\"573\" srcset=\"https:\/\/loscordonesquemeatocadadia.com\/es\/wp-content\/uploads\/2020\/08\/330px-Tombeau_de_Jean_XXII-200x300.jpg 200w, https:\/\/loscordonesquemeatocadadia.com\/es\/wp-content\/uploads\/2020\/08\/330px-Tombeau_de_Jean_XXII.jpg 330w\" sizes=\"auto, (max-width: 382px) 100vw, 382px\" \/><\/p>\n<p style=\"text-align: center;\"><em><strong>Tumba de Juan XXII.<\/strong><\/em><\/p>\n<p style=\"text-align: justify;\">El <span style=\"color: #ff0000;\"><strong><em>tercer papa de Avi\u00f1\u00f3n<\/em><\/strong><\/span> y 197 de la Iglesia\u00a0 cat\u00f3lica fue <strong><em><span style=\"color: #ff0000;\">BENEDICTO XII<\/span>,<\/em><\/strong> que ejerci\u00f3 el papado durante ocho a\u00f1os (1134-1342), siendo rey de Francia durante todo su pontificado <strong><em>Felipe VI el Encontrado<\/em><\/strong> de la Casa de Valois.<\/p>\n<p style=\"text-align: center;\"><img loading=\"lazy\" decoding=\"async\" class=\"alignnone wp-image-9651\" src=\"http:\/\/loscordonesquemeatocadadia.com\/es\/wp-content\/uploads\/2020\/08\/felipe-VI-219x300.jpg\" alt=\"\" width=\"432\" height=\"592\" srcset=\"https:\/\/loscordonesquemeatocadadia.com\/es\/wp-content\/uploads\/2020\/08\/felipe-VI-219x300.jpg 219w, https:\/\/loscordonesquemeatocadadia.com\/es\/wp-content\/uploads\/2020\/08\/felipe-VI.jpg 295w\" sizes=\"auto, (max-width: 432px) 100vw, 432px\" \/><\/p>\n<p style=\"text-align: center;\"><em><strong>Felipe VI el Encontrado.<\/strong><\/em><\/p>\n<p style=\"text-align: justify;\">Naci\u00f3 <em>Jacques Fournier<\/em>, en una modesta familia, ingresando de monje cisterciense en el monasterio de Boulbonn, marchando despu\u00e9s a la abad\u00eda de Fontfroide desde donde fue enviado a estudiar teolog\u00eda a Par\u00eds.<\/p>\n<p style=\"text-align: justify;\">Fue abad en Fontfroide, en donde fue nombrado obispo de Pamiers, cargo desde el que combati\u00f3 a los herejes c\u00e1taros, formando parte de la Inquisici\u00f3n, aunque de forma moderada.<\/p>\n<p style=\"text-align: justify;\">Nueve a\u00f1os m\u00e1s tarde fue nombrado obispo de Mirepoix,\u00a0 y un a\u00f1o despu\u00e9s -1927- cardenal, por el Papa Juan XXII, recibiendo el apodo de <strong><em>El cardenal blanco<\/em><\/strong> por continuar usando el h\u00e1bito de la orden cisterciense.<\/p>\n<p style=\"text-align: justify;\">Al ser elegido, y antes de su consagraci\u00f3n en diciembre de 1334, se dirigi\u00f3 al c\u00f3nclave y dijo: <strong><em>han elegido a un asno.<\/em><\/strong> Fue coronado el 8 de enero de 1335 y si fuera verdad <strong><em>lo de que\u200b el que mejor se conoce es uno mismo<\/em><\/strong>, los cardenales quedar\u00edan muy preocupados tras la elecci\u00f3n.<\/p>\n<p style=\"text-align: justify;\">Al comienzo de su pontificado intent\u00f3 fijar su sede en Roma, encontrando la oposici\u00f3n del rey de Francia que lo impidi\u00f3 por todos los medios. Tambi\u00e9n su papel de mediador entre el rey de Francia y el rey de Inglaterra, antes del inicio de la Guerra de los Cien A\u00f1os (1137-1453), recomendaba su permanencia en Avi\u00f1\u00f3n.<\/p>\n<p style=\"text-align: center;\"><img loading=\"lazy\" decoding=\"async\" class=\"alignnone wp-image-9656\" src=\"http:\/\/loscordonesquemeatocadadia.com\/es\/wp-content\/uploads\/2020\/08\/330px-Papa_Benedictus_Duodecimus-235x300.jpg\" alt=\"\" width=\"378\" height=\"483\" srcset=\"https:\/\/loscordonesquemeatocadadia.com\/es\/wp-content\/uploads\/2020\/08\/330px-Papa_Benedictus_Duodecimus-235x300.jpg 235w, https:\/\/loscordonesquemeatocadadia.com\/es\/wp-content\/uploads\/2020\/08\/330px-Papa_Benedictus_Duodecimus.jpg 330w\" sizes=\"auto, (max-width: 378px) 100vw, 378px\" \/><\/p>\n<p style=\"text-align: center;\"><em><strong>Benedicto XII.<\/strong><\/em><\/p>\n<p style=\"text-align: justify;\">Aconsejado as\u00ed tambi\u00e9n por sus cardenales, decidi\u00f3 quedarse en Avi\u00f1\u00f3n. Continu\u00f3 la reorganizaci\u00f3n de la corte pontificia comenzada por Juan XXII, aumentando los ingresos de la Iglesia, lo que le permiti\u00f3 construir un palacio para los papas &#8211;<strong><em>El palacio de los papas de Avi\u00f1\u00f3n-, <\/em><\/strong>espl\u00e9ndido, que pudo ser adaptado a las necesidades del gobierno centralizado de la misma, permitiendo llevarse de Roma los archivos de la Santa Sede.<\/p>\n<p style=\"text-align: center;\"><img loading=\"lazy\" decoding=\"async\" class=\"alignnone wp-image-9661\" src=\"http:\/\/loscordonesquemeatocadadia.com\/es\/wp-content\/uploads\/2020\/08\/6064_370x246_palace-of-the-popes-300x195.jpg\" alt=\"\" width=\"612\" height=\"397\" srcset=\"https:\/\/loscordonesquemeatocadadia.com\/es\/wp-content\/uploads\/2020\/08\/6064_370x246_palace-of-the-popes-300x195.jpg 300w, https:\/\/loscordonesquemeatocadadia.com\/es\/wp-content\/uploads\/2020\/08\/6064_370x246_palace-of-the-popes.jpg 370w\" sizes=\"auto, (max-width: 612px) 100vw, 612px\" \/><\/p>\n<p style=\"text-align: center;\"><em><strong>Palacio de los papas de Avi\u00f1\u00f3n.<\/strong><\/em><\/p>\n<p style=\"text-align: justify;\"><strong><em>Benedicto XII<\/em><\/strong> fue un papa so\u00adbrio, y evit\u00f3 sucumbir al lujo y a la pr\u00e1ctica del nepotismo, condenando con fuerza la <strong><em>simon\u00eda<\/em><\/strong>. Su objetivo fue reorganizar las \u00f3rde\u00adnes religiosas, buscar la paz entre los reinos cristianos y eliminar los abusos de cualquier \u00edndole.<\/p>\n<p style=\"text-align: justify;\">El problema pol\u00edtico durante su pontificado, y debido a su sumisi\u00f3n a <strong><em>Felipe VI de Francia<\/em><\/strong> y a <em><strong>Roberto<\/strong><\/em><strong>\u00a0I<em> de Anjou-Sicilia el Prudente<\/em><\/strong><strong><em> de N\u00e1poles, <\/em><\/strong>fue la prolongaci\u00f3n de los desencuentros habidos entre Juan XXII y Luis IV de Baviera. Parec\u00eda que este pontificado pondr\u00eda fin a la antigua disputa, pero no fue as\u00ed. Los obispos alemanes firmaron una carta pidiendo la reconciliaci\u00f3n, sin embargo, los pr\u00edncipes electores juraron una liga perpetua en defensa de los derechos y el honor del Imperio, y el 16 de julio de 1338, proclamaron en <strong><em>RENSE, <\/em><\/strong>la <strong><em>NO<\/em><\/strong> necesidad de que el emperador fuera confirmado ni bendecido por el papa para poder gobernar en los territorios del Sacro Imperio.<\/p>\n<p style=\"text-align: justify;\">La situaci\u00f3n se agrav\u00f3, cuando el emperador Luis, pretendiendo casar a su hijo Luis con su prima Margarita, ya casada con Juan Enrique de Bohemia, anul\u00f3 por propia autoridad, el matrimonio anterior de \u00e9sta con su marido, atentando directamente contra un derecho exclusivo del Papa, ya que s\u00f3lo el pont\u00edfice romano pod\u00eda disolver un matrimonio.<\/p>\n<p style=\"text-align: justify;\">Promulg\u00f3 la bula <strong><em>Benedictus Deis <\/em><\/strong>en 1336<strong><em>,<\/em><\/strong> por la que cerr\u00f3 la visi\u00f3n dual que exist\u00eda en el seno de la Iglesia, y que dej\u00f3 sin resolver Juan XXII, sobre la<strong><em> visi\u00f3n beat\u00edfica.<\/em><\/strong> A partir de ah\u00ed qued\u00f3 claro, que los justos, <strong><em>DESDE <\/em><em>su muerte, podr\u00e1n disfrutar de la visi\u00f3n de Dios hasta el Juicio Final.\u00a0 <\/em><\/strong>En fin&#8230; no comments&#8230;<\/p>\n<p style=\"text-align: center;\"><img loading=\"lazy\" decoding=\"async\" class=\"alignnone wp-image-9657\" src=\"http:\/\/loscordonesquemeatocadadia.com\/es\/wp-content\/uploads\/2020\/08\/330px-Tomb_of_Benedict_XII_Cathedrale_de_Notre-Dame-des-Doms_Avignon-300x227.jpg\" alt=\"\" width=\"350\" height=\"265\" srcset=\"https:\/\/loscordonesquemeatocadadia.com\/es\/wp-content\/uploads\/2020\/08\/330px-Tomb_of_Benedict_XII_Cathedrale_de_Notre-Dame-des-Doms_Avignon-300x227.jpg 300w, https:\/\/loscordonesquemeatocadadia.com\/es\/wp-content\/uploads\/2020\/08\/330px-Tomb_of_Benedict_XII_Cathedrale_de_Notre-Dame-des-Doms_Avignon.jpg 330w\" sizes=\"auto, (max-width: 350px) 100vw, 350px\" \/><\/p>\n<p style=\"text-align: center;\"><em><strong>Tumba de Benedicto XII en la Catedral N\u00f4tre-Dame des Doms of Avignon.<\/strong><\/em><\/p>\n<p style=\"text-align: justify;\">El Papa Benedicto XII falleci\u00f3 en Avi\u00f1\u00f3n el 25 de abril de 1342, siendo enterrado al igual que su antecesor\u00a0 en la catedral de N\u00f4tre Dame des Doms de esa ciudad..<\/p>\n<p style=\"text-align: justify;\">*<strong><em>La\u00a0visi\u00f3n beat\u00edfica<\/em><\/strong>\u00a0es, dentro de la concepci\u00f3n doctrinal de la m\u00edstica cristiana, un privilegio divino que consiste en el conocimiento inmediato de Dios. Este privilegio lo tienen todas las jerarqu\u00edas ang\u00e9licas y las almas de los justos, es decir de los que mueren en gracia de Dios.<\/p>\n<p><em><strong>M\u00fasica: <\/strong><\/em><em><strong>J. Pachelbel. Canon in D Major.<\/strong><\/em><\/p>\n<p style=\"text-align: center;\"><em><strong>To be continued in part 6.<\/strong><\/em><\/p>\n","protected":false},"excerpt":{"rendered":"<p>El segundo papa que ocup\u00f3 la sede de Avi\u00f1\u00f3n fue Juan XXII, que sobrevivi\u00f3 a los cuatro reyes malditos restantes, tres hijos, y un nieto de Felipe IV el Hermoso, Lu\u00eds X el Obstinado, Juan I el P\u00f3stumo\u00a0 -nieto que vivi\u00f3 4 d\u00edas-, Felipe V el Largo y Carlos IV el Hermoso, conviviendo tambi\u00e9n con [&hellip;]<\/p>\n","protected":false},"author":2,"featured_media":9650,"comment_status":"open","ping_status":"closed","sticky":false,"template":"","format":"standard","meta":{"_mo_disable_npp":"","om_disable_all_campaigns":false,"_monsterinsights_skip_tracking":false,"_monsterinsights_sitenote_active":false,"_monsterinsights_sitenote_note":"","_monsterinsights_sitenote_category":0,"_uf_show_specific_survey":0,"_uf_disable_surveys":false,"footnotes":""},"categories":[22,1332],"tags":[1563,1288,1561,1564,1566,1565],"class_list":["post-9642","post","type-post","status-publish","format-standard","has-post-thumbnail","hentry","category-historia","category-religion","tag-benedicto-xii","tag-felipe-vi-el-encontrado-de-francia","tag-juan-xxii","tag-luis-iv-de-baviera","tag-roberto-i-de-anjou-sicilia-el-prudente-de-napoles","tag-vision-beatifica"],"aioseo_notices":[],"post_mailing_queue_ids":[],"_links":{"self":[{"href":"https:\/\/loscordonesquemeatocadadia.com\/es\/wp-json\/wp\/v2\/posts\/9642","targetHints":{"allow":["GET"]}}],"collection":[{"href":"https:\/\/loscordonesquemeatocadadia.com\/es\/wp-json\/wp\/v2\/posts"}],"about":[{"href":"https:\/\/loscordonesquemeatocadadia.com\/es\/wp-json\/wp\/v2\/types\/post"}],"author":[{"embeddable":true,"href":"https:\/\/loscordonesquemeatocadadia.com\/es\/wp-json\/wp\/v2\/users\/2"}],"replies":[{"embeddable":true,"href":"https:\/\/loscordonesquemeatocadadia.com\/es\/wp-json\/wp\/v2\/comments?post=9642"}],"version-history":[{"count":11,"href":"https:\/\/loscordonesquemeatocadadia.com\/es\/wp-json\/wp\/v2\/posts\/9642\/revisions"}],"predecessor-version":[{"id":12665,"href":"https:\/\/loscordonesquemeatocadadia.com\/es\/wp-json\/wp\/v2\/posts\/9642\/revisions\/12665"}],"wp:featuredmedia":[{"embeddable":true,"href":"https:\/\/loscordonesquemeatocadadia.com\/es\/wp-json\/wp\/v2\/media\/9650"}],"wp:attachment":[{"href":"https:\/\/loscordonesquemeatocadadia.com\/es\/wp-json\/wp\/v2\/media?parent=9642"}],"wp:term":[{"taxonomy":"category","embeddable":true,"href":"https:\/\/loscordonesquemeatocadadia.com\/es\/wp-json\/wp\/v2\/categories?post=9642"},{"taxonomy":"post_tag","embeddable":true,"href":"https:\/\/loscordonesquemeatocadadia.com\/es\/wp-json\/wp\/v2\/tags?post=9642"}],"curies":[{"name":"wp","href":"https:\/\/api.w.org\/{rel}","templated":true}]}}