{"id":9665,"date":"2021-12-04T09:00:27","date_gmt":"2021-12-04T08:00:27","guid":{"rendered":"http:\/\/loscordonesquemeatocadadia.com\/es\/?p=9665"},"modified":"2021-11-28T13:25:41","modified_gmt":"2021-11-28T12:25:41","slug":"los-papas-de-avinon-clemente-vi-e-inocencio-vi-parte-6","status":"publish","type":"post","link":"https:\/\/loscordonesquemeatocadadia.com\/es\/2021\/12\/04\/los-papas-de-avinon-clemente-vi-e-inocencio-vi-parte-6\/","title":{"rendered":"LOS PAPAS DE AVI\u00d1\u00d3N. CLEMENTE VI E INOCENCIO VI. PARTE 6."},"content":{"rendered":"<audio class=\"wp-audio-shortcode\" id=\"audio-9665-1\" loop autoplay preload=\"auto\" style=\"width: 100%;\" controls=\"controls\"><source type=\"audio\/mpeg\" src=\"http:\/\/loscordonesquemeatocadadia.com\/es\/wp-content\/uploads\/2020\/08\/Pachelbel-Canon-Stringspace-String-Quartet1.mp3?_=1\" \/><a href=\"http:\/\/loscordonesquemeatocadadia.com\/es\/wp-content\/uploads\/2020\/08\/Pachelbel-Canon-Stringspace-String-Quartet1.mp3\">http:\/\/loscordonesquemeatocadadia.com\/es\/wp-content\/uploads\/2020\/08\/Pachelbel-Canon-Stringspace-String-Quartet1.mp3<\/a><\/audio>\n<p style=\"text-align: justify;\"><span style=\"color: #ff0000;\"><strong><em>CLEMENTE VI<\/em><\/strong><strong>, el <em>cuarto<\/em><\/strong><\/span> papa de Avi\u00f1\u00f3n, de nombre Pierre <strong>Roger<\/strong> <strong>de Beaumont<\/strong>, fue hijo del caballero franc\u00e9s Guillermo Roger y de Guillermina de la Monstre. En 1302, Pierre Roger ingres\u00f3 en el monasterio benedictino de Chaise-Dieu a los 11 a\u00f1os, y cinco m\u00e1s tarde, en 1307, march\u00f3 a Par\u00eds a estudiar Teolog\u00eda. Tras diecis\u00e9is a\u00f1os de formaci\u00f3n, en 1323, obtuvo el t\u00edtulo de maestro de Teolog\u00eda convirti\u00e9ndose en un famoso predicador.<!--more--><\/p>\n<p style=\"text-align: justify;\">En 1326 fue nombrado abad de F\u00e9camp. Dos a\u00f1os m\u00e1s tarde obispo, en 1328 arzobispo de Sens y en 1338, cardenal. Fue elegido papa en mayo de 1342 tomando el nombre de <em><strong>Clemente VI<\/strong><\/em>, desarrollando el ejercicio del papado hasta 1352. Convivi\u00f3 con <strong><em>Felipe VI<\/em><\/strong> <strong><em>el Encontrado<\/em><\/strong> que muri\u00f3 en 1350 y con <strong><em>Juan II el Bueno<\/em><\/strong> durante dos a\u00f1os hasta su muerte.<\/p>\n<p style=\"text-align: center;\"><img loading=\"lazy\" decoding=\"async\" class=\"alignnone wp-image-9670\" src=\"http:\/\/loscordonesquemeatocadadia.com\/es\/wp-content\/uploads\/2020\/08\/Papa_Clemens_Sextus-261x300.jpg\" alt=\"\" width=\"441\" height=\"507\" srcset=\"https:\/\/loscordonesquemeatocadadia.com\/es\/wp-content\/uploads\/2020\/08\/Papa_Clemens_Sextus-261x300.jpg 261w, https:\/\/loscordonesquemeatocadadia.com\/es\/wp-content\/uploads\/2020\/08\/Papa_Clemens_Sextus.jpg 489w\" sizes=\"auto, (max-width: 441px) 100vw, 441px\" \/><\/p>\n<p style=\"text-align: center;\"><em><strong>Clemente VI.<\/strong><\/em><\/p>\n<p style=\"text-align: justify;\">Estuvo totalmente sometido a la monarqu\u00eda francesa, llegando a ser embajador de Felipe VI ante el rey de Inglaterra.<\/p>\n<p style=\"text-align: justify;\">Su pontificado se caracteriz\u00f3 por el <em>nepotismo<\/em> -la mayor\u00eda de los cardenales que nombr\u00f3 eran parientes suyos-, y por la <em><strong>simon\u00eda<\/strong><\/em>, derivada de la venta de bienes espirituales para poder financiar su afici\u00f3n por el lujo y por el mecenazgo de las artes, contando entre sus protegidos a <strong><em>Petrarca<\/em><\/strong>.<\/p>\n<p style=\"text-align: center;\"><img loading=\"lazy\" decoding=\"async\" class=\"alignnone size-medium wp-image-9671\" src=\"http:\/\/loscordonesquemeatocadadia.com\/es\/wp-content\/uploads\/2020\/08\/patio-de-honor-del-palacio-con-la-ventana-de-las-indulgencias-en-la-esquina-300x225.jpg\" alt=\"\" width=\"300\" height=\"225\" srcset=\"https:\/\/loscordonesquemeatocadadia.com\/es\/wp-content\/uploads\/2020\/08\/patio-de-honor-del-palacio-con-la-ventana-de-las-indulgencias-en-la-esquina-300x225.jpg 300w, https:\/\/loscordonesquemeatocadadia.com\/es\/wp-content\/uploads\/2020\/08\/patio-de-honor-del-palacio-con-la-ventana-de-las-indulgencias-en-la-esquina.jpg 600w\" sizes=\"auto, (max-width: 300px) 100vw, 300px\" \/><\/p>\n<p style=\"text-align: center;\"><em><strong>Patio de honor del palacio de los papas y ventana en la esquina desde donde se vend\u00edan las indulgencias.<\/strong><\/em><\/p>\n<p style=\"text-align: justify;\">Clemente VI despilfarr\u00f3 una fortuna y transform\u00f3 el palacio papal en un magn\u00edfico y sun\u00adtuoso edificio g\u00f3tico por el que desfilaron los mejores artistas del momento, llegando a ser la corte m\u00e1s fastuosa de Europa, dejando atr\u00e1s la sobriedad de su predecesor. Era visitado por los hombres principales de las cortes europeas y se rode\u00f3 de los artistas de mayor renombre, siendo necesario ampliar el palacio papal \u00a0para poder acoger a tan numerosos visitantes y artistas. Clemente no se movi\u00f3 nunca de Avi\u00f1\u00f3n.<\/p>\n<p style=\"text-align: center;\"><img loading=\"lazy\" decoding=\"async\" class=\"alignnone wp-image-9669\" src=\"http:\/\/loscordonesquemeatocadadia.com\/es\/wp-content\/uploads\/2020\/08\/palacio-de-los-papas-desde-la-torre-de-Felipe-IV-el-hermoso-300x180.jpg\" alt=\"\" width=\"435\" height=\"261\" srcset=\"https:\/\/loscordonesquemeatocadadia.com\/es\/wp-content\/uploads\/2020\/08\/palacio-de-los-papas-desde-la-torre-de-Felipe-IV-el-hermoso-300x180.jpg 300w, https:\/\/loscordonesquemeatocadadia.com\/es\/wp-content\/uploads\/2020\/08\/palacio-de-los-papas-desde-la-torre-de-Felipe-IV-el-hermoso-768x460.jpg 768w, https:\/\/loscordonesquemeatocadadia.com\/es\/wp-content\/uploads\/2020\/08\/palacio-de-los-papas-desde-la-torre-de-Felipe-IV-el-hermoso.jpg 800w\" sizes=\"auto, (max-width: 435px) 100vw, 435px\" \/><\/p>\n<p style=\"text-align: center;\"><em><strong>Palacio de los papas visto desde la torre de Felipe IV.<\/strong><\/em><\/p>\n<p style=\"text-align: justify;\">Compr\u00f3 la soberan\u00eda de Avi\u00f1\u00f3n y la Provenza a Juana I de N\u00e1poles en 1348, declar\u00e1ndola en esa \u00e9poca y quiz\u00e1 en agradecimiento, inocente de complicidad en el asesinato de su marido, del que estaba acusada; la compra cost\u00f3 a Clemente 80.000 florines y el perd\u00f3n de alg\u00fan pecadillo, asegurando as\u00ed una m\u00e1s prolongada permanencia de la sede papal en Avi\u00f1\u00f3n.<\/p>\n<p style=\"text-align: justify;\">Durante su pontificado tuvo lugar la pandemia de la <strong><em>peste negra<\/em><\/strong> entre 1347 y 1353, que se llev\u00f3 por delante en Eurasia a m\u00e1s de 25.000.000 de personas -m\u00e1s de un 30 % de su poblaci\u00f3n-.<\/p>\n<p style=\"text-align: center;\"><img loading=\"lazy\" decoding=\"async\" class=\"alignnone wp-image-9679\" src=\"http:\/\/loscordonesquemeatocadadia.com\/es\/wp-content\/uploads\/2020\/08\/bubones-en-axilas-ingles-y-orejas-245x300.jpg\" alt=\"\" width=\"338\" height=\"414\" srcset=\"https:\/\/loscordonesquemeatocadadia.com\/es\/wp-content\/uploads\/2020\/08\/bubones-en-axilas-ingles-y-orejas-245x300.jpg 245w, https:\/\/loscordonesquemeatocadadia.com\/es\/wp-content\/uploads\/2020\/08\/bubones-en-axilas-ingles-y-orejas-768x940.jpg 768w, https:\/\/loscordonesquemeatocadadia.com\/es\/wp-content\/uploads\/2020\/08\/bubones-en-axilas-ingles-y-orejas.jpg 800w\" sizes=\"auto, (max-width: 338px) 100vw, 338px\" \/><\/p>\n<p style=\"text-align: center;\"><em><strong>Examen de bubones producidos por la peste negra.<\/strong><\/em><\/p>\n<p style=\"text-align: justify;\">La pandemia tuvo su origen al parecer en las estepas de Asia central, siendo llevada por los ej\u00e9rcitos mongoles al oeste de las tierras asi\u00e1ticas. El contacto con Europa tuvo lugar en la colonia genovesa de Caffa, ciudad que fue asediada por los soldados mongoles, los que durante el asedio catapultaban cad\u00e1veres infectados, lo que hizo que la enfermedad se propagara con gran velocidad en la ciudad.<\/p>\n<p style=\"text-align: justify;\">En 1347 algunos ciudadanos de Caffa huyendo del asedio, marcharon a las ciudades de Messina, Venecia y G\u00e9nova, portando con ellos la peste, irradi\u00e1ndose desde esas ciudades a toda Europa.<\/p>\n<p style=\"text-align: center;\"><img loading=\"lazy\" decoding=\"async\" class=\"alignnone size-medium wp-image-9683\" src=\"http:\/\/loscordonesquemeatocadadia.com\/es\/wp-content\/uploads\/2020\/08\/medico-durante-la-peste-negra-218x300.png\" alt=\"\" width=\"218\" height=\"300\" srcset=\"https:\/\/loscordonesquemeatocadadia.com\/es\/wp-content\/uploads\/2020\/08\/medico-durante-la-peste-negra-218x300.png 218w, https:\/\/loscordonesquemeatocadadia.com\/es\/wp-content\/uploads\/2020\/08\/medico-durante-la-peste-negra-744x1024.png 744w, https:\/\/loscordonesquemeatocadadia.com\/es\/wp-content\/uploads\/2020\/08\/medico-durante-la-peste-negra-768x1057.png 768w, https:\/\/loscordonesquemeatocadadia.com\/es\/wp-content\/uploads\/2020\/08\/medico-durante-la-peste-negra.png 850w\" sizes=\"auto, (max-width: 218px) 100vw, 218px\" \/><\/p>\n<p style=\"text-align: center;\"><em><strong>M\u00e9dico durante la peste negra.<\/strong><\/em><\/p>\n<p style=\"text-align: justify;\">La aterrada poblaci\u00f3n europea culp\u00f3 de la peste a los jud\u00edos. Clemente VI conden\u00f3 toda violencia contra los jud\u00edos, exculp\u00e1ndoles, ordenando al clero la toma de medidas para la protecci\u00f3n de los injustamente inculpados.<\/p>\n<p style=\"text-align: justify;\">La epidemia de peste trajo consigo el renacer de los <strong><em>Flagelantes<\/em><\/strong>, grupos de laicos que peregrinaban de ciudad en ciudad azot\u00e1ndose. <strong><em>L<\/em><\/strong><strong><em>os Flagelantes<\/em><\/strong> surgieron en la Italia de la Edad Media, defendiendo la idea de que uno pod\u00eda alcanzar la salvaci\u00f3n por m\u00e9ritos propios sin ayuda de la Iglesia. Bastaba participar en procesiones de penitentes para ser absuelto de los pecados. Clemente VI los acus\u00f3 de herejes, conden\u00e1ndoles en 1349.<\/p>\n<p style=\"text-align: center;\"><img loading=\"lazy\" decoding=\"async\" class=\"alignnone size-medium wp-image-9682\" src=\"http:\/\/loscordonesquemeatocadadia.com\/es\/wp-content\/uploads\/2020\/08\/flagelantes-300x241.jpg\" alt=\"\" width=\"300\" height=\"241\" srcset=\"https:\/\/loscordonesquemeatocadadia.com\/es\/wp-content\/uploads\/2020\/08\/flagelantes-300x241.jpg 300w, https:\/\/loscordonesquemeatocadadia.com\/es\/wp-content\/uploads\/2020\/08\/flagelantes-768x616.jpg 768w, https:\/\/loscordonesquemeatocadadia.com\/es\/wp-content\/uploads\/2020\/08\/flagelantes.jpg 850w\" sizes=\"auto, (max-width: 300px) 100vw, 300px\" \/><\/p>\n<p style=\"text-align: center;\"><strong><em>Flagelantes.<\/em><\/strong><\/p>\n<p style=\"text-align: justify;\">En relaci\u00f3n al conflicto alem\u00e1n heredado de sus antecesores, con la bula\u00a0<strong><em>Olim videlicet<\/em><\/strong> de abril de 1344, Clemente VI excomulg\u00f3 al emperador Luis IV de Baviera por anular el matrimonio de la condesa de Tirolo, Margarita Maultasch con el pr\u00edncipe Juan Enrique de Bohemia, para poder casarla con su hijo Luis, marqu\u00e9s de Brandeburgo, sin permiso de su predecesor el papa Benedicto XII, pidiendo adem\u00e1s a los pr\u00edncipes electores que procedieran a una nueva elecci\u00f3n de emperador del Sacro Imperio Romano Germ\u00e1nico, aunque no fue necesario, ya que el Se\u00f1or se llev\u00f3 con \u00c9l a Luis IV en 1347, siendo elegido entonces <strong><em>Carlos IV de Luxemburgo<\/em><\/strong>, del agrado del papa.<\/p>\n<p style=\"text-align: justify;\">Durante su pontificado se publicaron los <strong><em>derechos naturales<\/em><\/strong> del hombre -cristiano o no-: <em>derecho a la vida, a la libertad y a la propiedad<\/em>.<\/p>\n<p style=\"text-align: justify;\">El pont\u00edfice nombr\u00f3 en 1344 a <em>Nicola Gabrini<\/em> &#8211;<strong><em>Cola di Rienzo<\/em><\/strong>-, <em>notario de la C\u00e1mara Apost\u00f3lica <\/em>en Roma, instituci\u00f3n encargada de la administraci\u00f3n financiera de la Santa Sede con competencias legislativa, administrativa y judicial. Inicialmente, gobern\u00f3 con la filosof\u00eda papal, pero a medida que fue creciendo su poder, se desvi\u00f3 de la l\u00ednea de actuaci\u00f3n marcada por el papa que termin\u00f3 ordenando su excomuni\u00f3n y apresamiento.<\/p>\n<p style=\"text-align: justify;\">Al final, tras la muerte de Clemente, fue liberado, y acompa\u00f1ando al cardenal espa\u00f1ol Gil \u00c1lvarez de Albornoz, como legado papal, y a tropas mercenarias, conquist\u00f3 Roma convirti\u00e9ndose\u00a0 en dictador y tirano.<\/p>\n<p style=\"text-align: justify;\">El 6 de diciembre de 1352, muri\u00f3 Clemente VI de un ataque al coraz\u00f3n. Antes de morir, el pont\u00edfice hab\u00eda renovado su deseo de ser enterrado en la Abad\u00eda de San Roberto de la Chaise-Dieu, donde entr\u00f3 con 11 a\u00f1os. En el coro, se construy\u00f3 una tumba suntuosa de m\u00e1rmol blanco, cubierta con una fina capa de oro.<\/p>\n<p style=\"text-align: center;\"><img loading=\"lazy\" decoding=\"async\" class=\"alignnone size-medium wp-image-9678\" src=\"http:\/\/loscordonesquemeatocadadia.com\/es\/wp-content\/uploads\/2020\/08\/800px-Gisant_du_pape_Clement_VI_dans_labbatiale_de_la_Chaise-Dieu-300x200.jpg\" alt=\"\" width=\"300\" height=\"200\" srcset=\"https:\/\/loscordonesquemeatocadadia.com\/es\/wp-content\/uploads\/2020\/08\/800px-Gisant_du_pape_Clement_VI_dans_labbatiale_de_la_Chaise-Dieu-300x200.jpg 300w, https:\/\/loscordonesquemeatocadadia.com\/es\/wp-content\/uploads\/2020\/08\/800px-Gisant_du_pape_Clement_VI_dans_labbatiale_de_la_Chaise-Dieu-768x511.jpg 768w, https:\/\/loscordonesquemeatocadadia.com\/es\/wp-content\/uploads\/2020\/08\/800px-Gisant_du_pape_Clement_VI_dans_labbatiale_de_la_Chaise-Dieu.jpg 800w\" sizes=\"auto, (max-width: 300px) 100vw, 300px\" \/><\/p>\n<p style=\"text-align: center;\"><strong><em>Tumba de Clemente VI en la abad\u00eda de San Roberto de la Chaise-Dieu de Avi\u00f1\u00f3n.<\/em><\/strong><\/p>\n<p style=\"text-align: justify;\"><strong><em><span style=\"color: #ff0000;\">INOCENCIO VI<\/span>,<\/em><\/strong>\u00a0 papa n\u00famero 199 de la Iglesia cat\u00f3lica y <span style=\"color: #ff0000;\"><strong><em>quinto de Avi\u00f1\u00f3n<\/em><\/strong>,<\/span> naci\u00f3 en Beyssac, del departamento de la Corr\u00e8ze en el centro-oeste franc\u00e9s. De nombre <em><strong>\u00c9tienne Aubert <\/strong><\/em>y nacido en familia acomodada, estudi\u00f3 leyes obteniendo el doctorado en Derecho Can\u00f3nico en Toulouse, ense\u00f1ando Derecho Civil en esa universidad, ejerciendo m\u00e1s tarde de abogado en Limoges y de juez en Toulouse.<\/p>\n<p style=\"text-align: justify;\">Entr\u00f3 en la carrera eclesi\u00e1stica de archidi\u00e1cono, siendo designado m\u00e1s tarde prior de Rouvignac, obispo de Noyon con 48 a\u00f1os y de Clermont con 50. Fue consejero del rey Felipe VI El Encontrado, siendo nombrado Par de Francia. En 1342, con 52 a\u00f1os, recibi\u00f3 el capelo como cardenal presb\u00edtero de San Juan y San Pablo, y en 1352, diez a\u00f1os m\u00e1s tarde, fue nombrado cardenal de Ostia y Velletri.<\/p>\n<p style=\"text-align: justify;\">A la muerte de Clemente VI, se reunieron para el c\u00f3nclave en Avi\u00f1\u00f3n 26 cardenales el 16 de diciembre de 1352, c\u00f3nclave que dur\u00f3 s\u00f3lo dos d\u00edas y en el que los cardenales firmaron una <strong><em>capitulaci\u00f3n electoral<\/em><\/strong> -bajo juramento-, que se\u00f1alaba que el que saliera elegido papa, ten\u00eda que ceder ciertos poderes pontificios al colegio cardenalicio. El d\u00eda 18 de diciembre fue elegido <strong><em>\u00c9tienne Aubert<\/em><\/strong>, quien tom\u00f3 el nombre de <strong><em>Inocencio VI <\/em><\/strong>que\u00a0llevaba menos de un a\u00f1o en su cargo de cardenal de Ostia y Velletri. Durante todo su pontificado, rein\u00f3 en Francia <strong><em>Juan II le Bon<\/em><\/strong> (1350-1364).<\/p>\n<p style=\"text-align: center;\"><img loading=\"lazy\" decoding=\"async\" class=\"alignnone wp-image-9685\" src=\"http:\/\/loscordonesquemeatocadadia.com\/es\/wp-content\/uploads\/2020\/08\/300px-Papa_Innocentius_VI-1-243x300.jpg\" alt=\"\" width=\"420\" height=\"519\" srcset=\"https:\/\/loscordonesquemeatocadadia.com\/es\/wp-content\/uploads\/2020\/08\/300px-Papa_Innocentius_VI-1-243x300.jpg 243w, https:\/\/loscordonesquemeatocadadia.com\/es\/wp-content\/uploads\/2020\/08\/300px-Papa_Innocentius_VI-1.jpg 300w\" sizes=\"auto, (max-width: 420px) 100vw, 420px\" \/><\/p>\n<p style=\"text-align: center;\"><strong><em>Inocencio VI.<\/em><\/strong><\/p>\n<p style=\"text-align: justify;\">Naturalmente, una vez recibida la tiara papal, Inocencio VI declar\u00f3 inv\u00e1lido el documento firmado durante el c\u00f3nclave, aduciendo que limitaba el poder divino del papa.<\/p>\n<p style=\"text-align: justify;\">En Roma, tras el regreso de <strong><em>Cola di Rienzo <\/em><\/strong>que hab\u00eda retomado el poder a la muerte de Clemente VI, y debido a su tiran\u00eda, se viv\u00eda en un estado de anarqu\u00eda con ineluctables revueltas. Inocencio VI envi\u00f3 al cardenal Gil \u00c1lvarez de Albornoz\u00a0 para resolver la situaci\u00f3n, consiguiendo que el mismo pueblo que hab\u00eda apoyado en su d\u00eda a Cola di Rienzo, lo asesinara en una manifestaci\u00f3n en 1354, logrando as\u00ed imponer el papa su poder en los territorios romanos usurpados a la Iglesia.<\/p>\n<p style=\"text-align: center;\"><img loading=\"lazy\" decoding=\"async\" class=\"alignnone wp-image-9676\" src=\"http:\/\/loscordonesquemeatocadadia.com\/es\/wp-content\/uploads\/2020\/08\/330px-01_Innocent_VI_Gil_Albernoz__Charles_IV_au_premier_plan_Simone_Saltarelli_archeveque_de_Pise_Cesene_et_Occam-236x300.jpg\" alt=\"\" width=\"374\" height=\"475\" srcset=\"https:\/\/loscordonesquemeatocadadia.com\/es\/wp-content\/uploads\/2020\/08\/330px-01_Innocent_VI_Gil_Albernoz__Charles_IV_au_premier_plan_Simone_Saltarelli_archeveque_de_Pise_Cesene_et_Occam-236x300.jpg 236w, https:\/\/loscordonesquemeatocadadia.com\/es\/wp-content\/uploads\/2020\/08\/330px-01_Innocent_VI_Gil_Albernoz__Charles_IV_au_premier_plan_Simone_Saltarelli_archeveque_de_Pise_Cesene_et_Occam.jpg 330w\" sizes=\"auto, (max-width: 374px) 100vw, 374px\" \/><\/p>\n<p style=\"text-align: center;\"><strong><em>Inocencio VI junto al cardenal Gil Albornoz y el emperador Carlos IV. Fresco de la capilla de los espa\u00f1oles del convento dominico de Santa Mar\u00eda Novella, Florencia. Italia.<\/em><\/strong><\/p>\n<p style=\"text-align: justify;\">Una vez restablecido el orden, Inocencio le confi\u00f3 el gobierno de los Estados Pontificios al cardenal Gil \u00c1lvarez de Albornoz, siendo conocido por la Historia como el <strong><em>segundo fundador de los Estados Pontificios*<\/em><\/strong>.<\/p>\n<p style=\"text-align: justify;\">*Los\u00a0<strong>Estados Pontificios<\/strong> fueron los territorios de la pen\u00ednsula it\u00e1lica que estuvieron bajo la autoridad temporal del papa, desde el a\u00f1o 751 hasta 1870. Se encontraban entre los principales Estados de la pen\u00ednsula italiana hasta la unificaci\u00f3n de Italia en 1861<span style=\"color: #ff0000;\">*<\/span>. Estas territorios eran la manifestaci\u00f3n del poder temporal del papa, a diferencia de su primado eclesi\u00e1stico. Despu\u00e9s del a\u00f1o 1861, los Estados Pontificios, reducidos al\u00a0 Lacio, continuaron su existencia hasta 1870. Entre 1870 y 1929, el papa no tuvo ning\u00fan territorio para su reino temporal y el Vaticano estuvo bajo soberan\u00eda italiana. P\u00edo XI y Mussolini resolvieron estas diferencias entre el reino de Italia y el papado, al crear como Estado independiente la <strong><em>Ciudad del Vaticano,<\/em><\/strong> con 44 hect\u00e1reas de la ciudad de Roma, en la zona de los edificios hist\u00f3ricos papales.<\/p>\n<p style=\"text-align: justify;\"><span style=\"color: #ff0000;\">*<\/span><em>El 18 de febrero de 1861, V\u00edctor Manuel II de Saboya <\/em><em>se reuni\u00f3 en Tur\u00edn <\/em><em>con los diputados de todos los Estados que reconoc\u00edan su autoridad, asumiendo el 17 de marzo <\/em><em>el t\u00edtulo de\u00a0rey de Italia por la gracia de Dios y voluntad de la naci\u00f3n<\/em><\/p>\n<p style=\"text-align: justify;\"><strong><em>Inocencio VI<\/em><\/strong> tambi\u00e9n estaba interesado en establecer la paz entre Francia e Inglaterra en la Guerra de los Cien A\u00f1os, habiendo trabajado en ello antes de ser papa, participando en delegaciones para lograr la paz. Era un hombre respetado por los nobles de ambos pa\u00edses, pero al final no consigui\u00f3 grandes objetivos por la desconfianza de los ingleses en un intermediario franc\u00e9s, aunque logr\u00f3 la firma del tratado de <em><strong>Bretigny<\/strong><\/em>, consecuencia de la batalla de Poitiers en la que <strong><em>Juan II el Bueno<\/em> <\/strong>de Francia, fue apresado. Consecuencia inmediata del per\u00edodo de paz que sigui\u00f3 a la firma de este acuerdo, fue que las tropas mercenarias de cada bando, al ser licenciadas, se dedicaron al pillaje, por lo que Inocencio tom\u00f3 la decisi\u00f3n de fortificar la sede pontificia de Avi\u00f1\u00f3n, dedicando a este menester importantes sumas de dinero para la construcci\u00f3n de nuevas murallas alrededor de la ciudad, reforzando tambi\u00e9n la defensa y la solidez del palacio papal.<\/p>\n<p style=\"text-align: center;\"><img loading=\"lazy\" decoding=\"async\" class=\"alignnone wp-image-9574\" src=\"http:\/\/loscordonesquemeatocadadia.com\/es\/wp-content\/uploads\/2020\/08\/330px-Traite_de_Bretigny-es.svg_-245x300.png\" alt=\"\" width=\"333\" height=\"408\" srcset=\"https:\/\/loscordonesquemeatocadadia.com\/es\/wp-content\/uploads\/2020\/08\/330px-Traite_de_Bretigny-es.svg_-245x300.png 245w, https:\/\/loscordonesquemeatocadadia.com\/es\/wp-content\/uploads\/2020\/08\/330px-Traite_de_Bretigny-es.svg_.png 330w\" sizes=\"auto, (max-width: 333px) 100vw, 333px\" \/><\/p>\n<p style=\"text-align: center;\"><em><strong>Tratado de Bretigny.<\/strong><\/em><\/p>\n<p style=\"text-align: justify;\">A \u00e9l tambi\u00e9n se debe la mejora de la Cartuja de Villeneuve, construida en el mismo lugar donde se encontraba su antiguo palacio cardenalicio. All\u00ed ser\u00eda enterrado.<\/p>\n<p style=\"text-align: justify;\"><strong>Inocencio VI tampoco<\/strong> regres\u00f3 a Roma. Vivi\u00f3 dando ejemplo de sencillez, al reducir el lujo de la sede pontificia, que tanto propugn\u00f3 e impuls\u00f3 su antecesor Clemente VI.<\/p>\n<p style=\"text-align: justify;\">Quiso influir en <em><strong>Pedro I el Cruel<\/strong><\/em>, rey de Castilla, para que mejorara el trato dado a su mujer leg\u00edtima <strong><em>Blanca de Borb\u00f3n <\/em><\/strong>-hermana de la reina de Francia Juana de Borb\u00f3n-, a la que encerr\u00f3 de por vida, por no haber recibido la dote prometida por el rey Juan II de Francia -su cu\u00f1ado- y por su padre Pedro I duque de Borb\u00f3n, holgando con Mar\u00eda de Padilla, Juana de Castro, Mar\u00eda Gonz\u00e1lez de Hinestrosa, Teresa de Ayala o Isabel de Sandoval. Las gestiones papales no produjeron en Pedro influencia alguna.<\/p>\n<p style=\"text-align: justify;\">Inocencio VI, durante su pontificado, abord\u00f3 con fuerza la reforma de la administraci\u00f3n eclesi\u00e1stica, para lo cual prohibi\u00f3 la acumulaci\u00f3n de cargos y beneficios, obligando a los obispos a residir en sus respectivas di\u00f3cesis, luchando contra la corrupci\u00f3n.<\/p>\n<p style=\"text-align: justify;\">Inocencio VI falleci\u00f3 el 12 de septiembre de 1362, siendo enterrado -dispuesto por \u00e9l- en la Cartuja de N\u00f4tre Dame de Val de B\u00e9n\u00e9diction de Villeneuve las afueras de Avi\u00f1\u00f3n.<\/p>\n<p style=\"text-align: center;\"><img loading=\"lazy\" decoding=\"async\" class=\"alignnone wp-image-9680\" src=\"http:\/\/loscordonesquemeatocadadia.com\/es\/wp-content\/uploads\/2020\/08\/Chartreuse-Notre-Dame-du-Val-de-Benediction-3-530x422-1-300x239.jpg\" alt=\"\" width=\"363\" height=\"289\" srcset=\"https:\/\/loscordonesquemeatocadadia.com\/es\/wp-content\/uploads\/2020\/08\/Chartreuse-Notre-Dame-du-Val-de-Benediction-3-530x422-1-300x239.jpg 300w, https:\/\/loscordonesquemeatocadadia.com\/es\/wp-content\/uploads\/2020\/08\/Chartreuse-Notre-Dame-du-Val-de-Benediction-3-530x422-1.jpg 530w\" sizes=\"auto, (max-width: 363px) 100vw, 363px\" \/><\/p>\n<p style=\"text-align: center;\"><em><strong>Cartuja de Notre Dame de Val de B\u00e9n\u00e9diction de Villeneuve.<\/strong><\/em><\/p>\n<p style=\"text-align: center;\"><img loading=\"lazy\" decoding=\"async\" class=\"alignnone wp-image-9673\" src=\"http:\/\/loscordonesquemeatocadadia.com\/es\/wp-content\/uploads\/2020\/08\/Val-de-Benediction-Innocenci-VI-tumba-de-200x300.jpg\" alt=\"\" width=\"358\" height=\"537\" srcset=\"https:\/\/loscordonesquemeatocadadia.com\/es\/wp-content\/uploads\/2020\/08\/Val-de-Benediction-Innocenci-VI-tumba-de-200x300.jpg 200w, https:\/\/loscordonesquemeatocadadia.com\/es\/wp-content\/uploads\/2020\/08\/Val-de-Benediction-Innocenci-VI-tumba-de.jpg 320w\" sizes=\"auto, (max-width: 358px) 100vw, 358px\" \/><\/p>\n<p style=\"text-align: center;\"><em><strong>Tumba de Inocencio VI.<\/strong><\/em><\/p>\n<p style=\"text-align: center;\"><em><strong>To be continued in part 7.<\/strong><\/em><\/p>\n","protected":false},"excerpt":{"rendered":"<p>CLEMENTE VI, el cuarto papa de Avi\u00f1\u00f3n, de nombre Pierre Roger de Beaumont, fue hijo del caballero franc\u00e9s Guillermo Roger y de Guillermina de la Monstre. En 1302, Pierre Roger ingres\u00f3 en el monasterio benedictino de Chaise-Dieu a los 11 a\u00f1os, y cinco m\u00e1s tarde, en 1307, march\u00f3 a Par\u00eds a estudiar Teolog\u00eda. Tras diecis\u00e9is [&hellip;]<\/p>\n","protected":false},"author":2,"featured_media":9669,"comment_status":"open","ping_status":"closed","sticky":false,"template":"","format":"standard","meta":{"_mo_disable_npp":"","om_disable_all_campaigns":false,"_monsterinsights_skip_tracking":false,"_monsterinsights_sitenote_active":false,"_monsterinsights_sitenote_note":"","_monsterinsights_sitenote_category":0,"_uf_show_specific_survey":0,"_uf_disable_surveys":false,"footnotes":""},"categories":[22,1332],"tags":[1573,1574,1567,1570,1571,1568,1564,1569,1572],"class_list":["post-9665","post","type-post","status-publish","format-standard","has-post-thumbnail","hentry","category-historia","category-religion","tag-blanca-de-borbon","tag-carlos-iv-de-luxemburgo","tag-clemente-vi","tag-flagelantes","tag-gil-alvarez-de-albornoz","tag-inocencio-vi","tag-luis-iv-de-baviera","tag-peste-negra-de-1347","tag-tratado-de-bretigny"],"aioseo_notices":[],"post_mailing_queue_ids":[],"_links":{"self":[{"href":"https:\/\/loscordonesquemeatocadadia.com\/es\/wp-json\/wp\/v2\/posts\/9665","targetHints":{"allow":["GET"]}}],"collection":[{"href":"https:\/\/loscordonesquemeatocadadia.com\/es\/wp-json\/wp\/v2\/posts"}],"about":[{"href":"https:\/\/loscordonesquemeatocadadia.com\/es\/wp-json\/wp\/v2\/types\/post"}],"author":[{"embeddable":true,"href":"https:\/\/loscordonesquemeatocadadia.com\/es\/wp-json\/wp\/v2\/users\/2"}],"replies":[{"embeddable":true,"href":"https:\/\/loscordonesquemeatocadadia.com\/es\/wp-json\/wp\/v2\/comments?post=9665"}],"version-history":[{"count":8,"href":"https:\/\/loscordonesquemeatocadadia.com\/es\/wp-json\/wp\/v2\/posts\/9665\/revisions"}],"predecessor-version":[{"id":12667,"href":"https:\/\/loscordonesquemeatocadadia.com\/es\/wp-json\/wp\/v2\/posts\/9665\/revisions\/12667"}],"wp:featuredmedia":[{"embeddable":true,"href":"https:\/\/loscordonesquemeatocadadia.com\/es\/wp-json\/wp\/v2\/media\/9669"}],"wp:attachment":[{"href":"https:\/\/loscordonesquemeatocadadia.com\/es\/wp-json\/wp\/v2\/media?parent=9665"}],"wp:term":[{"taxonomy":"category","embeddable":true,"href":"https:\/\/loscordonesquemeatocadadia.com\/es\/wp-json\/wp\/v2\/categories?post=9665"},{"taxonomy":"post_tag","embeddable":true,"href":"https:\/\/loscordonesquemeatocadadia.com\/es\/wp-json\/wp\/v2\/tags?post=9665"}],"curies":[{"name":"wp","href":"https:\/\/api.w.org\/{rel}","templated":true}]}}