{"id":9688,"date":"2021-12-11T09:00:03","date_gmt":"2021-12-11T08:00:03","guid":{"rendered":"http:\/\/loscordonesquemeatocadadia.com\/es\/?p=9688"},"modified":"2021-12-11T10:35:15","modified_gmt":"2021-12-11T09:35:15","slug":"los-papas-de-avinon-urbano-v-y-gregorio-xi-el-ultimo-papa-avinones-comienzo-del-gran-cisma-de-occidente-parte-7","status":"publish","type":"post","link":"https:\/\/loscordonesquemeatocadadia.com\/es\/2021\/12\/11\/los-papas-de-avinon-urbano-v-y-gregorio-xi-el-ultimo-papa-avinones-comienzo-del-gran-cisma-de-occidente-parte-7\/","title":{"rendered":"LOS PAPAS DE AVI\u00d1\u00d3N: Urbano V y Gregorio XI, el \u00faltimo papa avi\u00f1on\u00e9s. Comienzo del Gran Cisma de Occidente. Parte 7."},"content":{"rendered":"<audio class=\"wp-audio-shortcode\" id=\"audio-9688-1\" loop autoplay preload=\"auto\" style=\"width: 100%;\" controls=\"controls\"><source type=\"audio\/mpeg\" src=\"http:\/\/loscordonesquemeatocadadia.com\/es\/wp-content\/uploads\/2020\/08\/Peire-Raimon-de-Tolosa.mp3?_=1\" \/><a href=\"http:\/\/loscordonesquemeatocadadia.com\/es\/wp-content\/uploads\/2020\/08\/Peire-Raimon-de-Tolosa.mp3\">http:\/\/loscordonesquemeatocadadia.com\/es\/wp-content\/uploads\/2020\/08\/Peire-Raimon-de-Tolosa.mp3<\/a><\/audio>\n<p style=\"text-align: justify;\"><span style=\"color: #ff0000;\"><strong><em>URBANO V<\/em><\/strong><strong> \u00a0<\/strong><\/span>fue el papa n\u00famero 200 de la Iglesia\u00a0 cat\u00f3lica y <strong><span style=\"color: #ff0000;\"><em>SEXTO<\/em><\/span> de Avi\u00f1\u00f3n. <\/strong>Nacido Guillaume Grimoard<strong>, <\/strong>en Le Pont-de Montvert de Occitania, en 1310, fue hijo primog\u00e9nito de <strong><em>Guillaume II de Grimoard, se\u00f1or de Grizac<\/em><\/strong>, y <em>Amph\u00e9lise de Sabran, se\u00f1ora de Montferrand<\/em>.<!--more--><\/p>\n<p style=\"text-align: justify;\">Con 12 a\u00f1os fue enviado a Montpellier para realizar estudios de derecho can\u00f3nico, continuando con los de derecho civil en Toulouse. Con 25 a\u00f1os -1335- entr\u00f3 en la orden benedictina, en el monasterio de Chirac, en donde fue ordenado sacerdote.<\/p>\n<p style=\"text-align: justify;\">En la Universidad de Montpellier, dio clases de Derecho, realizando simult\u00e1neamente el doctorado que logr\u00f3 en 1342. En 1352 fue designado abad de Saint German de Auxerre por Clemente VI, pasando a dirigir la abad\u00eda de san V\u00edctor en 1361 por designaci\u00f3n de Inocencio VI.<\/p>\n<p style=\"text-align: justify;\">Desarroll\u00f3 misiones diplom\u00e1ticas, encomendadas primero por <strong><em>Clemente VI,<\/em> <\/strong>en 1352, para resolver el problema con <em>Giovanni Visconti<\/em>\u00a0 -arzobispo de Mil\u00e1n- que puso moment\u00e1neamente a la ciudad de Bolonia -territorio pontificio- bajo su yugo, derrotando a los ej\u00e9rcitos pontificios. interviniendo tambi\u00e9n en nombre del papado con <strong><em>Inocencio VI<\/em><\/strong>, para frenar los deseos expansionistas del nieto de Giovanni, Bernab\u00e9 Visconti, ambas resueltas con brillantez.<\/p>\n<p style=\"text-align: justify;\">En el c\u00f3nclave celebrado a la muerte de Inocencio VI, en septiembre de 1362, sali\u00f3 elegido en primera votaci\u00f3n <em>Hugues Roger,<\/em> hermano de <em>Clemente VI<\/em>, quien rechaz\u00f3 la designaci\u00f3n.<\/p>\n<p style=\"text-align: justify;\">Tras una segunda ronda de votaciones con <em>fumata<\/em> negra, fue elegido el 28 de septiembre, en tercera votaci\u00f3n, <strong><em>Guillaume de Grimoard<\/em><\/strong>, quien, al no ser cardenal, no participaba en el c\u00f3nclave.<\/p>\n<p style=\"text-align: center;\"><img loading=\"lazy\" decoding=\"async\" class=\"alignnone wp-image-9696\" src=\"http:\/\/loscordonesquemeatocadadia.com\/es\/wp-content\/uploads\/2020\/08\/300px-Papa_Urbanus-V-1-221x300.jpg\" alt=\"\" width=\"442\" height=\"600\" srcset=\"https:\/\/loscordonesquemeatocadadia.com\/es\/wp-content\/uploads\/2020\/08\/300px-Papa_Urbanus-V-1-221x300.jpg 221w, https:\/\/loscordonesquemeatocadadia.com\/es\/wp-content\/uploads\/2020\/08\/300px-Papa_Urbanus-V-1.jpg 300w\" sizes=\"auto, (max-width: 442px) 100vw, 442px\" \/><\/p>\n<p style=\"text-align: center;\"><em><strong>Urbano V.<\/strong><\/em><\/p>\n<p style=\"text-align: justify;\">El futuro papa fue reclamado para que abandonara Italia, donde se encontraba en misi\u00f3n diplom\u00e1tica, y marchara a Avi\u00f1\u00f3n para ser ordenado obispo, e inmediatamente ser coronado papa el 6 de noviembre de 1362.<\/p>\n<p style=\"text-align: justify;\">Durante los dos primeros a\u00f1os de su papado (1362-1370) rein\u00f3 en Francia <strong><em>Juan II el Bueno<\/em><\/strong>, preso en Londres y fallecido en 1364, siendo sucedido por su hijo <strong><em>Carlos V el Sabio<\/em><\/strong> que rein\u00f3 en Francia hasta 1380.<\/p>\n<p style=\"text-align: justify;\"><strong><em>Urbano V<\/em><\/strong> fue un papa muy piadoso, austero, sencillo y enemigo de la ostentaci\u00f3n. Hombre de gran espiritualidad, favoreci\u00f3 el estudio y la cultura, as\u00ed como la construcci\u00f3n de iglesias y universida\u00addes. Su actitud de gran humanista, le hizo ganarse la confianza de todos. Entre sus caracter\u00edsticas menos positivas, estuvo la de su sometimiento excesivo a la corona francesa -como sus antecesores-.<\/p>\n<p style=\"text-align: justify;\">El objetivo principal de su pontificado fue volver a fijar la sede pontificia en la ciudad de Roma. Excepto el rey <em>Carlos V el Sabio<\/em> de Francia, todas las naciones cristianas quer\u00edan que el papa regresara a la Ciudad Eterna: el emperador del Sacro Imperio Carlos IV -que lleg\u00f3 a viajar a Avi\u00f1\u00f3n en 1365 para ped\u00edrselo-, santa Br\u00edgida de Suecia, que se lamentaba de la situaci\u00f3n inaceptable en la que se encontraba la curia romana, y algunos fil\u00f3sofos como el poeta aretino Francesco Petrarca, que en 1366 hab\u00eda enviado una carta de petici\u00f3n al papa de la <em>viuda Roma, <\/em>se\u00f1alando\u00a0 que su esposo, el papa, se hab\u00eda marchado y la hab\u00eda dejado sola.<\/p>\n<p style=\"text-align: center;\"><img loading=\"lazy\" decoding=\"async\" class=\"alignnone size-medium wp-image-9694\" src=\"http:\/\/loscordonesquemeatocadadia.com\/es\/wp-content\/uploads\/2020\/08\/300px-Francesco_Petrarca00-191x300.jpg\" alt=\"\" width=\"191\" height=\"300\" srcset=\"https:\/\/loscordonesquemeatocadadia.com\/es\/wp-content\/uploads\/2020\/08\/300px-Francesco_Petrarca00-191x300.jpg 191w, https:\/\/loscordonesquemeatocadadia.com\/es\/wp-content\/uploads\/2020\/08\/300px-Francesco_Petrarca00.jpg 300w\" sizes=\"auto, (max-width: 191px) 100vw, 191px\" \/><\/p>\n<p style=\"text-align: center;\"><em><strong>Francesco Petrarca.<\/strong><\/em><\/p>\n<p style=\"text-align: justify;\">A pesar de la negativa del rey franc\u00e9s y del asesoramiento de los cardenales, fue a Roma en 1367, permaneciendo en la Ciudad Eterna tres a\u00f1os a pesar de las amenazas que representaban los disturbios pol\u00edticos y las epidemias. \u00a0En Roma fue recibido por los emperadores del Sacro Imperio <strong><em>Carlos IV<\/em><\/strong> <strong><em>de Luxemburgo<\/em><\/strong> y el emperador bizantino <strong><em>Juan V Pale\u00f3logo.<\/em><\/strong><\/p>\n<p style=\"text-align: justify;\">Aunque en 1360 hab\u00eda comenzado a cambiar la situaci\u00f3n en Roma gracias al establecimiento de una nueva constituci\u00f3n apoyada por la nobleza romana y por una reci\u00e9n creada milicia popular, en la Ciudad Eterna, unos partidarios pol\u00edticos suced\u00edan a otros, sin otras miras que las venganzas entre familias y las ansias de poder. Las ciudades de los Estados Pontificios combat\u00edan entre ellas, sin descanso por esos mismos motivos.<\/p>\n<p style=\"text-align: justify;\">Al establecerse el papa <strong><em>Urbano V<\/em><\/strong> en 1367 en el Vaticano, emprendi\u00f3 una gran actividad reformadora y de reconstrucci\u00f3n de la ciudad. Paulatinamente las cosas iban tomando nuevo rumbo. Roma volv\u00eda de nuevo a ser, el centro del mundo, y de todas partes llegaban a ella hu\u00e9spedes ilustres.<\/p>\n<p style=\"text-align: justify;\">En 1368 el pont\u00edfice reconcili\u00f3 la Iglesia con el Sacro Imperio: <em>Carlos IV de Luxemburgo<\/em> fue coronado en Roma. Tambi\u00e9n logr\u00f3 <strong><em>Urbano<\/em><\/strong> un acercamiento con el emperador bizantino, abjurando <em>Juan V Pale\u00f3logo<\/em> de su fe, convirti\u00e9ndose al catolicismo para\u00a0 buscar apoyo contra los turcos que amenazaban Constantinopla. La Iglesia por fin se mostraba unida, aunque esa situaci\u00f3n dur\u00f3 poco tiempo.<\/p>\n<p style=\"text-align: justify;\">En 1370, se reanudaron las hostilidades de la Guerra de los Cien A\u00f1os entre Francia e Inglaterra, por lo que <strong><em>Urbano V<\/em><\/strong> regres\u00f3 a Avi\u00f1\u00f3n, falleciendo a los dos meses de su llegada, el 19 de diciembre de 1370. Primero fue enterrado en la catedral de Avi\u00f1\u00f3n y posteriormente sus restos fueron trasladados a la abad\u00eda de san V\u00edctor de Marsella seg\u00fan su deseo. Fue beatificado por P\u00edo IX en 1870.<\/p>\n<p style=\"text-align: center;\"><img loading=\"lazy\" decoding=\"async\" class=\"alignnone wp-image-9701\" src=\"http:\/\/loscordonesquemeatocadadia.com\/es\/wp-content\/uploads\/2020\/08\/Urbain_V_by_JM_Rosier-129x300.jpg\" alt=\"\" width=\"223\" height=\"515\" \/><\/p>\n<p style=\"text-align: center;\"><em><strong>Tumba de Urbano V.<\/strong><\/em><\/p>\n<p style=\"text-align: justify;\"><strong><em><span style=\"color: #ff0000;\">GREGORIO XI<\/span> \u00a0<\/em><\/strong>(1330-1378) fue el papa 201 de la Iglesia cat\u00f3lica desde 1370 a 1378 y <span style=\"color: #ff0000;\"><strong><em>S\u00c9PTIMO<\/em><\/strong><\/span> y <span style=\"color: #ff0000;\"><strong><em>\u00daLTIMO<\/em><\/strong> <\/span>de Avi\u00f1\u00f3n. De nombre secular <em>Pierre Roger<\/em>, fue el \u00faltimo pont\u00edfice franc\u00e9s hasta hoy d\u00eda. Hijo de <strong><em>Guillaume Roger, conde de Beaufort<\/em><\/strong>, y de <em>Marie de Chambon<\/em>. Estudi\u00f3 en Perugia derecho y teolog\u00eda, doctor\u00e1ndose en ambas materias. Durante su pontificado continu\u00f3 de rey en Francia \u00a0<strong><em>Carlos V el Sabio <\/em><\/strong>(1364-1380).<\/p>\n<p style=\"text-align: center;\"><img loading=\"lazy\" decoding=\"async\" class=\"alignnone wp-image-9699\" src=\"http:\/\/loscordonesquemeatocadadia.com\/es\/wp-content\/uploads\/2020\/08\/Papa_Gregorius_Undecimus-229x300.jpg\" alt=\"\" width=\"435\" height=\"570\" srcset=\"https:\/\/loscordonesquemeatocadadia.com\/es\/wp-content\/uploads\/2020\/08\/Papa_Gregorius_Undecimus-229x300.jpg 229w, https:\/\/loscordonesquemeatocadadia.com\/es\/wp-content\/uploads\/2020\/08\/Papa_Gregorius_Undecimus.jpg 437w\" sizes=\"auto, (max-width: 435px) 100vw, 435px\" \/><\/p>\n<p style=\"text-align: center;\"><em><strong>Gregorio XI.<\/strong><\/em><\/p>\n<p style=\"text-align: justify;\">Con 12 a\u00f1os fue can\u00f3nigo del cap\u00edtulo de la catedral de Ru\u00e1n, luego de Rodez y m\u00e1s tarde de la de Par\u00eds, en donde fue nombrado archidi\u00e1cono. Con 18 a\u00f1os, su t\u00edo <strong><em>Clemente VI<\/em><\/strong>, lo nombr\u00f3 cardenal di\u00e1cono.<\/p>\n<p style=\"text-align: justify;\">Sin haber tomado las \u00f3rdenes para ser presb\u00edtero -se \u00a0puede ser cardenal sin ser sacerdote- fue elegido papa por unanimidad en diciembre de 1370, debiendo tomar las \u00f3rdenes necesarias del sacerdocio antes de ser coronado, lo que sucedi\u00f3 en enero de 1371.<\/p>\n<p style=\"text-align: center;\"><img loading=\"lazy\" decoding=\"async\" class=\"alignnone wp-image-9693\" src=\"http:\/\/loscordonesquemeatocadadia.com\/es\/wp-content\/uploads\/2020\/08\/300px-07_Gregoire_XI_couronne_par_Guy_de_Boulogne-233x300.jpg\" alt=\"\" width=\"386\" height=\"495\" srcset=\"https:\/\/loscordonesquemeatocadadia.com\/es\/wp-content\/uploads\/2020\/08\/300px-07_Gregoire_XI_couronne_par_Guy_de_Boulogne-233x300.jpg 233w, https:\/\/loscordonesquemeatocadadia.com\/es\/wp-content\/uploads\/2020\/08\/300px-07_Gregoire_XI_couronne_par_Guy_de_Boulogne.jpg 300w\" sizes=\"auto, (max-width: 386px) 100vw, 386px\" \/><\/p>\n<p style=\"text-align: center;\"><em><strong>Coronaci\u00f3n de Gregorio XI.<\/strong><\/em><\/p>\n<p style=\"text-align: justify;\">Fue un hombre cultivado y h\u00e1bil diplom\u00e1tico, regresando a las pr\u00e1cticas nep\u00f3ticas de algunos de sus predecesores, nombrando a varios cardenales de su familia.<\/p>\n<p style=\"text-align: justify;\"><em><strong>Gregorio XI<\/strong>, <\/em>intent\u00f3 reconciliar a los reinos cristianos para poder lanzar una cruzada contra los turcos. Francia e Inglaterra sumidas en la Guerra de los Cien A\u00f1os, eludieron su participaci\u00f3n. Este papa logr\u00f3 que los reinos de Castilla, Arag\u00f3n, Navarra y Portugal, acabaran sus confrontaciones por la v\u00eda de los enlaces matrimoniales.<\/p>\n<p style=\"text-align: justify;\">Aunque el papa estaba bajo la tutela e influencia del rey franc\u00e9s, el conflicto creciente entre facciones amistosas y hostiles a \u00e9l -b\u00e1sicamente porque nombraba obispos franceses para las ciudades italianas- instilaban una creciente inestabilidad en los territorios pontificios y sobre todo en Roma. El papa estableci\u00f3 un embargo a las exportaciones de grano durante una hambruna y Florencia organiz\u00f3 una liga con \u00e1nimo belicista, uniendo a varias ciudades contra el papa: Mil\u00e1n, Bolonia, Pisa, G\u00e9nova, Perugia y Luca.<\/p>\n<p style=\"text-align: justify;\"><em><strong>Gregorio XI<\/strong> <\/em>mediante su delegado y pariente Roberto de Ginebra, contrat\u00f3 mercenarios para acabar con las sublevaciones. La oposici\u00f3n contra el papado creci\u00f3 y Florencia entr\u00f3 en abierto conflicto con el papa en la \u00a0llamada la <strong><em>Guerra de los ocho santos<\/em><\/strong>, en referencia a los ocho concejales florentinos que fueron elegidos para dirigir el conflicto. El papa, el 31 de marzo de 1376, puso en <strong><em>Entredicho<\/em><\/strong> a la ciudad de Florencia, declarando a sus habitantes como enemigos del papa y de la Iglesia, declarando ilegales sus posesiones, marchando sus mercenarios sobre Cesena, en donde masacraron a m\u00e1s de 4.000 personas, quedando la ciudad y su comercio muy da\u00f1ados y casi extintos.<\/p>\n<p style=\"text-align: justify;\"><strong><em>Fue el pont\u00edfice que tom\u00f3 la decisi\u00f3n de abandonar definitivamente Avi\u00f1\u00f3n,<\/em><\/strong> siendo influido por la opini\u00f3n de santa Catalina de Siena, que propugnaba la vuelta de la Santa Sede a Roma. <strong><em>Gregorio XI <\/em><\/strong>abandon\u00f3 la ciudad francesa para poner rumbo a Roma, a donde lleg\u00f3 el 17 de enero de 1377, aunque este retorno no puso fin a las hostilidades entre los Estados Pontificios, debido a los sucesos de Cesena, en donde el cardenal Roberto de Ginebra -futuro antipapa <strong><em>CLEMENTE VII- <\/em><\/strong>orden\u00f3 masacrar a la poblaci\u00f3n, soliviantando de tal modo al pueblo romano, que el Papa tuvo que refugiarse en el palacio de <strong><em>Anagni<\/em><\/strong>. Su deseo de restablecer la paz en la Iglesia, hizo que volviera nuevamente a Roma el 7 de noviembre, para residir permanentemente en el Vaticano, abandonando definitivamente la secular residencia de los papas del <strong><em>Palacio de Letr\u00e1n de Roma.<\/em><\/strong><\/p>\n<p style=\"text-align: center;\"><img loading=\"lazy\" decoding=\"async\" class=\"alignnone wp-image-9698\" src=\"http:\/\/loscordonesquemeatocadadia.com\/es\/wp-content\/uploads\/2020\/08\/Giorgio_Vasar_retour_idealise_de_Gregoire_XI_a_Rome-300x227.jpg\" alt=\"\" width=\"468\" height=\"354\" srcset=\"https:\/\/loscordonesquemeatocadadia.com\/es\/wp-content\/uploads\/2020\/08\/Giorgio_Vasar_retour_idealise_de_Gregoire_XI_a_Rome-300x227.jpg 300w, https:\/\/loscordonesquemeatocadadia.com\/es\/wp-content\/uploads\/2020\/08\/Giorgio_Vasar_retour_idealise_de_Gregoire_XI_a_Rome.jpg 375w\" sizes=\"auto, (max-width: 468px) 100vw, 468px\" \/><\/p>\n<p style=\"text-align: center;\"><strong><em>Retorno a Roma de Gregorio XI por Giorgio Vasari.<\/em><\/strong><\/p>\n<p style=\"text-align: justify;\">Durante su pontificado mantuvo mano dura contra los movimientos her\u00e9ticos; conden\u00f3 a los <strong><em>Turlupines<\/em><\/strong> que propugnaban la pobreza total, incluso el no uso de vestiduras -nudistas-, la doctrina <strong><em>Fatalista<\/em><\/strong>\u00a0de Albert Alberstadt de Alemania y las doctrinas del reformador ingl\u00e9s\u00a0<strong><em>John Wycliff<\/em><\/strong>, acus\u00e1ndolos de herej\u00eda.<\/p>\n<p style=\"text-align: justify;\"><em><strong>Gregorio XI<\/strong><\/em> muri\u00f3 el 26 de marzo de 1378, pidiendo ser sepultado en la iglesia de la abad\u00eda de La Chaise-Dieu en Francia, pero los romanos no aceptaron que su cuerpo abandonara Italia, siendo enterrado en Roma, en la iglesia de santa Francesca Romana. habiendo vivido dos a\u00f1os en Roma desde su llegada.<\/p>\n<p style=\"text-align: center;\"><img loading=\"lazy\" decoding=\"async\" class=\"alignnone wp-image-9705\" src=\"http:\/\/loscordonesquemeatocadadia.com\/es\/wp-content\/uploads\/2020\/08\/375px-Santa_Francesca_Romana_09feb08_03-300x225.jpg\" alt=\"\" width=\"472\" height=\"354\" srcset=\"https:\/\/loscordonesquemeatocadadia.com\/es\/wp-content\/uploads\/2020\/08\/375px-Santa_Francesca_Romana_09feb08_03-300x225.jpg 300w, https:\/\/loscordonesquemeatocadadia.com\/es\/wp-content\/uploads\/2020\/08\/375px-Santa_Francesca_Romana_09feb08_03.jpg 375w\" sizes=\"auto, (max-width: 472px) 100vw, 472px\" \/><\/p>\n<p style=\"text-align: center;\"><em><strong>Santa Francesca Romana.<\/strong><\/em><\/p>\n<p style=\"text-align: justify;\">Italia segu\u00eda siendo tierra de luchas entre gobernantes, familias y ciudades. A su muerte, tras un pontificado corto y complejo, se produjo una grave crisis de sucesi\u00f3n que dio lugar al <span style=\"color: #ff0000;\"><strong><em>Gran Cisma de Occidente<\/em><\/strong><\/span>.<\/p>\n<p style=\"text-align: justify;\">*El\u00a0<strong>entredicho<\/strong>\u00a0o\u00a0<strong>interdicto<\/strong> es, en derecho can\u00f3nico, una censura eclesi\u00e1stica por la cual las autoridades religiosas proh\u00edben a los fieles la asistencia a los oficios divinos, la recepci\u00f3n de sacramentos y la sepultura cristiana.<\/p>\n<p><strong><em>M\u00fasica: Peire Raimon de Tolosa. Siglo XIV.<\/em><\/strong><\/p>\n<p style=\"text-align: center;\"><em><strong>To be continued in part 8 and last<\/strong><\/em><\/p>\n","protected":false},"excerpt":{"rendered":"<p>URBANO V \u00a0fue el papa n\u00famero 200 de la Iglesia\u00a0 cat\u00f3lica y SEXTO de Avi\u00f1\u00f3n. Nacido Guillaume Grimoard, en Le Pont-de Montvert de Occitania, en 1310, fue hijo primog\u00e9nito de Guillaume II de Grimoard, se\u00f1or de Grizac, y Amph\u00e9lise de Sabran, se\u00f1ora de Montferrand.<\/p>\n","protected":false},"author":2,"featured_media":9700,"comment_status":"open","ping_status":"closed","sticky":false,"template":"","format":"standard","meta":{"_mo_disable_npp":"","om_disable_all_campaigns":false,"_monsterinsights_skip_tracking":false,"_monsterinsights_sitenote_active":false,"_monsterinsights_sitenote_note":"","_monsterinsights_sitenote_category":0,"_uf_show_specific_survey":0,"_uf_disable_surveys":false,"footnotes":""},"categories":[22,1332],"tags":[1574,1596,1595,1575,1597,1599,1600,1598],"class_list":["post-9688","post","type-post","status-publish","format-standard","has-post-thumbnail","hentry","category-historia","category-religion","tag-carlos-iv-de-luxemburgo","tag-el-entredicho","tag-gran-cisma-de-occidente","tag-gregorio-xi","tag-guerra-de-los-ocho-santos","tag-juan-v-paleologo","tag-petrarca","tag-urbano-v"],"aioseo_notices":[],"post_mailing_queue_ids":[],"_links":{"self":[{"href":"https:\/\/loscordonesquemeatocadadia.com\/es\/wp-json\/wp\/v2\/posts\/9688","targetHints":{"allow":["GET"]}}],"collection":[{"href":"https:\/\/loscordonesquemeatocadadia.com\/es\/wp-json\/wp\/v2\/posts"}],"about":[{"href":"https:\/\/loscordonesquemeatocadadia.com\/es\/wp-json\/wp\/v2\/types\/post"}],"author":[{"embeddable":true,"href":"https:\/\/loscordonesquemeatocadadia.com\/es\/wp-json\/wp\/v2\/users\/2"}],"replies":[{"embeddable":true,"href":"https:\/\/loscordonesquemeatocadadia.com\/es\/wp-json\/wp\/v2\/comments?post=9688"}],"version-history":[{"count":11,"href":"https:\/\/loscordonesquemeatocadadia.com\/es\/wp-json\/wp\/v2\/posts\/9688\/revisions"}],"predecessor-version":[{"id":12688,"href":"https:\/\/loscordonesquemeatocadadia.com\/es\/wp-json\/wp\/v2\/posts\/9688\/revisions\/12688"}],"wp:featuredmedia":[{"embeddable":true,"href":"https:\/\/loscordonesquemeatocadadia.com\/es\/wp-json\/wp\/v2\/media\/9700"}],"wp:attachment":[{"href":"https:\/\/loscordonesquemeatocadadia.com\/es\/wp-json\/wp\/v2\/media?parent=9688"}],"wp:term":[{"taxonomy":"category","embeddable":true,"href":"https:\/\/loscordonesquemeatocadadia.com\/es\/wp-json\/wp\/v2\/categories?post=9688"},{"taxonomy":"post_tag","embeddable":true,"href":"https:\/\/loscordonesquemeatocadadia.com\/es\/wp-json\/wp\/v2\/tags?post=9688"}],"curies":[{"name":"wp","href":"https:\/\/api.w.org\/{rel}","templated":true}]}}