{"id":9690,"date":"2021-12-18T09:00:13","date_gmt":"2021-12-18T08:00:13","guid":{"rendered":"http:\/\/loscordonesquemeatocadadia.com\/es\/?p=9690"},"modified":"2021-12-12T09:46:47","modified_gmt":"2021-12-12T08:46:47","slug":"papas-de-avinon-gran-cisma-de-occidente-1378-1417-parte-8","status":"publish","type":"post","link":"https:\/\/loscordonesquemeatocadadia.com\/es\/2021\/12\/18\/papas-de-avinon-gran-cisma-de-occidente-1378-1417-parte-8\/","title":{"rendered":"PAPAS DE AVI\u00d1\u00d3N. GRAN CISMA DE OCCIDENTE 1378-1417. Parte 8."},"content":{"rendered":"<audio class=\"wp-audio-shortcode\" id=\"audio-9690-1\" loop autoplay preload=\"auto\" style=\"width: 100%;\" controls=\"controls\"><source type=\"audio\/mpeg\" src=\"http:\/\/loscordonesquemeatocadadia.com\/es\/wp-content\/uploads\/2020\/08\/Musica-de-Troveros-y-Trovadores-1-1.mp3?_=1\" \/><a href=\"http:\/\/loscordonesquemeatocadadia.com\/es\/wp-content\/uploads\/2020\/08\/Musica-de-Troveros-y-Trovadores-1-1.mp3\">http:\/\/loscordonesquemeatocadadia.com\/es\/wp-content\/uploads\/2020\/08\/Musica-de-Troveros-y-Trovadores-1-1.mp3<\/a><\/audio>\n<p style=\"text-align: justify;\">La presi\u00f3n que pudo ejercer la corona de Francia sobre el papado puede explicarse por el poder\u00edo pol\u00edtico y b\u00e9lico de Francia a principios del siglo XIV, y algo m\u00e1s tarde, tambi\u00e9n econ\u00f3mico, que permiti\u00f3 a <strong><em>Felipe IV<\/em><\/strong> <em><strong>el Hermoso<\/strong><\/em> invertir su tiempo y recursos en convertir al papado en un vasallo de Francia. Una vez sometido al rey franc\u00e9s, el papado no tuvo la fuerza necesaria para recuperar su independencia pol\u00edtica. El fin de esta situaci\u00f3n, se puede explicar por las continuas victorias inglesas en la Guerra de los Cien A\u00f1os, que debilitaron tanto a Francia, que permitieron a los papas volver a Roma. Una vez sentido el alivio de la presi\u00f3n francesa, tambi\u00e9n fue crucial la insistente predicaci\u00f3n de <strong><em>santa Catalina de Siena<\/em><\/strong> que convenci\u00f3 al papa Gregorio XI para volver a Roma, quiz\u00e1 en contra de sus deseos.<!--more--><\/p>\n<p style=\"text-align: justify;\">No se debe confundir el per\u00edodo del papado de Avi\u00f1\u00f3n (1309-1377), con otro per\u00edodo de la historia de la Iglesia cat\u00f3lica, entre 1378 y 1417, conocido como el\u00a0<span style=\"color: #ff0000;\"><strong><em>Gran Cisma de Occidente<\/em><\/strong><\/span>, en el cual la Iglesia se encontr\u00f3 dividida bajo dos obediencias posibles y simult\u00e1neas, la del <strong><em>papa<\/em><\/strong> residente en Roma y la del <strong><em>antipapa<\/em><\/strong> residente en Avi\u00f1\u00f3n, y que en un momento determinado deriv\u00f3 en\u00a0 la coetaneidad \u00a0-coetareidad- de tres papas.<\/p>\n<p style=\"text-align: justify;\">A la muerte de Gregorio XI, diecis\u00e9is de los veintinueve cardenales existentes se reunieron el 7 de abril de 1378 en c\u00f3nclave en la ciudad de Roma, sin esperar la llegada de los cardenales que se encontraban en Avi\u00f1\u00f3n, para la elecci\u00f3n del sucesor.<\/p>\n<p style=\"text-align: justify;\">Los cardenales se encontraban divididos en tres facciones, cada una con un candidato: dos facciones francesas (lemosinos de Occitania y galicanos) que sumaban diez cardenales, y una italiana que contaba con cuatro. Los dos restantes cardenales, eran neutrales e independientes.<\/p>\n<p style=\"text-align: justify;\">Presionados por el pueblo romano, amotinado para conseguir un papa romano o al menos italiano, por el temor de que al elegir un extranjero se llevara de nuevo la sede papal fuera de Roma, y dado que los \u00fanicos romanos presentes no eran los m\u00e1s adecuados, uno por ser demasiado mayor y otro por demasiado joven, y agobiados por las manifestaciones populares en la plaza de San Pedro, los cardenales eligieron al napolitano Bartolomeo Prignano, arzobispo de Bari, que al no ser cardenal no se encontraba en el c\u00f3nclave, por lo que fue reclamada su presencia, manteni\u00e9ndose su elecci\u00f3n en secreto ya que era preciso su aceptaci\u00f3n previa al nombramiento. La revuelta del pueblo sigui\u00f3 viva, y los cardenales fueron forzados a permanecer en Roma, ya que el pueblo crey\u00f3 atisbar un enga\u00f1o en la elecci\u00f3n, hasta que Prignano lleg\u00f3 al c\u00f3nclave, acept\u00f3, y fue coronado papa con el nombre de <span style=\"color: #ff0000;\"><strong><em>URBANO VI.<\/em><\/strong><\/span><\/p>\n<p style=\"text-align: center;\"><img loading=\"lazy\" decoding=\"async\" class=\"alignnone wp-image-9714\" src=\"http:\/\/loscordonesquemeatocadadia.com\/es\/wp-content\/uploads\/2020\/08\/Urbanus_VI_tondo-1.jpeg\" alt=\"\" width=\"414\" height=\"414\" srcset=\"https:\/\/loscordonesquemeatocadadia.com\/es\/wp-content\/uploads\/2020\/08\/Urbanus_VI_tondo-1.jpeg 259w, https:\/\/loscordonesquemeatocadadia.com\/es\/wp-content\/uploads\/2020\/08\/Urbanus_VI_tondo-1-150x150.jpeg 150w\" sizes=\"auto, (max-width: 414px) 100vw, 414px\" \/><\/p>\n<p style=\"text-align: center;\"><em><strong>Urbano VI.<\/strong><\/em><\/p>\n<p style=\"text-align: justify;\">Bartolomeo Prignano de ni\u00f1o emigr\u00f3 con su familia del Lazio -Itri- a Avi\u00f1\u00f3n, volviendo a Italia en 1364, para ser consagrado obispo de Acerenza (N\u00e1poles) y en 1377 de Bari, siendo administrador de <strong><em>Gregorio XI<\/em><\/strong>,<\/p>\n<p style=\"text-align: justify;\">Todos los cardenales, incluidos los franceses de Avi\u00f1\u00f3n, fueron favorables a las primeras medidas de <span style=\"color: #ff0000;\"><strong><em>Urbano VI<\/em> <\/strong><\/span>para evitar abusos, reformar la Curia y favorecer la unidad en la Iglesia. Sin embargo, al poco tiempo fue criticado por los que fueron favorables a sus actuaciones, por soberbio, desconfiado y col\u00e9rico, y por realizar reproches a los cardenales en p\u00fablico, por su absentismo, vida de lujo y ausencia de castidad.<\/p>\n<p style=\"text-align: justify;\">La actitud del papa, junto al hecho de que hab\u00eda decidido su permanencia en Roma, hizo que, con la excusa del calor que sufr\u00edan en Roma, los cardenales, salvo los cuatro italianos, se reunieran en Anagni, donde, el 9 de agosto de 1978 publicaron una declaraci\u00f3n <strong><em>anulando la elecci\u00f3n<\/em><\/strong> de <strong><em>Urbano VI<\/em><\/strong>, aduciendo que era ilegal, al haberse efectuado por miedo a la violencia del populacho. Declararon vacante la silla de Pedro y convocaron un nuevo c\u00f3nclave.<\/p>\n<p style=\"text-align: justify;\">El 20 de septiembre de 1378, con la esperanza de que Urbano abdicara, todos los cardenales incluidos los italianos se reunieron en <strong><em>Fondi<\/em><\/strong>\u00a0 -N\u00e1poles- procediendo a una nueva elecci\u00f3n, con el apoyo del rey de Francia <strong><em>Carlos V el Sabio, <\/em><\/strong>siendo elegido el cardenal franc\u00e9s Roberto de Ginebra, que adopt\u00f3 el nombre de <span style=\"color: #ff0000;\"><strong><em>Clemente VII<\/em><\/strong><\/span>, que residir\u00eda en Avi\u00f1\u00f3n, comenzando as\u00ed el mencionado <span style=\"color: #ff0000;\"><strong><em>Gran Cisma de Occidente<\/em><\/strong><\/span> que durar\u00eda hasta 1417. La cristiandad se dividi\u00f3 en dos obediencias: Alemania, Italia y Flandes reconocieron al papa <strong><em>Urbano VI<\/em><\/strong>, y el resto de Europa manifestaron su obediencia al <strong><em><span style=\"color: #ff0000;\">antipapa<\/span> Clemente VII. <\/em><\/strong>Castilla, Arag\u00f3n y Navarra declararon una prudente espera.<\/p>\n<p style=\"text-align: center;\"><img loading=\"lazy\" decoding=\"async\" class=\"alignnone size-medium wp-image-9715\" src=\"http:\/\/loscordonesquemeatocadadia.com\/es\/wp-content\/uploads\/2020\/08\/VIIKelemen-Roberto-de-Ginebra-Clemente-VII-1-200x300.jpg\" alt=\"\" width=\"200\" height=\"300\" srcset=\"https:\/\/loscordonesquemeatocadadia.com\/es\/wp-content\/uploads\/2020\/08\/VIIKelemen-Roberto-de-Ginebra-Clemente-VII-1-200x300.jpg 200w, https:\/\/loscordonesquemeatocadadia.com\/es\/wp-content\/uploads\/2020\/08\/VIIKelemen-Roberto-de-Ginebra-Clemente-VII-1.jpg 225w\" sizes=\"auto, (max-width: 200px) 100vw, 200px\" \/><\/p>\n<p style=\"text-align: center;\"><em><strong>Clemente VII.<\/strong><\/em><\/p>\n<p style=\"text-align: justify;\"><strong><em>Urbano<\/em> <em>VI<\/em><\/strong> fue excomulgado por el <strong><em>antipapa<\/em><\/strong> franc\u00e9s <strong><em>Clemente VII<\/em><\/strong>, haciendo lo propio el latino con el franc\u00e9s. La opini\u00f3n eclesi\u00e1stica <strong><em>actual <\/em><\/strong>considera como papa electo conforme a derecho a <strong><em>Urbano VI,<\/em><\/strong>\u00a0 y que <em><span style=\"background-color: #ffffff;\">Clemente<\/span> VII<\/em> fue elegido de forma no can\u00f3nica, de ah\u00ed que en la historia se le conozca con el t\u00edtulo de <em>antipapa, <\/em>y que posteriormente subiera a la silla de san Pedro un papa que tom\u00f3 el nombre ya utilizado por el ilegal antipapa <em><strong>Clemente VII. <\/strong>El legal Clemente VII fue <i>hijo natural de Juliano de M\u00e9dici, nacido de madre sin marido, Fioretta, <\/i>hija de Antonio<\/em>, en el siglo XVI, con el n\u00famero 219 de orden en el papado.<\/p>\n<p style=\"text-align: justify;\">El problema se intent\u00f3 solucionar <em>inicialmente<\/em> <span style=\"background-color: #ffffff;\"><strong><em><span style=\"color: #ff0000;\">por la v\u00eda de la fuerza<\/span>. <\/em><\/strong>T<\/span>ras el c\u00f3nclave de <strong><em>Fondi<\/em><\/strong>, la reina Juana de N\u00e1poles se sum\u00f3 a la obediencia de los que reconoc\u00edan al antipapa\u00a0<em><strong>Clemente VII<\/strong><\/em>, actitud aprovechada por <strong><em>Luis I de Anjou<\/em><\/strong> -hijo de <strong><em>Juan II El Bueno<\/em><\/strong> de Francia y Bona de Luxemburgo, primer Valois de la rama angevina- que propuso al <strong><em>antipapa<\/em><\/strong>, atacar a <strong><em>Urbano VI <\/em><\/strong>utilizando como base N\u00e1poles, <strong><em>adoptando la reina Juana I a Luis I como hijo previamente, y reconociendo Clemente\u00a0 VII dicha adopci\u00f3n<\/em><\/strong>, para que Lu\u00eds I heredara el reino de N\u00e1poles al fallecimiento de Juana, que s\u00f3lo hab\u00eda tenido un hijo var\u00f3n, fallecido.<\/p>\n<p style=\"text-align: justify;\">Luis se har\u00eda con un ej\u00e9rcito, que desde N\u00e1poles comenzar\u00eda la guerra contra Urbano. En junio de 1380, <strong><em>Juana adopt\u00f3 a Luis I, nombr\u00e1ndole heredero<\/em><\/strong>, aunque la acci\u00f3n desde N\u00e1poles se detuvo por la muerte de Carlos V el Sabio de Francia. Mientras, <strong><em>Urbano VI<\/em><\/strong> declar\u00f3 hereje a la reina Juana I, la depuso y nombr\u00f3 rey de N\u00e1poles a <strong><em>Carlos III Durazzo<\/em><\/strong>, que en julio de 1381 entr\u00f3 en N\u00e1poles.<\/p>\n<p style=\"text-align: justify;\"><strong><em>Luis I de Anjou<\/em><\/strong> en 1382 atraves\u00f3 Italia con su ej\u00e9rcito, pero la muerte de Juana termin\u00f3 con sus anhelos por falta de fondos, siendo arrinconado en Tarento y m\u00e1s tarde en Bari, muriendo en septiembre de 1384. De este modo, la soluci\u00f3n por la fuerza entr\u00f3 en v\u00eda muerta.<\/p>\n<p style=\"text-align: justify;\">Simult\u00e1neamente a <span style=\"color: #ff0000;\"><strong><em>la<\/em><\/strong> <\/span><strong><em><span style=\"color: #ff0000;\">v\u00eda de la fuerza<\/span>,<\/em><\/strong> y tambi\u00e9n despu\u00e9s de fracasar, se intent\u00f3 resolver la situaci\u00f3n por<span style=\"color: #ff0000;\"> <strong><em>la\u00a0v\u00eda cessionis<\/em><\/strong><\/span>, que pretend\u00eda que uno de los dos papas, o los dos, abdicaran, v\u00eda que tampoco tuvo \u00e9xito.<\/p>\n<p style=\"text-align: justify;\">Despu\u00e9s se intent\u00f3 <span style=\"color: #ff0000;\"><strong><em>la<\/em>\u00a0<em>v\u00eda compromossionis<\/em><\/strong><\/span>, por la que se pudiera aceptar el arbitraje de terceros, acatando los dos la decisi\u00f3n de los \u00e1rbitros. Tambi\u00e9n fracas\u00f3.<\/p>\n<p style=\"text-align: justify;\">La siguiente v\u00eda de intento de soluci\u00f3n fue <span style=\"color: #000000;\"><strong><em>la<\/em><\/strong> <\/span><strong><em><span style=\"color: #000000;\">v\u00eda conciliar <\/span><span style=\"color: #ff0000;\">-via concilii-<\/span>,<\/em><\/strong> que consisti\u00f3 en la propuesta de celebraci\u00f3n de un concilio ecum\u00e9nico, cuyo juicio final deber\u00eda ser aceptado por el papa y el antipapa, teor\u00eda sustentada en la consideraci\u00f3n teol\u00f3gica de la superioridad de un concilio general sobre los criterios del papa.<\/p>\n<p style=\"text-align: justify;\">Sin haber tomado la decisi\u00f3n de la celebraci\u00f3n del concilio, en 1389, muri\u00f3 <strong><em>Urbano VI<\/em><\/strong>, lo que se present\u00f3 como posible soluci\u00f3n al problema, pero los cardenales fieles al papa fallecido, celebraron un c\u00f3nclave eligiendo papa a <strong><em>Piero Tomacelli<\/em><\/strong>, que fue entronizado con el nombre de <strong><em>Bonifacio IX.<\/em><\/strong><\/p>\n<p style=\"text-align: center;\"><em><strong><img loading=\"lazy\" decoding=\"async\" class=\"alignnone wp-image-9710\" src=\"http:\/\/loscordonesquemeatocadadia.com\/es\/wp-content\/uploads\/2020\/08\/IX.Bonifac.jpg\" alt=\"\" width=\"302\" height=\"412\" \/><\/strong><\/em><\/p>\n<p style=\"text-align: center;\"><em><strong>Bonifacio IX.<\/strong><\/em><\/p>\n<p style=\"text-align: justify;\">As\u00ed siguieron las cosas cinco a\u00f1os m\u00e1s, falleciendo <strong><em>Clemente VII <\/em><\/strong>el 16 de septiembre de 1394. Sus cardenales fieles, se reunieron en c\u00f3nclave en Avi\u00f1\u00f3n, eligiendo papa a <strong><em>Pedro de Luna<\/em><\/strong>, coronado con el nombre de<strong> <em>Benedicto XIII, que ser\u00eda antipapa tambi\u00e9n<\/em>. <\/strong>El cisma se prolong\u00f3 sin se\u00f1ales de soluci\u00f3n, sucediendo a <strong><em>Bonifacio IX<\/em><\/strong>, primero<strong><em> Inocencio VII <\/em><\/strong>(1404-1406) y luego\u00a0<em><strong>Gregorio XII<\/strong><\/em> (1406-1415).<\/p>\n<p><img loading=\"lazy\" decoding=\"async\" class=\" wp-image-9720 aligncenter\" src=\"http:\/\/loscordonesquemeatocadadia.com\/es\/wp-content\/uploads\/2020\/08\/368px-Benedetto_XIII-240x300.jpg\" alt=\"\" width=\"573\" height=\"716\" srcset=\"https:\/\/loscordonesquemeatocadadia.com\/es\/wp-content\/uploads\/2020\/08\/368px-Benedetto_XIII-240x300.jpg 240w, https:\/\/loscordonesquemeatocadadia.com\/es\/wp-content\/uploads\/2020\/08\/368px-Benedetto_XIII.jpg 368w\" sizes=\"auto, (max-width: 573px) 100vw, 573px\" \/><\/p>\n<p style=\"text-align: center;\"><em><strong>Benedicto XIII.. El antipapa Luna.<\/strong><\/em><\/p>\n<p style=\"text-align: center;\"><img loading=\"lazy\" decoding=\"async\" class=\"alignnone wp-image-9726\" src=\"http:\/\/loscordonesquemeatocadadia.com\/es\/wp-content\/uploads\/2020\/08\/Innocent_VII-1.jpg\" alt=\"\" width=\"438\" height=\"438\" srcset=\"https:\/\/loscordonesquemeatocadadia.com\/es\/wp-content\/uploads\/2020\/08\/Innocent_VII-1.jpg 230w, https:\/\/loscordonesquemeatocadadia.com\/es\/wp-content\/uploads\/2020\/08\/Innocent_VII-1-150x150.jpg 150w\" sizes=\"auto, (max-width: 438px) 100vw, 438px\" \/><\/p>\n<p style=\"text-align: center;\"><em><strong>Inocencio VII.<\/strong><\/em><\/p>\n<p style=\"text-align: center;\"><img loading=\"lazy\" decoding=\"async\" class=\"alignnone wp-image-9725\" src=\"http:\/\/loscordonesquemeatocadadia.com\/es\/wp-content\/uploads\/2020\/08\/Gregory_XII.jpg\" alt=\"\" width=\"460\" height=\"460\" srcset=\"https:\/\/loscordonesquemeatocadadia.com\/es\/wp-content\/uploads\/2020\/08\/Gregory_XII.jpg 227w, https:\/\/loscordonesquemeatocadadia.com\/es\/wp-content\/uploads\/2020\/08\/Gregory_XII-150x150.jpg 150w\" sizes=\"auto, (max-width: 460px) 100vw, 460px\" \/><\/p>\n<p style=\"text-align: center;\"><strong><em>Gregorio XII.<\/em><\/strong><\/p>\n<p style=\"text-align: justify;\">El <strong><em>antipapa<\/em><\/strong> avi\u00f1on\u00e9s <strong><em>Benedicto XIII,<\/em><\/strong> mucho menos manejable que su antecesor, aconsej\u00f3 al rey franc\u00e9s cambiar su posici\u00f3n, hasta entonces inamovible, inclin\u00e1ndose por lograr una soluci\u00f3n lo antes posible.<\/p>\n<p style=\"text-align: justify;\">En 1407 se estuvo a punto de lograr resolver problema, al acordar <strong><em>Gregorio XII<\/em> <\/strong>y <strong><em>Benedicto XIII<\/em><\/strong>, encontrarse en Savona, para utilizar <strong><em>la v\u00eda cessioni<\/em><\/strong> de la abdicaci\u00f3n de ambos. En el \u00faltimo momento declinaron esta posibilidad, quedando como \u00fanica v\u00eda de soluci\u00f3n el concilio ecum\u00e9nico.<\/p>\n<p style=\"text-align: justify;\">Los cardenales disidentes, las ciudades del norte de Italia, el rey franc\u00e9s <strong><em>Carlos VI el Loco o el Bienamado, <\/em><\/strong>los alemanes, los ingleses\u00a0 y la Universidad de Par\u00eds llegaron a un acuerdo para convocar un Concilio en <em><strong>PISA<\/strong><\/em>. El concilio comenz\u00f3 el 25 de marzo de 1409<strong>, <\/strong>siendo invitados el papa y el antipapa, que no se presentaron,\u00a0 en calidad de acusados, siendo depuestos ambos el 5 de junio por herejes y cism\u00e1ticos. Los 24 cardenales presentes se reunieron en c\u00f3nclave inmediatamente para elegir un nuevo papa \u00fanico, recayendo la elecci\u00f3n en <strong><em>Pedro Philarg\u00e9s<\/em><\/strong>, franciscano gran humanista, profesor de Oxford y de la universidad \u00a0de Par\u00eds, quien tom\u00f3 el nombre de<strong>\u00a0 <em>Alejandro V.<\/em><\/strong><\/p>\n<p style=\"text-align: center;\"><em><strong><img loading=\"lazy\" decoding=\"async\" class=\"alignnone wp-image-9724\" src=\"http:\/\/loscordonesquemeatocadadia.com\/es\/wp-content\/uploads\/2020\/08\/Antipope_Alexander_V_1409-1410-201x300.jpg\" alt=\"\" width=\"275\" height=\"408\" \/><\/strong><\/em><\/p>\n<p style=\"text-align: center;\"><em><strong>Alejandro V.<\/strong><\/em><\/p>\n<p style=\"text-align: justify;\">A pesar de la gran cantidad de obispos que hab\u00edan acudido a Pisa y de que al papa elegido en el c\u00f3nclave, se hab\u00edan sometido todos ellos en obediencia, para la mayor\u00eda de los reinos cristianos, la legitimidad de la convocatoria del concilio era dudosa. De hecho, no todos los cardenales y te\u00f3logos estaban convencidos de que la autoridad de un concilio pudiese deponer a un papa. <strong>El concilio en vez de ser la soluci\u00f3n, empeor\u00f3 todo, pues se pas\u00f3 de una\u00a0<em> bicefalia<\/em> a una\u00a0<em> tricefalia.<\/em><\/strong><\/p>\n<p style=\"text-align: justify;\"><strong><em>Alejandro V<\/em><\/strong> solo dur\u00f3 un a\u00f1o en el cargo, puesto que muri\u00f3 en Bolonia al a\u00f1o siguiente de su elecci\u00f3n. Su sucesor, Baldassare Cossa, ser\u00eda elegido por los cardenales pisanos el 17 de mayo de 1410, tomando el nombre de <strong><em>Juan XXIII<\/em><\/strong>. As\u00ed pues segu\u00eda habiendo tres papas: <strong><em>Juan XXIII nombrado sucesor de Alejandro V<\/em><\/strong> elegido en Pisa, el elegido por Roma <strong><em>Gregorio XII\u00a0<\/em><\/strong> y el avi\u00f1on\u00e9s <strong><em>Benedicto XIII.<\/em><\/strong><\/p>\n<p style=\"text-align: center;\"><img loading=\"lazy\" decoding=\"async\" class=\"alignnone wp-image-9728\" src=\"http:\/\/loscordonesquemeatocadadia.com\/es\/wp-content\/uploads\/2020\/08\/Johannes_XXIII_Gegenpapst-1-262x300.jpg\" alt=\"\" width=\"426\" height=\"488\" srcset=\"https:\/\/loscordonesquemeatocadadia.com\/es\/wp-content\/uploads\/2020\/08\/Johannes_XXIII_Gegenpapst-1-262x300.jpg 262w, https:\/\/loscordonesquemeatocadadia.com\/es\/wp-content\/uploads\/2020\/08\/Johannes_XXIII_Gegenpapst-1.jpg 368w\" sizes=\"auto, (max-width: 426px) 100vw, 426px\" \/><\/p>\n<p style=\"text-align: center;\"><em><strong>Juan XXIII.<\/strong><\/em><\/p>\n<p style=\"text-align: justify;\">Roma fue tomada por las tropas de <strong><em>Juan XXIII<\/em><\/strong>, debiendo huir\u00a0 <strong><em>Gregorio XII<\/em><\/strong>\u00a0 a Gaeta y Rimini. El avi\u00f1on\u00e9s <strong><em>Benedicto XIII<\/em><\/strong>, fue reconocido como papa verdadero por Arag\u00f3n, Navarra, Castilla y Escocia, retir\u00e1ndose a Barcelona y despu\u00e9s, a\u00a0 Pe\u00f1\u00edscola.<\/p>\n<p style=\"text-align: justify;\">Ante esta situaci\u00f3n, s\u00f3lo el emperador del Sacro Imperio <strong><em>Segismundo de Luxemburgo<\/em><\/strong> era considerado capaz de convocar un concilio ecum\u00e9nico, en el que las resoluciones resultantes fueran aceptadas por todos.<\/p>\n<p style=\"text-align: justify;\"><strong><em>Segismundo<\/em><\/strong> convoc\u00f3 en octubre de 1413 un concilio en la ciudad imperial de <strong><em>Constanza<\/em><\/strong>, confirmando <strong><em>Juan XXIII<\/em><\/strong> la convocatoria, pensando que saldr\u00eda beneficiado, por ser el emperador partidario suyo.<\/p>\n<p style=\"text-align: justify;\"><strong><em>El concilio de Constanza<\/em><\/strong> comenz\u00f3 el 5 de noviembre de 1414<strong><em>. Juan XXIII<\/em><\/strong>, el \u00fanico de los tres papas que acudi\u00f3, se enemist\u00f3 con Segismundo y en vez de abdicar, huy\u00f3 de noche disfrazado. <strong><em>Fue destituido, arrestado y hecho prisionero el\u00a0 29 de mayo de 1415<\/em><\/strong><strong>.<\/strong> <strong><em>Gregorio XII<\/em><\/strong> envi\u00f3 a Constanza un documento con un decreto por el que convocaba el concilio de Constanza, <span style=\"color: #ff0000;\"><em><strong>renunciando<\/strong><\/em><\/span> al pontificado.<\/p>\n<p style=\"text-align: justify;\">As\u00ed quedaba s\u00f3lo <strong><em>coronado el antipapa Benedicto XIII<\/em><\/strong> -el papa Luna- que primero se entrevist\u00f3 con el emperador en Perpi\u00f1\u00e1n sin resultado favorable alguno, siendo invitado posteriormente por Fernando de Antequera &#8211;<strong><em>Fernando I de Arag\u00f3n-<\/em><\/strong> a Morella, en donde, y con la asistencia de fray Vicente Ferrer, fue invitado a abdicar para resolver el problema. La negociaci\u00f3n fracas\u00f3 y Benedicto XIII volvi\u00f3 a Pe\u00f1\u00edscola, al castillo que hab\u00eda pertenecido a los templarios, no renunciando NUNCA al papado hasta su muerte el 23 de Mayo de 1423.<\/p>\n<p style=\"text-align: justify;\">La actitud de <strong><em>Benedicto XIII<\/em><\/strong> determin\u00f3 a Castilla, Navarra y Arag\u00f3n a abandonarle, compareciendo ante el concilio junto a las autoridades italianas, francesas, imperiales e inglesas. <strong><em>Benedicto XIII<\/em><\/strong>\u00a0 fue depuesto por el Concilio el 26 de julio de 1417, condenado por cism\u00e1tico y hereje.<\/p>\n<p style=\"text-align: justify;\">El 6 de abril de 1415 se proclam\u00f3 -dentro del concilio- \u00a0la superioridad de los concilios sobre el papa y que la autoridad de la Iglesia no reposaba ni sobre el papa ni sobre los cardenales, sino sobre la <span style=\"color: #ff0000;\"><strong><em>agregatio fidelium<\/em><\/strong><\/span>, cuya expresi\u00f3n la constitu\u00edan las naciones.<\/p>\n<p style=\"text-align: justify;\">Para la elecci\u00f3n del nuevo papa, se decidi\u00f3 agregar a los 23 cardenales, a otros 30 prelados -seis por naci\u00f3n-. <strong>Ot\u00f3n Colonna<\/strong> fue elegido el 11 de noviembre de 1417, tomando el nombre de <span style=\"color: #ff0000;\"><strong><em>Mart\u00edn V.<\/em><\/strong><\/span><\/p>\n<p style=\"text-align: center;\"><img loading=\"lazy\" decoding=\"async\" class=\"alignnone wp-image-9722\" src=\"http:\/\/loscordonesquemeatocadadia.com\/es\/wp-content\/uploads\/2020\/08\/800px-Papa_Martino_V-243x300.jpg\" alt=\"\" width=\"428\" height=\"528\" srcset=\"https:\/\/loscordonesquemeatocadadia.com\/es\/wp-content\/uploads\/2020\/08\/800px-Papa_Martino_V-243x300.jpg 243w, https:\/\/loscordonesquemeatocadadia.com\/es\/wp-content\/uploads\/2020\/08\/800px-Papa_Martino_V-768x949.jpg 768w, https:\/\/loscordonesquemeatocadadia.com\/es\/wp-content\/uploads\/2020\/08\/800px-Papa_Martino_V.jpg 800w\" sizes=\"auto, (max-width: 428px) 100vw, 428px\" \/><\/p>\n<p style=\"text-align: center;\"><em><strong>Mart\u00edn V.<\/strong><\/em><\/p>\n<p style=\"text-align: justify;\">A\u00fan trajo algo de cola la rama de <strong><em>Benedicto XIII<\/em><\/strong>, que no quiso ceder en su postura hasta su muerte en 1423, a los 96 a\u00f1os, tras la cual, sus cardenales eligieron a su sucesor, Gil S\u00e1nchez Mu\u00f1oz, que tom\u00f3 el nombre de\u00a0<em><strong>Clemente VIII,, <\/strong><\/em>\u00faltimo papa de la obediencia de Avi\u00f1\u00f3n, en Pe\u00f1\u00edscola, lugar donde residi\u00f3 hasta su abdicaci\u00f3n en 1429, por las presiones pol\u00edticas del rey de Arag\u00f3n <strong><em>Alfonso V el Magn\u00e1nimo.<\/em><\/strong><\/p>\n<p>De este modo y tras grandes trasteos, la Iglesia cat\u00f3lica volvi\u00f3 a tener una \u00fanica cabeza.<\/p>\n<p style=\"text-align: center;\"><strong><img loading=\"lazy\" decoding=\"async\" class=\"alignnone wp-image-9719\" src=\"http:\/\/loscordonesquemeatocadadia.com\/es\/wp-content\/uploads\/2020\/08\/368px-Alfonso-V-el-Magnanimo-240x300.jpg\" alt=\"\" width=\"332\" height=\"415\" srcset=\"https:\/\/loscordonesquemeatocadadia.com\/es\/wp-content\/uploads\/2020\/08\/368px-Alfonso-V-el-Magnanimo-240x300.jpg 240w, https:\/\/loscordonesquemeatocadadia.com\/es\/wp-content\/uploads\/2020\/08\/368px-Alfonso-V-el-Magnanimo.jpg 368w\" sizes=\"auto, (max-width: 332px) 100vw, 332px\" \/><\/strong><\/p>\n<p style=\"text-align: center;\"><em><strong>Alfonso V el Magn\u00e1nimo de Arag\u00f3n.<\/strong><\/em><\/p>\n","protected":false},"excerpt":{"rendered":"<p>La presi\u00f3n que pudo ejercer la corona de Francia sobre el papado puede explicarse por el poder\u00edo pol\u00edtico y b\u00e9lico de Francia a principios del siglo XIV, y algo m\u00e1s tarde, tambi\u00e9n econ\u00f3mico, que permiti\u00f3 a Felipe IV el Hermoso invertir su tiempo y recursos en convertir al papado en un vasallo de Francia. Una [&hellip;]<\/p>\n","protected":false},"author":2,"featured_media":9731,"comment_status":"open","ping_status":"closed","sticky":false,"template":"","format":"standard","meta":{"_mo_disable_npp":"","om_disable_all_campaigns":false,"_monsterinsights_skip_tracking":false,"_monsterinsights_sitenote_active":false,"_monsterinsights_sitenote_note":"","_monsterinsights_sitenote_category":0,"_uf_show_specific_survey":0,"_uf_disable_surveys":false,"footnotes":""},"categories":[22,1332],"tags":[1590,1593,1585,1584,1583,1580,1594,1589,1588,1578,1575,1587,1586,1591,1581,1577,1582,1576,1592,1579],"class_list":["post-9690","post","type-post","status-publish","format-standard","has-post-thumbnail","hentry","category-historia","category-religion","tag-alejandro-v","tag-alfonso-v-el-magnanimo","tag-benedicto-xiii","tag-bonifacio-ix","tag-carlos-iii-durazzo-de-napoles","tag-clemente-vii","tag-clemente-viii","tag-concilio-de-constanza","tag-concilio-de-pisa","tag-galicanos","tag-gregorio-xi","tag-gregorio-xii","tag-inocencio-vii","tag-juan-xxiii","tag-juana-de-napoles","tag-lemosinos","tag-luis-i-de-anjou","tag-santa-catalina-de-siena","tag-segismundo-de-luxemburgo","tag-urbano-vi"],"aioseo_notices":[],"post_mailing_queue_ids":[],"_links":{"self":[{"href":"https:\/\/loscordonesquemeatocadadia.com\/es\/wp-json\/wp\/v2\/posts\/9690","targetHints":{"allow":["GET"]}}],"collection":[{"href":"https:\/\/loscordonesquemeatocadadia.com\/es\/wp-json\/wp\/v2\/posts"}],"about":[{"href":"https:\/\/loscordonesquemeatocadadia.com\/es\/wp-json\/wp\/v2\/types\/post"}],"author":[{"embeddable":true,"href":"https:\/\/loscordonesquemeatocadadia.com\/es\/wp-json\/wp\/v2\/users\/2"}],"replies":[{"embeddable":true,"href":"https:\/\/loscordonesquemeatocadadia.com\/es\/wp-json\/wp\/v2\/comments?post=9690"}],"version-history":[{"count":10,"href":"https:\/\/loscordonesquemeatocadadia.com\/es\/wp-json\/wp\/v2\/posts\/9690\/revisions"}],"predecessor-version":[{"id":12692,"href":"https:\/\/loscordonesquemeatocadadia.com\/es\/wp-json\/wp\/v2\/posts\/9690\/revisions\/12692"}],"wp:featuredmedia":[{"embeddable":true,"href":"https:\/\/loscordonesquemeatocadadia.com\/es\/wp-json\/wp\/v2\/media\/9731"}],"wp:attachment":[{"href":"https:\/\/loscordonesquemeatocadadia.com\/es\/wp-json\/wp\/v2\/media?parent=9690"}],"wp:term":[{"taxonomy":"category","embeddable":true,"href":"https:\/\/loscordonesquemeatocadadia.com\/es\/wp-json\/wp\/v2\/categories?post=9690"},{"taxonomy":"post_tag","embeddable":true,"href":"https:\/\/loscordonesquemeatocadadia.com\/es\/wp-json\/wp\/v2\/tags?post=9690"}],"curies":[{"name":"wp","href":"https:\/\/api.w.org\/{rel}","templated":true}]}}