{"id":1486,"count":1,"description":"","link":"https:\/\/loscordonesquemeatocadadia.com\/es\/tag\/federacion-de-trabajadores-de-la-region-espanola\/","name":"Federaci\u00f3n de Trabajadores de la Regi\u00f3n Espa\u00f1ola","slug":"federacion-de-trabajadores-de-la-region-espanola","taxonomy":"post_tag","meta":[],"_links":{"self":[{"href":"https:\/\/loscordonesquemeatocadadia.com\/es\/wp-json\/wp\/v2\/tags\/1486","targetHints":{"allow":["GET"]}}],"collection":[{"href":"https:\/\/loscordonesquemeatocadadia.com\/es\/wp-json\/wp\/v2\/tags"}],"about":[{"href":"https:\/\/loscordonesquemeatocadadia.com\/es\/wp-json\/wp\/v2\/taxonomies\/post_tag"}],"wp:post_type":[{"href":"https:\/\/loscordonesquemeatocadadia.com\/es\/wp-json\/wp\/v2\/posts?tags=1486"}],"curies":[{"name":"wp","href":"https:\/\/api.w.org\/{rel}","templated":true}]}}